{"id":1023,"date":"2021-03-07T07:50:25","date_gmt":"2021-03-07T07:50:25","guid":{"rendered":"https:\/\/mareapensionista.org\/2021\/03\/07\/el-juicio-por-la-huelga-general-del-8n-se-celebrara-el-28-de-febrero\/"},"modified":"2022-04-30T07:57:41","modified_gmt":"2022-04-30T07:57:41","slug":"el-juicio-por-la-huelga-general-del-8n-se-celebrara-el-28-de-febrero","status":"publish","type":"post","link":"http:\/\/mareapensionista.org\/ca\/2021\/03\/07\/el-juicio-por-la-huelga-general-del-8n-se-celebrara-el-28-de-febrero\/","title":{"rendered":"EL JUICIO POR LA HUELGA GENERAL DEL 8N SE CELEBRAR\u00c1 EL 28 DE FEBRERO"},"content":{"rendered":"<p><strong>EL JUICIO POR LA HUELGA GENERAL DEL 8N SE CELEBRAR\u00c1 EL 28 DE FEBRERO<\/strong><\/p>\n<p>EFE \u2013 Barcelona<\/p>\n<p>El juicio por la demanda presentada por Foment del Treball contra\u00a0la Intersindical-CSC\u00a0por la huelga general convocada el pasado 8N, y que la patronal considera que ten\u00eda una motivaci\u00f3n pol\u00edtica, se celebrar\u00e1 el pr\u00f3ximo 28 de febrero ante el Tribunal Superior de Justicia de Catalu\u00f1a (TSJC).<\/p>\n<p>El director de relaciones laborales de la patronal catalana, Javier Ibars, ha explicado que la demanda solicita al tribunal que dicte la ilegalidad de aquel paro y reclama que el sindicato recompense a las empresas por da\u00f1os y perjuicios.<\/p>\n<p>La demanda se basa en tres argumentos: la huelga tuvo una motivaci\u00f3n pol\u00edtica y no econ\u00f3mica, se produjeron defectos formales por no haberse notificado la convocatoria con los diez d\u00edas de antelaci\u00f3n que prev\u00e9 la ley y la falta de legitimidad de la Intersindical, por considerar que no tiene suficiente representatividad e implantaci\u00f3n.<\/p>\n<p>\u201cEsperamos que el tribunal nos d\u00e9 la raz\u00f3n\u201d, ha asegurado Ibars, que ha se\u00f1alado: \u201cno nos ha quedado m\u00e1s remedio que presentar la demanda para defender los intereses empresariales\u201d.<\/p>\n<p>La Intersindical-CSC, que cuenta con una representaci\u00f3n muy minoritaria de los trabajadores de Catalu\u00f1a, convoc\u00f3 el paro para reclamar la libertad de los exconsellers y los l\u00edderes de las entidades soberanistas encarcelados.<\/p>\n<p>El TSJC desestim\u00f3 un d\u00eda antes de celebrarse el paro la medida cautelar de suspensi\u00f3n de la convocatoria de huelga general que hab\u00eda solicitado Foment del Treball al considerar que estaba en cuesti\u00f3n un derecho fundamental como es el de la huelga.<\/p>","protected":false},"excerpt":{"rendered":"<p>EL JUICIO POR LA HUELGA GENERAL DEL 8N SE CELEBRAR\u00c1 EL 28 DE FEBRERO EFE \u2013 Barcelona El juicio por la demanda presentada por Foment del Treball contra\u00a0la Intersindical-CSC\u00a0por la huelga general convocada el pasado 8N, y que la patronal considera que ten\u00eda una motivaci\u00f3n pol\u00edtica, se celebrar\u00e1 el pr\u00f3ximo 28 de febrero ante el&hellip;&nbsp;<a href=\"http:\/\/mareapensionista.org\/ca\/2021\/03\/07\/el-juicio-por-la-huelga-general-del-8n-se-celebrara-el-28-de-febrero\/\" class=\"\" rel=\"bookmark\">Read More &raquo;<span class=\"screen-reader-text\">EL JUICIO POR LA HUELGA GENERAL DEL 8N SE CELEBRAR\u00c1 EL 28 DE FEBRERO<\/span><\/a><\/p>","protected":false},"author":3,"featured_media":0,"comment_status":"open","ping_status":"open","sticky":false,"template":"","format":"standard","meta":{"neve_meta_sidebar":"","neve_meta_container":"","neve_meta_enable_content_width":"","neve_meta_content_width":0,"neve_meta_title_alignment":"","neve_meta_author_avatar":"","neve_post_elements_order":"","neve_meta_disable_header":"","neve_meta_disable_footer":"","neve_meta_disable_title":"","_ti_tpc_template_sync":false,"_ti_tpc_template_id":"","footnotes":""},"categories":[1],"tags":[],"class_list":["post-1023","post","type-post","status-publish","format-standard","hentry","category-sin-categoria"],"_links":{"self":[{"href":"http:\/\/mareapensionista.org\/ca\/wp-json\/wp\/v2\/posts\/1023","targetHints":{"allow":["GET"]}}],"collection":[{"href":"http:\/\/mareapensionista.org\/ca\/wp-json\/wp\/v2\/posts"}],"about":[{"href":"http:\/\/mareapensionista.org\/ca\/wp-json\/wp\/v2\/types\/post"}],"author":[{"embeddable":true,"href":"http:\/\/mareapensionista.org\/ca\/wp-json\/wp\/v2\/users\/3"}],"replies":[{"embeddable":true,"href":"http:\/\/mareapensionista.org\/ca\/wp-json\/wp\/v2\/comments?post=1023"}],"version-history":[{"count":1,"href":"http:\/\/mareapensionista.org\/ca\/wp-json\/wp\/v2\/posts\/1023\/revisions"}],"predecessor-version":[{"id":3472,"href":"http:\/\/mareapensionista.org\/ca\/wp-json\/wp\/v2\/posts\/1023\/revisions\/3472"}],"wp:attachment":[{"href":"http:\/\/mareapensionista.org\/ca\/wp-json\/wp\/v2\/media?parent=1023"}],"wp:term":[{"taxonomy":"category","embeddable":true,"href":"http:\/\/mareapensionista.org\/ca\/wp-json\/wp\/v2\/categories?post=1023"},{"taxonomy":"post_tag","embeddable":true,"href":"http:\/\/mareapensionista.org\/ca\/wp-json\/wp\/v2\/tags?post=1023"}],"curies":[{"name":"wp","href":"https:\/\/api.w.org\/{rel}","templated":true}]}}