{"id":1222,"date":"2021-03-07T07:50:41","date_gmt":"2021-03-07T07:50:41","guid":{"rendered":"https:\/\/mareapensionista.org\/2021\/03\/07\/gracias-a-estas-personas-y-organizaciones-kaosenlared-seguira-siendo-tu-barricada-informativa-ni-un-paso-atras\/"},"modified":"2022-04-30T07:55:24","modified_gmt":"2022-04-30T07:55:24","slug":"gracias-a-estas-personas-y-organizaciones-kaosenlared-seguira-siendo-tu-barricada-informativa-ni-un-paso-atras","status":"publish","type":"post","link":"http:\/\/mareapensionista.org\/ca\/2021\/03\/07\/gracias-a-estas-personas-y-organizaciones-kaosenlared-seguira-siendo-tu-barricada-informativa-ni-un-paso-atras\/","title":{"rendered":"Gracias a estas personas y organizaciones Kaosenlared seguir\u00e1 siendo tu barricada informativa\u2026 \u00a1Ni un paso atr\u00e1s!"},"content":{"rendered":"<h1 class=\"posttitle\">Gracias a estas personas y organizaciones Kaosenlared seguir\u00e1 siendo tu barricada informativa\u2026 \u00a1Ni un paso atr\u00e1s!<\/h1>\n<p><i>Por\u00a0<\/i>Colectivo Kaosenlared<\/p>\n<p><center><ins class=\"adsbygoogle\" data-ad-client=\"ca-pub-9881559329500520\" data-ad-slot=\"4846811633\" data-ad-format=\"auto\" data-adsbygoogle-status=\"done\"><ins id=\"aswift_1_expand\"><ins id=\"aswift_1_anchor\"><\/ins><\/ins><\/ins><\/center><\/p>\n<div class=\"entry\">\n<p>Nuestra gratitud, nuestro reconocimiento por vuestro apoyo. Hab\u00e9is dado la posibilidad de que este medio de contrainformaci\u00f3n pueda seguir existiendo. SEGUIMOS!<\/p>\n<div><a title=\"Gracias a estas personas y organizaciones Kaosenlared seguir\u00e1 siendo tu barricada informativa\u2026 \u00a1Ni un paso atr\u00e1s!\" href=\"http:\/\/kaosenlared.net\/wp-content\/uploads\/2018\/06\/kaos-crowf-apaisado.jpg\"><img loading=\"lazy\" decoding=\"async\" class=\"attachment-medium size-medium wp-post-image\" src=\"http:\/\/kaosenlared.net\/wp-content\/uploads\/2018\/06\/kaos-crowf-apaisado-300x212.jpg\" sizes=\"auto, (max-width: 300px) 100vw, 300px\" srcset=\"http:\/\/kaosenlared.net\/wp-content\/uploads\/2018\/06\/kaos-crowf-apaisado-300x212.jpg 300w, http:\/\/kaosenlared.net\/wp-content\/uploads\/2018\/06\/kaos-crowf-apaisado-560x396.jpg 560w, http:\/\/kaosenlared.net\/wp-content\/uploads\/2018\/06\/kaos-crowf-apaisado.jpg 600w\" alt=\"\" width=\"300\" height=\"212\" \/><\/a><\/div>\n<p><strong>Se ha conseguido. Lo hab\u00e9is conseguido. Lo hemos conseguido. Todas frases que\u00a0representan\u00a0nuestra profunda\u00a0satisfacci\u00f3n y gratitud por todo vuestro esfuerzo y compromiso. Logramos alcanzar el m\u00ednimo del financiamiento y hasta un poquito\u00a0m\u00e1s!!<\/strong><\/p>\n<p><img loading=\"lazy\" decoding=\"async\" class=\"alignnone wp-image-240012\" src=\"http:\/\/kaosenlared.net\/wp-content\/uploads\/2018\/06\/00-26.jpg\" sizes=\"auto, (max-width: 497px) 100vw, 497px\" srcset=\"http:\/\/kaosenlared.net\/wp-content\/uploads\/2018\/06\/00-26.jpg 700w, http:\/\/kaosenlared.net\/wp-content\/uploads\/2018\/06\/00-26-300x169.jpg 300w, http:\/\/kaosenlared.net\/wp-content\/uploads\/2018\/06\/00-26-384x217.jpg 384w, http:\/\/kaosenlared.net\/wp-content\/uploads\/2018\/06\/00-26-560x315.jpg 560w\" alt=\"\" width=\"497\" height=\"280\" \/><\/p>\n<div><\/div>\n<div>Gracias\u2026 la palabra que surge una y otra vez es\u00a0<strong>gracias<\/strong>.<\/div>\n<div>Y una certeza: Que esta comunicaci\u00f3n establecida con vosotros y vosotras hace ya 17 a\u00f1os, es cada d\u00eda m\u00e1s s\u00f3lida. Una comunicaci\u00f3n basada en la confianza, el compromiso y en la lucha.<\/div>\n<div>Encontrar\u00e9is a seguir el nombre de las personas y organizaciones que hab\u00e9is colaborado para que Kaosenlared pueda seguir existiendo. Gracias a todas las personas que han ayudado a organizar el Crowdfunding, a nuestros\/as talentosos y l\u00facidos\/as vi\u00f1etistas -Jorge Alaminos, Pacogarabato, I\u00f1aki y Frenchy, Mar\u00eda Centeno, Kalvellido- que han aportado su arte con sus im\u00e1genes para la Campa\u00f1a y el Calendario Digital, al compa\u00f1ero Carlos xpresando (@xpresando_),\u00a0un compa\u00f1ero artista que ha colaborado con mucho compromiso\u00a0 para dise\u00f1ar el calendario impreso, a Traficantes de Sue\u00f1os, a Kamilosetas, a la compa\u00f1era que ha dise\u00f1ado el calendario digital\u2026 a tantas personas queridas, allegadas y unidas en la firme determinaci\u00f3n de que Kaosenlared siguiera existiendo.<\/div>\n<div><strong>Tambi\u00e9n agradecemos a las decenas y decenas de personas y organizaciones que realizaron su aportaci\u00f3n pero han optado por permanecer an\u00f3nimas y por lo tanto no encontrar\u00e9is sus nombres en esta lista.<\/strong><\/div>\n<div><\/div>\n<div>Si consta a seguir tu nombre y deseabas permanecer an\u00f3nimo\/a o si no encontr\u00e1is menci\u00f3n a tu aportaci\u00f3n por alg\u00fan error, nos lo puedes comunicar al correo kaosenlared@gmail.com y lo solucionaremos de inmediato.<\/div>\n<div>Un fuerte abrazo, enorme abrazo<\/div>\n<div>Seguimos, ni un paso atr\u00e1s!!<\/div>\n<div>\n<p><strong>Colectivo Kaosenlared<\/strong><\/p>\n<hr \/>\n<\/div>\n<div><strong>Podemos seguir existiendo tambi\u00e9n gracias a:<\/strong><\/div>\n<div><\/div>\n<div>\n<p>Amelia Carbajo<\/p>\n<p>Carlos Garcia<\/p>\n<p>personas\u2260DERECHOS=<\/p>\n<p>Antonio Jos\u00e9 Cort\u00e9s Moreno<\/p>\n<p>Norman Fernandez<\/p>\n<p>Albert<\/p>\n<p>MariaC Pazos Pe\u00f3n<\/p>\n<p>Manuel Torcida<\/p>\n<p>Marian<\/p>\n<p>Daniel Rodr\u00edguez<\/p>\n<p>Jaume Cantero<\/p>\n<p>Jose Antonio Ruiz<\/p>\n<p>Paco Puertes<\/p>\n<p>co.bas<\/p>\n<p>Aitor<\/p>\n<p>Javier Arg\u00fcello L\u00f3pez<\/p>\n<p>CARLOS JAVIER<\/p>\n<p>Francisco Jos\u00e9 S\u00e1nchez Santamar\u00eda<\/p>\n<p>Celia Royo Gimeno<\/p>\n<p>David Mart\u00ednez<\/p>\n<p>Tristano<\/p>\n<p>Giorgio Trucchi<\/p>\n<p>CGT Ponent<\/p>\n<p>ciclonio<\/p>\n<p>Ana Digon<\/p>\n<p>Alex<\/p>\n<p>Semando Escontra la Represi\u00f3n<\/p>\n<p>zohar995<\/p>\n<p>Anton Uro<\/p>\n<p>Orratz gorria<\/p>\n<p>Ultima Trasmissione<\/p>\n<p>Jos\u00e9 Valenzuela P\u00e9rez<\/p>\n<p>C.G.T. ZonaSur<\/p>\n<p>Marc Vergara<\/p>\n<p>Francisco Garrido Fernandez<\/p>\n<p>rubenduruelo<\/p>\n<p>Anti Represi\u00f3n Regi\u00f3n de Murcia<\/p>\n<p>Leo<\/p>\n<p>David Koi<\/p>\n<p>Laia Vila<\/p>\n<p>Anti Represi\u00f3n Regi\u00f3n de Murcia<\/p>\n<p>Miguel Rodr\u00edguez<\/p>\n<p>Ali<\/p>\n<p>I\u00f1aki<\/p>\n<p>santiago grima<\/p>\n<p>Jonathan Ballester Cofrades<\/p>\n<p>Oscar Pino<\/p>\n<p>Luis hernandez gonzalez<\/p>\n<p>Juanma Moreno<\/p>\n<p>Carlos Angilica<\/p>\n<p>Enrico Pasteris<\/p>\n<p>Cristina Reina L\u00f3pez<\/p>\n<p>Marga<\/p>\n<p>Silvia Delgado<\/p>\n<p>Ali<\/p>\n<p>hanslick<\/p>\n<p>Ali<\/p>\n<p>Stephanie<\/p>\n<p>jose vi\u00f1ayo<\/p>\n<p>Jos\u00e9 Luis Bella Gala<\/p>\n<p>Ali<\/p>\n<p>Jes\u00fas<\/p>\n<p>Francesc Boix<\/p>\n<p>Juan Jose Colomer Grau<\/p>\n<p>Pers\u00f3n de Mo\u00e1<\/p>\n<p>Lapirenaicadigital<\/p>\n<p>Ana<\/p>\n<p>Alvaro Gil Martinez<\/p>\n<p>Yaiza Gorrin Rodriguez<\/p>\n<p>\u00d3scar L\u00f3pez Catal\u00e1n<\/p>\n<p>Jos\u00e9 Peral Jim\u00e9nez<\/p>\n<p>Arnau Camps i Fondevila<\/p>\n<p>ADOLFO YAGUE GALLARDO<\/p>\n<p>Imanol Uriarte<\/p>\n<p>Jos\u00e9 S\u00e1nchez-Sanz<\/p>\n<p>Hidalgo<\/p>\n<p>Alberto Faure<\/p>\n<p>Emilia Guillen Roca<\/p>\n<p>Ioaki<\/p>\n<p>Alberto Delgado Medina<\/p>\n<p>Jos\u00e9 Javier Labata Calvo<\/p>\n<p>F\u00e9lix Bl\u00e1zquez Le\u00f3n<\/p>\n<p>Alejandro Fonseca Mauro<\/p>\n<p>Antonio Batalla<\/p>\n<p>Alejandro Roure Vi\u00f1als<\/p>\n<p>Jos\u00e9 Luis Puyol<\/p>\n<p>Caperucito rojo rojo<\/p>\n<p>juaninmajara<\/p>\n<p>colectivo miradas<\/p>\n<p>Antoni Cister\u00f3 Garc\u00eda<\/p>\n<p>Santiago<\/p>\n<p>Ucron\u00eda<\/p>\n<p>Ivan Bendicho<\/p>\n<p>Santiago L. Coto<\/p>\n<p>Antonio Fortes Ortiz<\/p>\n<p>Juli\u00e1n Franco Lorenzana<\/p>\n<p>Eduardo<\/p>\n<p>Ernest Argel\u00e9s i Casademont<\/p>\n<p>Yago Rodriguez Lopez<\/p>\n<p>Ignacio Cort\u00e9s Contreras<\/p>\n<p>maria del pilar mu\u00f1iz lopez<\/p>\n<p>mk<\/p>\n<p>Manuel Almisas Alb\u00e9ndiz<\/p>\n<p>Quica<\/p>\n<p>poyeur<\/p>\n<p>Tarraquet<\/p>\n<p>Co.bas Titanlux secci\u00f3n sindical<\/p>\n<p>Nerea<\/p>\n<p>Mario R. Fernandez<\/p>\n<p>Sergio<\/p>\n<p>cpcavafis<\/p>\n<p>M\u00f2nica MY<\/p>\n<p>Leonardo Serrano<\/p>\n<p>Carlos Marx<\/p>\n<p>Monte Carlo<\/p>\n<p>Gil Vila Pedro<\/p>\n<p>Ram\u00f3n Luque Ba\u00f1os<\/p>\n<p>I\u00f1aki Lakalle Sancha<\/p>\n<p>Hector Rotceh<\/p>\n<p>Ruth Ogallar Sanchez<\/p>\n<p>Antonio Mar\u00edn<\/p>\n<p>Oscar Gonzalez-rico Mangada<\/p>\n<p>Rosario Flores<\/p>\n<p>alomar net<\/p>\n<p>Antonio Gordillo<\/p>\n<p>Francesc Bold\u00fa Mart\u00ednez<\/p>\n<p>Rafael Vicente Taure<\/p>\n<p>Oscar Fern\u00e1ndez Fern\u00e1ndez<\/p>\n<p>angelsmcastells<\/p>\n<p>Sergio Mayorgas<\/p>\n<p>Pablo Lobo Aguado<\/p>\n<p>Alejandro<\/p>\n<p>carlosramiro<\/p>\n<p>Juan Jose Garcia Silveira<\/p>\n<p>A Estivill<\/p>\n<p>Maria Blanca<\/p>\n<p>Juantxo Aranburu<\/p>\n<p>Encarni Salguero *Necrain*<\/p>\n<p>PABLO<\/p>\n<p>Alba<\/p>\n<p>tachanky<\/p>\n<p>zuri\u00f1e de la cueva ayestaran<\/p>\n<p>Cris P\u00e9rez-V\u00e0zquez<\/p>\n<p>Francisco Molinero<\/p>\n<p>Carlos Garcia Ruzo<\/p>\n<p>Ricardo Martin De Pablos<\/p>\n<p>M\u00f3nica Hidalgo S\u00e1nchez<\/p>\n<p>pedro<\/p>\n<p>Julia L\u00f3pez Cobacho<\/p>\n<p>Amalia Bueno Zamora<\/p>\n<p>acano65<\/p>\n<p>larabiadelpueblo<\/p>\n<p>Ingrid Cobo<\/p>\n<p>Juan M. Garasa<\/p>\n<p>Ayose Cazorla<\/p>\n<p>Oriol Vilanova<\/p>\n<p>AlvaroMV<\/p>\n<p>Carlos F<\/p>\n<p>JOSE MANUEL GARCIA GARCIA<\/p>\n<p>maria jesus gomez<\/p>\n<p>gladys lencina<\/p>\n<p>Rafael Rioboo Garc\u00eda<\/p>\n<p>andr\u00e9s<\/p>\n<p>Rakel Saiz Querendez<\/p>\n<p>Joseba Permach<\/p>\n<p>Sergio de Castro S\u00e1nchez<\/p>\n<p>Abel Navas Navarro<\/p>\n<p>j.l.rozas<\/p>\n<p>Cobas Madrid<\/p>\n<p>CGT<\/p>\n<p>CGT Catalunya<\/p>\n<\/div>\n<p>Solidaridad Obrera<\/p>\n<p>Jos\u00e9 Luis Carretero Miramar<\/p>\n<p>CAS (Plataforma contra la Privatizaci\u00f3n de la Sanidad)<\/p>\n<p>Red Roja<\/p>\n<p>Confederaci\u00f3<\/p>\n<p>Marea Pensionista de\u00a0\u00a0Catalunya<\/p>\n<p>Marea\u00a0Pensionista de la ZF<\/p>\n<p>CUP Assem Terrassa<\/p>\n<p>Madres contra la represi\u00f3n<\/p>\n<p>Sindicato \u00danico de Trabajadores\u00a0 Solidaridad<\/p>\n<div>\n<p>Jessica ramos lopez<\/p>\n<p>Jos\u00e9 Alfaro Romero<\/p>\n<p>jose antonio fleta<\/p>\n<p>Paloma Linares<\/p>\n<p>Juan carlos Martinez Zambudio<\/p>\n<p>David \u00c1lvarez Castro<\/p>\n<p>encarna gazquez ma\u00f1as<\/p>\n<p>jesus maria miguel alvarez<\/p>\n<p>Xaqu\u00edn<\/p>\n<p>Bruno del Barrio Bustelo<\/p>\n<p>Carlos Caaveiro Puentes<\/p>\n<p>Daniel de Miguel Avecilla<\/p>\n<p>Bartomeu Tortella Garcias<\/p>\n<p>Guillermo Tordera Pardo<\/p>\n<p>Dione<\/p>\n<p>Joan Cort\u00e9s i Minyana<\/p>\n<p>Oscar Nicol\u00e1s Romera<\/p>\n<p>Eva Santamaria Gonz\u00e1lez<\/p>\n<p>Jordi Vilar\u00f3<\/p>\n<p>joan Caralt<\/p>\n<p>Pablo DB<\/p>\n<p>M\u00aa Carmen Lopez Garcia<\/p>\n<p>N\u00faria Llansola<\/p>\n<p>Juan<\/p>\n<p>Anna Coll<\/p>\n<p>RED JUR\u00cdDICA<\/p>\n<p>Irene<\/p>\n<p>txabi978<\/p>\n<p>Victor Manuel Cobaleda Casas<\/p>\n<p>Patricia<\/p>\n<p>David Fern\u00e1ndez Cuevas<\/p>\n<p>Mis Aforismos<\/p>\n<p>Mar\u00eda Elena L\u00f3pez Dafonte<\/p>\n<p>Xavier Borralleras Soler<\/p>\n<p>haritz<\/p>\n<p>AMUTIO Denis<\/p>\n<p>Emilio Herrera Espinosa<\/p>\n<p>Antoni jesus Galvez Montero<\/p>\n<p>Carlos Vidal Ojea<\/p>\n<p>Maribel Rodr\u00edguez<\/p>\n<p>koldo<\/p>\n<p>Pere Herrero Lozano<\/p>\n<p>Fernando<\/p>\n<p>Xavier Gomez Fabregas<\/p>\n<p>Francisco Ponz\u00e1n<\/p>\n<p>Manel M\u00e1rquez<\/p>\n<p>Guillermo Guti\u00e9rrez Morote<\/p>\n<p>abrilalegria<\/p>\n<p>Pablo Christian Francisco Aparicio<\/p>\n<p>Miquel Gordillo<\/p>\n<p>Carmen Gonz\u00e1lez<\/p>\n<p>semanario Alternativas<\/p>\n<p>j!<\/p>\n<p>Guillermo<\/p>\n<p>Gin\u00e9s C.L.<\/p>\n<p>Oriol Mart\u00ed<\/p>\n<p>Pau Hern\u00e1ndez Ribera<\/p>\n<p>Marta G<\/p>\n<p>Bego\u00f1a Zabala Gonz\u00e1lez<\/p>\n<p>Xavier Zambrana<\/p>\n<p>analani<\/p>\n<p>Dori<\/p>\n<p>Ense\u00f1anza#PUBLICASI<\/p>\n<p>Paula<\/p>\n<p>Ana Mar\u00eda Palos de Foronda<\/p>\n<p>M\u00aa Jos\u00e9 de Rivas<\/p>\n<p>ELENA SANCHEZ BRAUNLICH<\/p>\n<p>EUGENIO SERRANO<\/p>\n<p>Anton Novas<\/p>\n<p>lavecinaldel5<\/p>\n<p>luis gonzalez<\/p>\n<p>Ibon Azofra Rodr\u00edguez<\/p>\n<p>Manuel<\/p>\n<p>Raul Alonso Lopez<\/p>\n<p>jordi benet cosculluela<\/p>\n<p>Rafa Mart\u00edn L\u00f3pez<\/p>\n<p>Juantxo Txopotxo<\/p>\n<p>Ana Ma\u00f1as<\/p>\n<p>Luciano Federico<\/p>\n<p>Amaia Pik<\/p>\n<p>I\u00f1aki bobillo gomez<\/p>\n<p>Santi Benedicto<\/p>\n<p>Andr\u00e9s Sanz \u00c1lvarez<\/p>\n<p>C\u00f3ctel Demente<\/p>\n<p>Alicia Armesto Nu\u00f1ez<\/p>\n<p>Antonio<\/p>\n<p>Rafa Berlanga<\/p>\n<p>Mayte Pereira Valino<\/p>\n<p>Joaquin<\/p>\n<p>Sergio Pat\u00f3n Molina<\/p>\n<p>FRANCISCO NAVARRO G\u00c1LVEZ<\/p>\n<p>Eduardo G\u00f3mez Cuadrado<\/p>\n<p>Adelina de la fuente Asensio<\/p>\n<p>M. Concepci\u00f3n Rodr\u00edguez Pastor<\/p>\n<p>Luis Ignacio Alonso Sainz<\/p>\n<p>Anselmo<\/p>\n<p>ruki79<\/p>\n<p>MANU MAKETO<\/p>\n<p>Paco Crespo<\/p>\n<\/div>\n<\/div>","protected":false},"excerpt":{"rendered":"<p>Gracias a estas personas y organizaciones Kaosenlared seguir\u00e1 siendo tu barricada informativa\u2026 \u00a1Ni un paso atr\u00e1s! Por\u00a0Colectivo Kaosenlared Nuestra gratitud, nuestro reconocimiento por vuestro apoyo. Hab\u00e9is dado la posibilidad de que este medio de contrainformaci\u00f3n pueda seguir existiendo. SEGUIMOS! Se ha conseguido. Lo hab\u00e9is conseguido. Lo hemos conseguido. Todas frases que\u00a0representan\u00a0nuestra profunda\u00a0satisfacci\u00f3n y gratitud por&hellip;&nbsp;<a href=\"http:\/\/mareapensionista.org\/ca\/2021\/03\/07\/gracias-a-estas-personas-y-organizaciones-kaosenlared-seguira-siendo-tu-barricada-informativa-ni-un-paso-atras\/\" class=\"\" rel=\"bookmark\">Read More &raquo;<span class=\"screen-reader-text\">Gracias a estas personas y organizaciones Kaosenlared seguir\u00e1 siendo tu barricada informativa\u2026 \u00a1Ni un paso atr\u00e1s!<\/span><\/a><\/p>","protected":false},"author":3,"featured_media":0,"comment_status":"open","ping_status":"open","sticky":false,"template":"","format":"standard","meta":{"neve_meta_sidebar":"","neve_meta_container":"","neve_meta_enable_content_width":"","neve_meta_content_width":0,"neve_meta_title_alignment":"","neve_meta_author_avatar":"","neve_post_elements_order":"","neve_meta_disable_header":"","neve_meta_disable_footer":"","neve_meta_disable_title":"","_ti_tpc_template_sync":false,"_ti_tpc_template_id":"","footnotes":""},"categories":[1],"tags":[],"class_list":["post-1222","post","type-post","status-publish","format-standard","hentry","category-sin-categoria"],"_links":{"self":[{"href":"http:\/\/mareapensionista.org\/ca\/wp-json\/wp\/v2\/posts\/1222","targetHints":{"allow":["GET"]}}],"collection":[{"href":"http:\/\/mareapensionista.org\/ca\/wp-json\/wp\/v2\/posts"}],"about":[{"href":"http:\/\/mareapensionista.org\/ca\/wp-json\/wp\/v2\/types\/post"}],"author":[{"embeddable":true,"href":"http:\/\/mareapensionista.org\/ca\/wp-json\/wp\/v2\/users\/3"}],"replies":[{"embeddable":true,"href":"http:\/\/mareapensionista.org\/ca\/wp-json\/wp\/v2\/comments?post=1222"}],"version-history":[{"count":1,"href":"http:\/\/mareapensionista.org\/ca\/wp-json\/wp\/v2\/posts\/1222\/revisions"}],"predecessor-version":[{"id":3325,"href":"http:\/\/mareapensionista.org\/ca\/wp-json\/wp\/v2\/posts\/1222\/revisions\/3325"}],"wp:attachment":[{"href":"http:\/\/mareapensionista.org\/ca\/wp-json\/wp\/v2\/media?parent=1222"}],"wp:term":[{"taxonomy":"category","embeddable":true,"href":"http:\/\/mareapensionista.org\/ca\/wp-json\/wp\/v2\/categories?post=1222"},{"taxonomy":"post_tag","embeddable":true,"href":"http:\/\/mareapensionista.org\/ca\/wp-json\/wp\/v2\/tags?post=1222"}],"curies":[{"name":"wp","href":"https:\/\/api.w.org\/{rel}","templated":true}]}}