{"id":1245,"date":"2021-03-07T07:50:43","date_gmt":"2021-03-07T07:50:43","guid":{"rendered":"https:\/\/mareapensionista.org\/2021\/03\/07\/desmontando-algunos-mitos-sobre-franco\/"},"modified":"2022-04-30T07:55:24","modified_gmt":"2022-04-30T07:55:24","slug":"desmontando-algunos-mitos-sobre-franco","status":"publish","type":"post","link":"http:\/\/mareapensionista.org\/ca\/2021\/03\/07\/desmontando-algunos-mitos-sobre-franco\/","title":{"rendered":"Desmontando algunos mitos sobre Franco"},"content":{"rendered":"<header class=\"entry-header\">\n<h1 class=\"entry-title\">Desmontando algunos mitos sobre Franco<\/h1>\n<\/header>\n<div class=\"below-entry-meta\"><span class=\"posted-on\"><a title=\"09:00\" href=\"https:\/\/www.elestado.net\/banner\/desmontando-algunos-mitos-sobre-franco\/\" rel=\"bookmark\"><i class=\"fa fa-calendar-o\"><\/i>\u00a0<time class=\"entry-date published\" datetime=\"2018-08-02T09:00:05+00:00\">02\/08\/2018<\/time><\/a><\/span>\u00a0<span class=\"byline\"><span class=\"author vcard\"><i class=\"fa fa-user\"><\/i><a class=\"url fn n\" title=\"Daniel\" href=\"https:\/\/www.elestado.net\/author\/daniel\/\">Daniel<\/a><\/span><\/span>\u00a0<span class=\"comments\"><a href=\"https:\/\/www.elestado.net\/banner\/desmontando-algunos-mitos-sobre-franco\/#comments\"><i class=\"fa fa-comment\"><\/i>\u00a01 comentario<\/a><\/span>&nbsp;<\/p>\n<\/div>\n<div class=\"entry-content clearfix\">\n<p>No ha dejado de ser una moda, sobre todo para esos nost\u00e1lgicos de la dictadura de\u00a0<strong><em>Francisco Franco<\/em><\/strong>\u00a0, afirmar categ\u00f3ricamente ciertas frases que a cualquier historiador con un m\u00ednimo de imparcialidad y respeto por su profesi\u00f3n, deja boquiabierto. Nos venimos refiriendo a esos t\u00f3picos t\u00edpicos como: \u201c<a href=\"https:\/\/www.elestado.net\/produccion-estatal\/diccionario-politico-adolf-hitler-alianza-popular-francisco-franco-y-leopoldo-lopez\/\"><em><strong>Franco<\/strong>\u00a0<\/em><\/a>cre\u00f3 la Seguridad Social\u201d, \u201ccon\u00a0<strong><em>Franco<\/em><\/strong>\u00a0hab\u00eda paz y orden\u201d, \u201cno se pasaba hambre y hab\u00eda prosperidad\u201d\u2026 Ya sabemos que una mentira repetida muchas veces, dicen que se convierte en una verdad. Pues bien, dediquemos este art\u00edculo a desmontar algunos de los mitos m\u00e1s sonados del\u00a0<a href=\"https:\/\/www.elestado.net\/espana\/fiesta-sangre-represion-franquismo-andalucia\/\"><em>franquismo<\/em><\/a>.<\/p>\n<h5>\u201cFranco cre\u00f3 la Seguridad Social\u201d<\/h5>\n<p>Es quiz\u00e1 el mito que m\u00e1s suelen repetir. Empecemos por dejar claro que no, Franco no cre\u00f3 la\u00a0<strong>Seguridad Social<\/strong>. Vamos a trazar brevemente la historia de la\u00a0<strong>Seguridad Social.<\/strong><\/p>\n<p>Antes de la aparici\u00f3n de la\u00a0<strong>Seguridad Social<\/strong>, la \u00fanica prestaci\u00f3n que conced\u00eda el\u00a0<em>estado liberal<\/em>\u00a0era el puramente asistencial para indigentes, que ten\u00eda una finalidad m\u00e1s de polic\u00eda y de control que de otra cosa y que estaba en manos privadas frecuentemente. Posteriormente, las\u00a0<em>protestas obreras<\/em>\u00a0exigen y consigue que el Estado patrocine seguros privados; despu\u00e9s, consigue que dichos seguros sean obligatorios; y por \u00faltimo, exige que esa carga se la eche el Estado a sus espaldas y creando un sistema coherente.<\/p>\n<p>&nbsp;<\/p>\n<figure id=\"attachment_2671\" class=\"wp-caption aligncenter\"><img loading=\"lazy\" decoding=\"async\" class=\"wp-image-2671\" src=\"https:\/\/i2.wp.com\/www.elestado.net\/wp-content\/uploads\/2018\/08\/franco-desfile-victoria-fff.jpg?resize=490%2C295&amp;ssl=1\" sizes=\"auto, (max-width: 490px) 100vw, 490px\" srcset=\"https:\/\/i2.wp.com\/www.elestado.net\/wp-content\/uploads\/2018\/08\/franco-desfile-victoria-fff.jpg?resize=300%2C181&amp;ssl=1 300w, https:\/\/i2.wp.com\/www.elestado.net\/wp-content\/uploads\/2018\/08\/franco-desfile-victoria-fff.jpg?w=580&amp;ssl=1 580w\" alt=\"\" width=\"480\" height=\"290\" data-attachment-id=\"2671\" data-permalink=\"https:\/\/www.elestado.net\/banner\/desmontando-algunos-mitos-sobre-franco\/attachment\/franco-desfile-victoria-fff\/\" data-orig-file=\"https:\/\/i2.wp.com\/www.elestado.net\/wp-content\/uploads\/2018\/08\/franco-desfile-victoria-fff.jpg?fit=580%2C350&amp;ssl=1\" data-orig-size=\"580,350\" data-comments-opened=\"1\" data-image-meta=\"{&quot;aperture&quot;:&quot;0&quot;,&quot;credit&quot;:&quot;&quot;,&quot;camera&quot;:&quot;&quot;,&quot;caption&quot;:&quot;&quot;,&quot;created_timestamp&quot;:&quot;0&quot;,&quot;copyright&quot;:&quot;&quot;,&quot;focal_length&quot;:&quot;0&quot;,&quot;iso&quot;:&quot;0&quot;,&quot;shutter_speed&quot;:&quot;0&quot;,&quot;title&quot;:&quot;&quot;,&quot;orientation&quot;:&quot;0&quot;}\" data-image-title=\"franco-desfile-victoria-fff\" data-image-description=\"\" data-medium-file=\"https:\/\/i2.wp.com\/www.elestado.net\/wp-content\/uploads\/2018\/08\/franco-desfile-victoria-fff.jpg?fit=300%2C181&amp;ssl=1\" data-large-file=\"https:\/\/i2.wp.com\/www.elestado.net\/wp-content\/uploads\/2018\/08\/franco-desfile-victoria-fff.jpg?fit=580%2C350&amp;ssl=1\" \/><figcaption class=\"wp-caption-text\">El dictador Franco durante el desfile de la Victoria el 19 de mayo de 1939.<\/figcaption><\/figure>\n<p>&nbsp;<\/p>\n<p>Mientras en pa\u00edses como\u00a0<a href=\"https:\/\/www.elestado.net\/opinion\/machismo-contra-battlefield-v-mujeres-lucharon-ii-gm\/\"><strong><em>Alemania<\/em><\/strong><\/a>\u00a0ya se hab\u00eda puesto en marcha un modelo de seguridad social como el modelo\u00a0<strong>Bismark<\/strong>\u00a0\u2014 que cubr\u00eda solo a obreros fabriles y era un sistema contributivo, es decir, se basaba en las aportaciones de empresarios y obreros y depend\u00eda de cu\u00e1nto se hab\u00eda cotizado\u00a0\u2014en\u00a0<strong>Espa\u00f1a<\/strong>, como siempre, segu\u00edamos a por uvas.<\/p>\n<p>En\u00a0<strong>Espa\u00f1a<\/strong>, el r\u00e9gimen de asistencia social dur\u00f3 todo el<strong>\u00a0siglo XIX<\/strong>, literalmente, porque fue en\u00a0<strong>1900<\/strong>\u00a0cuando se aprueba la<strong>\u00a0Ley de Accidentes de Trabajo<\/strong>, que declara la responsabilidad civil objetiva de las empresas por estos da\u00f1os y fomenta los seguros. En\u00a0<strong>1908<\/strong>,\u00a0<strong><em>Antonio Maura<\/em><\/strong>, crea el\u00a0<strong>Instituto de Previsi\u00f3n Social<\/strong>, que fue la primera instituci\u00f3n p\u00fablica que intentar\u00e1 fomentar esos seguros que, recordemos, eran privados.<\/p>\n<p>Once a\u00f1os despu\u00e9s, en\u00a0<strong>1919<\/strong>, aparece el primer seguro p\u00fablico y obligatorio,\u00a0<strong>el Retiro Obrero<\/strong>, que se centraba en la jubilaci\u00f3n. En\u00a0<strong>1923<\/strong>, aparece un subsidio de maternidad y en\u00a0<strong>1929<\/strong>, un seguro obligatorio para esa contingencia.<\/p>\n<p>Y aqu\u00ed empieza el hito.<\/p>\n<p>En\u00a0<strong>1931<\/strong>, es\u00a0<strong>reconocido por primera vez en una constituci\u00f3n<\/strong>, el derecho al trabajo y a la previsi\u00f3n social, mencionando espec\u00edficamente las contingencias de muerte, viudedad, orfandad, desempleo y enfermedad. Todo ello, en su\u00a0<em>art\u00edculo 46<\/em>. Ese mismo a\u00f1o, se hace obligatorio el seguro de accidentes para trabajadores agr\u00edcolas y, al a\u00f1o siguiente, para los industriales. M\u00e1s a\u00fan: se le encarga al\u00a0<strong>Instituto Nacional de Previsi\u00f3n\u00a0<\/strong><em>un proyecto para unificar, coordinar y extender toda la acci\u00f3n protectora, es decir, para crear un sistema propiamente dicho.<\/em><\/p>\n<p>En\u00a0<strong>1936<\/strong>, el anteproyecto ya hab\u00eda sido sometido a informaci\u00f3n p\u00fablica y estaba a punto de ser remitido a las Cortes\u2026 pero no pudo ser.<\/p>\n<p>La<em>\u00a0dictadura franquista<\/em>\u00a0contin\u00faa, evidentemente, con este proceso. No como una concesi\u00f3n graciosa y bondadosa, sino porque los tiempos as\u00ed lo requer\u00edan. Se aprueban varios textos legislativos en los que se recogen varios derechos de<strong>\u00a0Seguridad Social<\/strong>\u00a0como el\u00a0<strong>Fuero del Trabajo (1938)<\/strong>, que los menciona, y el\u00a0<strong>Fuero de los Espa\u00f1oles (1945)<\/strong>, que los recoge como derechos. En cuanto a coberturas concretas, en\u00a0<strong>1942<\/strong>\u00a0aparece el\u00a0<strong>Seguro Obligatorio de Enfermedad<\/strong>, y en 1947, el de vejez e invalidez,\u00a0<strong>en el que se refunden el Retiro Obrero y los diversos seguros de accidentes.<\/strong><\/p>\n<p>Pero empieza a verse que el principal problema de la\u00a0<strong>Seguridad Social<\/strong>\u00a0era el caos: distintos seguros, distintas entidades, la presencia de un sistema mutual, y sobre todo, la\u00a0<em>ausencia de un texto legal que defina conceptos e instituciones<\/em>\u2026 hab\u00eda que unificar.<\/p>\n<p><a href=\"https:\/\/www.elestado.net\/produccion-estatal\/diccionario-politico-pablo-iglesias-turrion-republicano-socialdemocracia\/\"><strong>Espa\u00f1a<\/strong><\/a>\u00a0tuvo que esperar para tener un texto legal que recogiera un sistema de seguridad social hasta\u00a0<strong>1967<\/strong>, cuando se aprueba la\u00a0<strong>Ley de Bases de la Seguridad Social<\/strong>. Es aqu\u00ed donde radica este t\u00f3pico. No,\u00a0<strong><em>Franco<\/em><\/strong>\u00a0no cre\u00f3 la\u00a0<strong>Seguridad Social<\/strong>,<em><strong>\u00a0Franco<\/strong><\/em>\u00a0unific\u00f3 todos los derechos de previsi\u00f3n social que ya exist\u00edan antes, en un texto coherente.<\/p>\n<p>Y cabe se\u00f1alar que este\u00a0<em>sistema de<\/em>\u00a0<em>seguridad social franquista<\/em>, no era, ni mucho menos, perfecto, ya que era un sistema contributivo, es decir, beneficiaba \u00fanicamente a obreros que hab\u00edan cotizado, por lo que un\u00a0<em>desempleado<\/em>\u00a0tendr\u00eda, por ejemplo, que\u00a0<em>pagarse los medicamentos<\/em>, puesto que el seguro de enfermedad beneficiaba solo a trabajadores. Adem\u00e1s, la inversi\u00f3n era muy baja y las cuant\u00edas eran de baja cantidad.<\/p>\n<p>Insistamos en que\u00a0<em><strong>Franco<\/strong>\u00a0<\/em>no legisl\u00f3 sobre la\u00a0<strong>Seguridad Social<\/strong>\u00a0por bondad o magnificencia, como si 40 a\u00f1os de represi\u00f3n pol\u00edtica y asesinatos a disidentes, quedaran absueltos. Legislar sobre esto era\u00a0<em>totalmente necesario si se quer\u00eda conseguir un desarrollo econ\u00f3mico<\/em>.<\/p>\n<p>Y no olvidemos que esto\u00a0<em>pudo haber llegado 30 a\u00f1os antes<\/em>\u00a0si nunca se hubiese producido aquel golpe de estado.<\/p>\n<h5>\u201cCon Franco hab\u00eda paz y orden\u201d<\/h5>\n<p>Evidentemente que exist\u00eda \u201cpaz\u201d y \u201corden\u201d. Pero quienes se dedican a predicar ese bulo, parece que no profundizan un poco m\u00e1s. La estrategia de\u00a0<strong>terror y represi\u00f3n durante<\/strong>\u00a0y despu\u00e9s del conflicto, depur\u00f3 casi toda resistencia: casi\u00a0<strong>medio mill\u00f3n de personas fueron empujadas al exilio<\/strong>; la\u00a0<strong>clase obrera qued\u00f3 totalmente diezmada<\/strong>,\u00a0mientras las\u00a0<strong>grandes empresas<\/strong>\u00a0y los terratenientes, no solo siguieron\u00a0<strong>acaparando la riqueza<\/strong>\u00a0y el poder, sino que tras la contienda,\u00a0<strong>aumentaron sus ganancias<\/strong>\u00a0y<strong>\u00a0su poder.<\/strong><\/p>\n<p>&nbsp;<\/p>\n<figure id=\"attachment_2670\" class=\"wp-caption aligncenter\"><img loading=\"lazy\" decoding=\"async\" class=\"wp-image-2670\" src=\"https:\/\/i2.wp.com\/www.elestado.net\/wp-content\/uploads\/2018\/08\/polic%C3%ADamasacrando.jpg?resize=502%2C370&amp;ssl=1\" sizes=\"auto, (max-width: 502px) 100vw, 502px\" srcset=\"https:\/\/i2.wp.com\/www.elestado.net\/wp-content\/uploads\/2018\/08\/polic\u00edamasacrando.jpg?resize=300%2C221&amp;ssl=1 300w, https:\/\/i2.wp.com\/www.elestado.net\/wp-content\/uploads\/2018\/08\/polic\u00edamasacrando.jpg?resize=768%2C567&amp;ssl=1 768w, https:\/\/i2.wp.com\/www.elestado.net\/wp-content\/uploads\/2018\/08\/polic\u00edamasacrando.jpg?resize=1024%2C755&amp;ssl=1 1024w, https:\/\/i2.wp.com\/www.elestado.net\/wp-content\/uploads\/2018\/08\/polic\u00edamasacrando.jpg?w=1132&amp;ssl=1 1132w\" alt=\"\" width=\"492\" height=\"363\" data-attachment-id=\"2670\" data-permalink=\"https:\/\/www.elestado.net\/banner\/desmontando-algunos-mitos-sobre-franco\/attachment\/policiamasacrando\/\" data-orig-file=\"https:\/\/i2.wp.com\/www.elestado.net\/wp-content\/uploads\/2018\/08\/polic\u00edamasacrando.jpg?fit=1132%2C835&amp;ssl=1\" data-orig-size=\"1132,835\" data-comments-opened=\"1\" data-image-meta=\"{&quot;aperture&quot;:&quot;0&quot;,&quot;credit&quot;:&quot;&quot;,&quot;camera&quot;:&quot;&quot;,&quot;caption&quot;:&quot;&quot;,&quot;created_timestamp&quot;:&quot;0&quot;,&quot;copyright&quot;:&quot;&quot;,&quot;focal_length&quot;:&quot;0&quot;,&quot;iso&quot;:&quot;0&quot;,&quot;shutter_speed&quot;:&quot;0&quot;,&quot;title&quot;:&quot;&quot;,&quot;orientation&quot;:&quot;0&quot;}\" data-image-title=\"polic\u00edamasacrando\" data-image-description=\"\" data-medium-file=\"https:\/\/i2.wp.com\/www.elestado.net\/wp-content\/uploads\/2018\/08\/polic\u00edamasacrando.jpg?fit=300%2C221&amp;ssl=1\" data-large-file=\"https:\/\/i2.wp.com\/www.elestado.net\/wp-content\/uploads\/2018\/08\/polic\u00edamasacrando.jpg?fit=800%2C590&amp;ssl=1\" \/><figcaption class=\"wp-caption-text\">La polic\u00eda franquista reprimiendo una manifestaci\u00f3n.<\/figcaption><\/figure>\n<p>&nbsp;<\/p>\n<p>La \u201cpaz\u201d\u00a0<a href=\"https:\/\/www.elestado.net\/espana\/ley-memoria-historica-iu-pone-evidencia-superficialidad-psoe\/\">franquista<\/a>\u00a0ven\u00eda en un intento de tapar los fusilamientos, el silencio a que se oblig\u00f3 a toda oposici\u00f3n a la dictadura y a la ciudadan\u00eda que no comulgara con las ideas franquistas. No era una paz libre, era una \u201cpaz\u201d mediante el miedo, el terror. Hab\u00eda \u201cpaz\u201d despu\u00e9s de silenciar a cientos de miles de espa\u00f1oles.<\/p>\n<p>Y a\u00fan as\u00ed, en la d\u00e9cada de 1950, comenzaron a aparecer movimientos antifranquistas que comenzaron, m\u00e1s de forma individual que colectiva, a realizar acciones contra la dictadura. Y todos sabemos qu\u00e9 les pasaba a quienes eran detenidos. Y cualquier obrero que quisiera protestar y poner en marcha cualquier conflictividad laboral, que era inexistente, pod\u00eda acabar en la c\u00e1rcel o fusilado.<\/p>\n<h5>\u201cFranco salv\u00f3 a Espa\u00f1a del dominio comunista\u201d<\/h5>\n<p>Esta afirmaci\u00f3n que algunos lanzan de forma categ\u00f3rica, muestra un total desconocimiento sobre la historia de la \u00e9poca.<\/p>\n<p>Los\u00a0<strong><em>terratenientes<\/em><\/strong>, la<strong>\u00a0<em>Iglesia<\/em><\/strong>, el\u00a0<strong><em>ej\u00e9rcito<\/em>\u00a0<\/strong>i les<strong>\u00a0<em>grandes fortunas<\/em><\/strong>, ven en la llegada de la\u00a0<strong>Rep\u00fablica<\/strong>\u00a0una amenaza que puede hacer que pierdan gran parte de sus riquezas y privilegios. Frente a ellos, una\u00a0<strong>clase obrera<\/strong>preeminentemente agr\u00edcola, maltratada, hambrienta y explotada, con sueldos m\u00edseros y condiciones laborales inhumanas, que vieron con ilusi\u00f3n la\u00a0<strong>llegada de la democracia<\/strong>.<\/p>\n<p>Las reformas, como la\u00a0<strong>Reforma Agraria<\/strong>, tardaban en llegar y los campesinos comenzaron las acciones de protesta. Ya en<strong>\u00a01931<\/strong>, se produc\u00edan actos de represi\u00f3n de terratenientes hacia los jornaleros. Pero no fue hasta los meses inmediatamente anteriores al comienzo de la guerra, cuando se producen<em>\u00a0asesinatos sonados<\/em>, como el de\u00a0<em><strong>Calvo Sotelo<\/strong><\/em>.<\/p>\n<p>Se olvidan muchos de mencionar que antes de dicho asesinato, la<em>\u00a0derecha espa\u00f1ola<\/em>\u00a0hab\u00eda asesinado al Teniente de la Guardia de Asalto\u00a0<strong><em>Jos\u00e9 del Castillo S\u00e1enz de Tejada<\/em><\/strong>. La estrategia de la derecha desde\u00a0<strong>1934<\/strong>, fue la violencia provocativa:\u00a0<em>acciones violentas que buscaban una reacci\u00f3n izquierdista\u00a0<\/em>y tras dicha reacci\u00f3n, una \u201cvenganza\u201d. Y fue el asesinato del\u00a0<em><strong>Teniente Castillo<\/strong><\/em>, por parte de\u00a0<em>falangistas<\/em>, lo que despert\u00f3 la ira y venganza de la izquierda, con el asesinato del diputado mon\u00e1rquico<em><strong>\u00a0Calvo Sotelo<\/strong><\/em>. A la derecha le hab\u00eda vuelto a salir bien la jugada.<\/p>\n<p>Reformas tan avanzadas como la de la<strong>\u00a0Ense\u00f1anza<\/strong>, que consigui\u00f3\u00a0<em>disminuir notablemente la tasa de analfabetismo<\/em>; la\u00a0<em>reorganizaci\u00f3n del ej\u00e9rcito<\/em>\u00a0disminuyendo el n\u00famero de oficiales; una ambiciosa<em>\u00a0reforma agraria<\/em>, que pretend\u00eda un reparto\u00a0m\u00e1s justo de la tierra, unas mejoras laborales para el trabajador del campo; la inclusi\u00f3n y\u00a0<em>mayor protecci\u00f3n de la mujer<\/em>, as\u00ed como su\u00a0<em>derecho al voto<\/em>\u2026 Reformas y avances que la clase olig\u00e1rquica despreci\u00f3 por poner en peligro unos valores arcaicos y privilegios ingentes e injustificables en detrimento de la clase obrera.<\/p>\n<p>&nbsp;<\/p>\n<figure id=\"attachment_2672\" class=\"wp-caption aligncenter\"><img loading=\"lazy\" decoding=\"async\" class=\"wp-image-2672\" src=\"https:\/\/i0.wp.com\/www.elestado.net\/wp-content\/uploads\/2018\/08\/1500029898_670335_1500030106_noticia_normal.jpg?resize=564%2C252&amp;ssl=1\" sizes=\"auto, (max-width: 564px) 100vw, 564px\" srcset=\"https:\/\/i0.wp.com\/www.elestado.net\/wp-content\/uploads\/2018\/08\/1500029898_670335_1500030106_noticia_normal.jpg?resize=300%2C134&amp;ssl=1 300w, https:\/\/i0.wp.com\/www.elestado.net\/wp-content\/uploads\/2018\/08\/1500029898_670335_1500030106_noticia_normal.jpg?resize=768%2C344&amp;ssl=1 768w, https:\/\/i0.wp.com\/www.elestado.net\/wp-content\/uploads\/2018\/08\/1500029898_670335_1500030106_noticia_normal.jpg?w=980&amp;ssl=1 980w\" alt=\"\" width=\"553\" height=\"248\" data-attachment-id=\"2672\" data-permalink=\"https:\/\/www.elestado.net\/banner\/desmontando-algunos-mitos-sobre-franco\/attachment\/1500029898_670335_1500030106_noticia_normal\/\" data-orig-file=\"https:\/\/i0.wp.com\/www.elestado.net\/wp-content\/uploads\/2018\/08\/1500029898_670335_1500030106_noticia_normal.jpg?fit=980%2C439&amp;ssl=1\" data-orig-size=\"980,439\" data-comments-opened=\"1\" data-image-meta=\"{&quot;aperture&quot;:&quot;0&quot;,&quot;credit&quot;:&quot;&quot;,&quot;camera&quot;:&quot;&quot;,&quot;caption&quot;:&quot;&quot;,&quot;created_timestamp&quot;:&quot;0&quot;,&quot;copyright&quot;:&quot;&quot;,&quot;focal_length&quot;:&quot;0&quot;,&quot;iso&quot;:&quot;0&quot;,&quot;shutter_speed&quot;:&quot;0&quot;,&quot;title&quot;:&quot;&quot;,&quot;orientation&quot;:&quot;0&quot;}\" data-image-title=\"1500029898_670335_1500030106_noticia_normal\" data-image-description=\"\" data-medium-file=\"https:\/\/i0.wp.com\/www.elestado.net\/wp-content\/uploads\/2018\/08\/1500029898_670335_1500030106_noticia_normal.jpg?fit=300%2C134&amp;ssl=1\" data-large-file=\"https:\/\/i0.wp.com\/www.elestado.net\/wp-content\/uploads\/2018\/08\/1500029898_670335_1500030106_noticia_normal.jpg?fit=800%2C358&amp;ssl=1\" \/><figcaption class=\"wp-caption-text\">Grupo de mujeres en las elecciones generales de 1933, las primeras en las que pudieron\u00a0 votar.<\/figcaption><\/figure>\n<p>&nbsp;<\/p>\n<p>Dejemos claro pues, que la\u00a0<strong>Segunda Rep\u00fablica<\/strong>, desde sus inicios, no dej\u00f3 de ser una rep\u00fablica democr\u00e1tica de corte burgu\u00e9s, pero que incluy\u00f3 bajo su defensa, muchos intereses de la clase obrera. Ya en\u00a0<strong>1931<\/strong>, tras la<em>derrota de los mon\u00e1rquicos<\/em>\u00a0en las grandes ciudades (en la zona rural los mon\u00e1rquicos hab\u00edan conseguido m\u00e1s votos), el propio\u00a0<em><strong>Alfonso XIII<\/strong>\u00a0<\/em>reconoce su derrota y se ve empujado al exilio tras la llegada de la Rep\u00fablica.<\/p>\n<p>Afirmar que aquella\u00a0<strong>Segunda Rep\u00fablica<\/strong>\u00a0iba camino de convertirse en un pa\u00eds sat\u00e9lite de la\u00a0<strong>Uni\u00f3n Sovi\u00e9tica<\/strong>es, cuanto menos, un disparate. De hecho, no es hasta que comienza la\u00a0<strong>Guerra Civil<\/strong>\u00a0tras el golpe de estado<em>franquista<\/em>, cuando s\u00ed se produce un acercamiento entre la<strong>\u00a0Rep\u00fablica<\/strong>\u00a0y la\u00a0<strong>URSS<\/strong>, y no antes.<\/p>\n<p>Pero la lista de bulos y t\u00f3picos es bien larga, a\u00fan quedan muchos. Este art\u00edculo, y otros tantos, no ser\u00edan necesarios si ciertos personajes no se dedicaran a divulgar\u00a0<em>mentiras y manipulaciones<\/em>, todas ellas apoyadas, para m\u00e1s inri, por ciertos historiadores de tendencia\u00a0<em>franquista<\/em>.<\/p>\n<\/div>","protected":false},"excerpt":{"rendered":"<p>Desmontando algunos mitos sobre Franco \u00a002\/08\/2018\u00a0Daniel\u00a0\u00a01 comentario&nbsp; No ha dejado de ser una moda, sobre todo para esos nost\u00e1lgicos de la dictadura de\u00a0Francisco Franco\u00a0, afirmar categ\u00f3ricamente ciertas frases que a cualquier historiador con un m\u00ednimo de imparcialidad y respeto por su profesi\u00f3n, deja boquiabierto. Nos venimos refiriendo a esos t\u00f3picos t\u00edpicos como: \u201cFranco\u00a0cre\u00f3 la Seguridad&hellip;&nbsp;<a href=\"http:\/\/mareapensionista.org\/ca\/2021\/03\/07\/desmontando-algunos-mitos-sobre-franco\/\" class=\"\" rel=\"bookmark\">Read More &raquo;<span class=\"screen-reader-text\">Desmontando algunos mitos sobre Franco<\/span><\/a><\/p>","protected":false},"author":3,"featured_media":0,"comment_status":"open","ping_status":"open","sticky":false,"template":"","format":"standard","meta":{"neve_meta_sidebar":"","neve_meta_container":"","neve_meta_enable_content_width":"","neve_meta_content_width":0,"neve_meta_title_alignment":"","neve_meta_author_avatar":"","neve_post_elements_order":"","neve_meta_disable_header":"","neve_meta_disable_footer":"","neve_meta_disable_title":"","_ti_tpc_template_sync":false,"_ti_tpc_template_id":"","footnotes":""},"categories":[1],"tags":[],"class_list":["post-1245","post","type-post","status-publish","format-standard","hentry","category-sin-categoria"],"_links":{"self":[{"href":"http:\/\/mareapensionista.org\/ca\/wp-json\/wp\/v2\/posts\/1245","targetHints":{"allow":["GET"]}}],"collection":[{"href":"http:\/\/mareapensionista.org\/ca\/wp-json\/wp\/v2\/posts"}],"about":[{"href":"http:\/\/mareapensionista.org\/ca\/wp-json\/wp\/v2\/types\/post"}],"author":[{"embeddable":true,"href":"http:\/\/mareapensionista.org\/ca\/wp-json\/wp\/v2\/users\/3"}],"replies":[{"embeddable":true,"href":"http:\/\/mareapensionista.org\/ca\/wp-json\/wp\/v2\/comments?post=1245"}],"version-history":[{"count":1,"href":"http:\/\/mareapensionista.org\/ca\/wp-json\/wp\/v2\/posts\/1245\/revisions"}],"predecessor-version":[{"id":3312,"href":"http:\/\/mareapensionista.org\/ca\/wp-json\/wp\/v2\/posts\/1245\/revisions\/3312"}],"wp:attachment":[{"href":"http:\/\/mareapensionista.org\/ca\/wp-json\/wp\/v2\/media?parent=1245"}],"wp:term":[{"taxonomy":"category","embeddable":true,"href":"http:\/\/mareapensionista.org\/ca\/wp-json\/wp\/v2\/categories?post=1245"},{"taxonomy":"post_tag","embeddable":true,"href":"http:\/\/mareapensionista.org\/ca\/wp-json\/wp\/v2\/tags?post=1245"}],"curies":[{"name":"wp","href":"https:\/\/api.w.org\/{rel}","templated":true}]}}