{"id":1325,"date":"2021-03-07T07:50:49","date_gmt":"2021-03-07T07:50:49","guid":{"rendered":"https:\/\/mareapensionista.org\/2021\/03\/07\/pasividad-no\/"},"modified":"2022-04-30T07:54:21","modified_gmt":"2022-04-30T07:54:21","slug":"pasividad-no","status":"publish","type":"post","link":"http:\/\/mareapensionista.org\/ca\/2021\/03\/07\/pasividad-no\/","title":{"rendered":"PASIVIDAD? No!!!!"},"content":{"rendered":"<p>PASIVIDAD? No!!!!<\/p>\n<p>Varias son las definiciones que el diccionario nos da de esta palabra y merece la pena que ahondemos en su profundo significado. Dice la primera acepci\u00f3n: Actitud del que recibe o padece una acci\u00f3n sin cooperar en ella ni reaccionar en contra. Y la segunda afirma : Actitud de quien, ante una situaci\u00f3n de necesidad, no hace nada.<\/p>\n<p>La actitud pasiva ante la informaci\u00f3n que se nos ofrece en la televisi\u00f3n, sentados c\u00f3modamente en el sof\u00e1, sin esfuerzo alguno por nuestra parte, s\u00f3lo con apretar un bot\u00f3n y viviendo de los titulares que los diferentes tertulianos desmenuzan, ahoga nuestra reflexi\u00f3n y nuestro sentido cr\u00edtico. Y aun m\u00e1s, otorgamos el principio de autoridad no ya a nuestro pensamiento elaborado por la contraposici\u00f3n de las noticias y nuestra propia ideolog\u00eda, sino que cedemos este principio de autoridad a las opiniones de los dem\u00e1s, y en nuestras tertulias con los amigos y familiares buscamos la aprobaci\u00f3n a nuestro discurso con la afirmaci\u00f3n de \u201clo han dicho en la tele\u201d. Esta actitud pasiva ante la informaci\u00f3n puede conducir a menguar nuestra capacidad al distinguir lo correcto de lo que es inaceptable. Y han sucedido tantas coas inaceptables que, influenciados por esos medios, lo hemos aceptado como si de la normalidad se tratara. Y no es as\u00ed, no puede ser as\u00ed. Existe otro elemento de consideraci\u00f3n tan importante como la pasividad: \u201cel individualismo\u201d que conduce a la absoluta falta de solidaridad. Este individualismo (tendencia ideol\u00f3gica del liberalismo cl\u00e1sico y de su actualizaci\u00f3n en el neoliberalismo de los a\u00f1os 80) es propiciado, alentado y divulgado por los medios de comunicaci\u00f3n. Y si esto no es cre\u00edble por parte de alguien, baste con contemplar at\u00f3nitos el tratamiento que estos mismos medios hacen de los \u201cMovimientos sociales\u201d, esos que impulsan el an\u00e1lisis cr\u00edtico de la realidad y la contemplan con los ojos de la solidaridad y, por supuesto, se alejan del c\u00f3modo sof\u00e1 y del individualismo (ande yo caliente y r\u00edase la gente) y luchan por ofrecer a la sociedad , no s\u00f3lo la denuncia de las ausencia de justicia, del abandono de las personas necesitadas, de la privatizaci\u00f3n de lo social, del maltrato de los servidores p\u00fablicos en la sanidad y la educaci\u00f3n\u2026etc.<\/p>\n<p>Ahora se ha instalado en nuestro pa\u00eds, por parte de los l\u00edderes de los partidos pol\u00edticos, la constante repetici\u00f3n de mentiras que por ser reiteradas una y otra, vez van adquiriendo tintes de veracidad en el colectivo que se sienta en el sof\u00e1 y atiende pasivo la informaci\u00f3n manipulada que nos sirven. A veces y de manera frecuente, exigen para ellos , sus colectivos y los medios de presi\u00f3n a los que se han acostumbrado a servir, lo que niegan para los dem\u00e1s ciudadanos, como por ejemplo la presunci\u00f3n de inocencia antes de sentencias judiciales. Pero proclamar\u00e1n una y otra vez que \u201ctodos somos iguales ante la justicia\u201d. S\u00ed unos m\u00e1s iguales que otros.<\/p>\n<p>Para finalizar esta reflexi\u00f3n. Todos sabemos la letra de la Constituci\u00f3n Espa\u00f1ola que afirma ( y ahora en boca de la Princesa de Asturias) que Espa\u00f1a es un estado SOCIAL, democr\u00e1tico y de derecho\u2026 Cierto, pero si acudimos otra vez al diccionario y consultamos el ant\u00f3nimo de social nos dar\u00e1 como respuesta: \u201cprivado\u201d. As\u00ed pues, deber\u00edamos exigir que todas las privatizaciones de lo que era com\u00fan y perteneciente a la sociedad ( me refiero a la venta d empresas p\u00fablicas, a las privatizaciones de la sanidad, al establecimiento de tres tipos de ense\u00f1anza, a enriquecer con la dependencia a empresas privadas, a ceder la gesti\u00f3n de instalaciones p\u00fablicas a privados, a la p\u00e9rdida de la municipalizaci\u00f3n del agua, servicios sociales, funerarios etc) sean declaradas inconstitucionales. Puede que con la aprobaci\u00f3n del Parlamento de todas estas medidas, se las revista con la t\u00fanica exterior de \u201cdemocr\u00e1ticas\u201d, pero, en el fondo, todo aquello que es antisocial y prebenda de la privado ante lo p\u00fablico tiene toda la calificaci\u00f3n de ANTICONSTITUCIONAL.<\/p>\n<p>Dejar hoy la pasividad significa apoyar los movimientos sociales que se afanan sin descanso de hacer ver a la poblaci\u00f3n, a la \u201cclase pol\u00edtica\u201d que dirige las instituciones y a los medios de comunicaci\u00f3n ( portadores de fantasmas que quieren hacer pasar por realidades palpables, como si del mito de la caverna de Plat\u00f3n se tratara) que existen otras formas de gobernar y actuar en auxilio de la poblaci\u00f3n y no de prepararse las puertas giratorias que les recoloca cuando han sido fieles servidores en lo p\u00fablico a favor de la privado.<\/p>\n<p>Alguno de esos que saben hacer girar las puertas afirm\u00f3 que \u201c las manifestaciones no sirven para nada\u2026\u201d Bendito ministro ignorante. Todos los cambios sociales, todas las orientaciones a favor de la una mayor\u00eda social, han nacido en la calle, se han desarrollado en la calle y han acabado en el poder para modificar, corregir y enmendar lo que era y es injusto.<\/p>\n<p>Todos los lunes a las 10 de la ma\u00f1ana, Marea pensionista se manifiesta en la Plaza Universidad. SI somos 100 acude un medio de comunicaci\u00f3n ( no molesta, se tolera) pero si no queda un resquicio de pavimento vac\u00edo, eso empieza a molestar y acaba con la aceptaci\u00f3n del programa reivindicativo que desde hace ya seis a\u00f1os hemos explicado en todos los ayuntamientos, plazas, locales de jubilados, casales etc .<\/p>\n<p>\u00a1GOBIERNE QUIEN GOBIERNE, LAS PENSIONES SE DEFIENDEN!<\/p>\n<p>Prudenci Vidal<\/p>\n<p>Miembro de La Marea Pensionista<\/p>","protected":false},"excerpt":{"rendered":"<p>PASIVIDAD? No!!!! Varias son las definiciones que el diccionario nos da de esta palabra y merece la pena que ahondemos en su profundo significado. Dice la primera acepci\u00f3n: Actitud del que recibe o padece una acci\u00f3n sin cooperar en ella ni reaccionar en contra. Y la segunda afirma : Actitud de quien, ante una situaci\u00f3n&hellip;&nbsp;<a href=\"http:\/\/mareapensionista.org\/ca\/2021\/03\/07\/pasividad-no\/\" class=\"\" rel=\"bookmark\">Read More &raquo;<span class=\"screen-reader-text\">PASIVIDAD? No!!!!<\/span><\/a><\/p>","protected":false},"author":3,"featured_media":0,"comment_status":"open","ping_status":"open","sticky":false,"template":"","format":"standard","meta":{"neve_meta_sidebar":"","neve_meta_container":"","neve_meta_enable_content_width":"","neve_meta_content_width":0,"neve_meta_title_alignment":"","neve_meta_author_avatar":"","neve_post_elements_order":"","neve_meta_disable_header":"","neve_meta_disable_footer":"","neve_meta_disable_title":"","_ti_tpc_template_sync":false,"_ti_tpc_template_id":"","footnotes":""},"categories":[1],"tags":[],"class_list":["post-1325","post","type-post","status-publish","format-standard","hentry","category-sin-categoria"],"_links":{"self":[{"href":"http:\/\/mareapensionista.org\/ca\/wp-json\/wp\/v2\/posts\/1325","targetHints":{"allow":["GET"]}}],"collection":[{"href":"http:\/\/mareapensionista.org\/ca\/wp-json\/wp\/v2\/posts"}],"about":[{"href":"http:\/\/mareapensionista.org\/ca\/wp-json\/wp\/v2\/types\/post"}],"author":[{"embeddable":true,"href":"http:\/\/mareapensionista.org\/ca\/wp-json\/wp\/v2\/users\/3"}],"replies":[{"embeddable":true,"href":"http:\/\/mareapensionista.org\/ca\/wp-json\/wp\/v2\/comments?post=1325"}],"version-history":[{"count":1,"href":"http:\/\/mareapensionista.org\/ca\/wp-json\/wp\/v2\/posts\/1325\/revisions"}],"predecessor-version":[{"id":3252,"href":"http:\/\/mareapensionista.org\/ca\/wp-json\/wp\/v2\/posts\/1325\/revisions\/3252"}],"wp:attachment":[{"href":"http:\/\/mareapensionista.org\/ca\/wp-json\/wp\/v2\/media?parent=1325"}],"wp:term":[{"taxonomy":"category","embeddable":true,"href":"http:\/\/mareapensionista.org\/ca\/wp-json\/wp\/v2\/categories?post=1325"},{"taxonomy":"post_tag","embeddable":true,"href":"http:\/\/mareapensionista.org\/ca\/wp-json\/wp\/v2\/tags?post=1325"}],"curies":[{"name":"wp","href":"https:\/\/api.w.org\/{rel}","templated":true}]}}