{"id":859,"date":"2021-03-07T07:50:14","date_gmt":"2021-03-07T07:50:14","guid":{"rendered":"https:\/\/mareapensionista.org\/2021\/03\/07\/trabajodesempleo-y-pensiones-miguel-arenas\/"},"modified":"2021-03-07T07:50:14","modified_gmt":"2021-03-07T07:50:14","slug":"trabajodesempleo-y-pensiones-miguel-arenas","status":"publish","type":"post","link":"http:\/\/mareapensionista.org\/ca\/2021\/03\/07\/trabajodesempleo-y-pensiones-miguel-arenas\/","title":{"rendered":"Trabajo,desempleo y pensiones. MIGUEL ARENAS"},"content":{"rendered":"<h1 class=\"entry-title\"><\/h1>\n<div class=\"entry entry-content\">\n<p><span class=\"embed-youtube\"><iframe loading=\"lazy\" class=\"youtube-player\" src=\"https:\/\/www.youtube.com\/embed\/75Qr0U3F1LM?version=3&amp;rel=1&amp;fs=1&amp;autohide=2&amp;showsearch=0&amp;showinfo=1&amp;iv_load_policy=1&amp;wmode=transparent\" width=\"500\" height=\"312\" allowfullscreen=\"allowfullscreen\" data-mce-fragment=\"1\"><\/iframe><\/span><\/p>\n<p class=\"gmail_default\"><strong><em><span class=\"m_-5404300622212702267gmail-m_-3158400275383941488gmail-hiddenSpellError\">Miguel<\/span>\u00a0<span class=\"m_-5404300622212702267gmail-m_-3158400275383941488gmail-hiddenSpellError\">Arenas<\/span><\/em>\u00a0\u00e9s advocat laboralista i soci del Col\u00b7lectiu Ronda des de 2004. Gran especialista en Seguretat Social, tant pel que fa a prestacions p\u00fabliques com privades.<\/strong><\/p>\n<p class=\"gmail_default\"><strong>Comen\u00e7a dient:\u00a0<\/strong><em><strong>\u201d\u00a0<span class=\"m_-5404300622212702267gmail-m_-3158400275383941488gmail-hiddenGrammarError\">Me dedico<\/span>\u00a0al\u00a0<span class=\"m_-5404300622212702267gmail-m_-3158400275383941488gmail-hiddenSpellError\">derecho<\/span>,\u00a0<span class=\"m_-5404300622212702267gmail-m_-3158400275383941488gmail-hiddenSpellError\">aunque<\/span>\u00a0no\u00a0<span class=\"m_-5404300622212702267gmail-m_-3158400275383941488gmail-hiddenGrammarError\">me<\/span>\u00a0<span class=\"m_-5404300622212702267gmail-m_-3158400275383941488gmail-hiddenGrammarError\">lo<\/span>\u00a0creo\u2026\u201d<\/strong><\/em><br \/>\n<strong>i a continuaci\u00f3 ens mostra la nova prec\u00e0ria situaci\u00f3 laboral, que en un curt per\u00edode de temps ha fet un retroc\u00e9s dels drets dels treballadors\u00a0<span class=\"m_-5404300622212702267gmail-m_-3158400275383941488gmail-hiddenGrammarError\">inimaginable<\/span>, incl\u00fas, p\u00e8rdua de convenis col\u00b7lectius i, contractes 0 (el treballador signa el contracte,\u00a0per\u00f2\u00a0no sap en qui moment haur\u00e0 de prestar el servei ni quant de temps, l\u2019empresa disposa plenament del seu temps). Tot aix\u00f2 fruit de l\u2019aplicaci\u00f3 per l\u2019estat espanyol i la Uni\u00f3 Europea de les pol\u00edtiques econ\u00f2miques neoliberals que prioritzen els interessos capitalistes en detriment dels nostres drets m\u00e9s fonamentals.<\/strong><br \/>\n<strong>Els jutjats del social estan col\u00b7lapsats., El Dret laboral\u00a0s\u2019est\u00e0\u00a0convertint en Dret mercantil, perden els seus or\u00edgens.<\/strong><br \/>\n<strong>Tamb\u00e9 el PP va disminuir les quotes dels aturats amb la reforma de 2012, fa desapar\u00e8ixer el subsidi assistencial per a majors de 45 anys, reforma el subsidi per a majors de 52 anys fent que en especial moltes dones no\u00a0puguin\u00a0accedir-hi.\u00a0<span class=\"m_-5404300622212702267gmail-m_-3158400275383941488gmail-hiddenGrammarError\">i<\/span>\u00a0congelant altres percepcions des de fa 6 anys.<\/strong><br \/>\n<strong>Quan a pensions deixa clar que aquesta, est\u00e0 vinculada a la cotitzaci\u00f3 des del primer dia de treball<\/strong><br \/>\n<strong>Com a mida esperan\u00e7adora, les continuades lluites han aconseguit que el PP s\u2019hagi vist obligat a apujar el salari base, que de pas influeix favorablement en les pensions.\u00a0<span class=\"m_-5404300622212702267gmail-m_-3158400275383941488gmail-hiddenGrammarError\">i<\/span>\u00a0incl\u00fas el Tribunal de Just\u00edcia Europeu ha donat un toc d\u2019atenci\u00f3 a l\u2019estat espanyol, fent recon\u00e8ixer que els treballadors temporals tamb\u00e9 tenen dret a ser indemnitzats. El cam\u00ed \u00e9s anar plegats.<\/strong><\/p>\n<p class=\"gmail_default\"><strong>Acaba dient:\u00a0<\/strong><em><strong>\u00a0\u201cNo\u00a0<span class=\"m_-5404300622212702267gmail-m_-3158400275383941488gmail-hiddenSpellError\">somos<\/span>\u00a0<span class=\"m_-5404300622212702267gmail-m_-3158400275383941488gmail-hiddenSpellError\">clase<\/span>\u00a0<span class=\"m_-5404300622212702267gmail-m_-3158400275383941488gmail-hiddenGreenError\">media<\/span>,\u00a0<span class=\"m_-5404300622212702267gmail-m_-3158400275383941488gmail-hiddenSpellError\">somos<\/span>\u00a0<span class=\"m_-5404300622212702267gmail-m_-3158400275383941488gmail-hiddenSpellError\">trabajadores<\/span>\u201c.<\/strong><\/em><\/p>\n<\/div>","protected":false},"excerpt":{"rendered":"<p>Miguel\u00a0Arenas\u00a0\u00e9s advocat laboralista i soci del Col\u00b7lectiu Ronda des de 2004. Gran especialista en Seguretat Social, tant pel que fa a prestacions p\u00fabliques com privades. Comen\u00e7a dient:\u00a0\u201d\u00a0Me dedico\u00a0al\u00a0derecho,\u00a0aunque\u00a0no\u00a0me\u00a0lo\u00a0creo\u2026\u201d i a continuaci\u00f3 ens mostra la nova prec\u00e0ria situaci\u00f3 laboral, que en un curt per\u00edode de temps ha fet un retroc\u00e9s dels drets dels treballadors\u00a0inimaginable, incl\u00fas, p\u00e8rdua&hellip;&nbsp;<a href=\"http:\/\/mareapensionista.org\/ca\/2021\/03\/07\/trabajodesempleo-y-pensiones-miguel-arenas\/\" class=\"\" rel=\"bookmark\">Read More &raquo;<span class=\"screen-reader-text\">Trabajo,desempleo y pensiones. MIGUEL ARENAS<\/span><\/a><\/p>","protected":false},"author":1,"featured_media":0,"comment_status":"open","ping_status":"open","sticky":false,"template":"","format":"standard","meta":{"neve_meta_sidebar":"","neve_meta_container":"","neve_meta_enable_content_width":"","neve_meta_content_width":0,"neve_meta_title_alignment":"","neve_meta_author_avatar":"","neve_post_elements_order":"","neve_meta_disable_header":"","neve_meta_disable_footer":"","neve_meta_disable_title":"","_ti_tpc_template_sync":false,"_ti_tpc_template_id":"","footnotes":""},"categories":[],"tags":[],"class_list":["post-859","post","type-post","status-publish","format-standard","hentry"],"_links":{"self":[{"href":"http:\/\/mareapensionista.org\/ca\/wp-json\/wp\/v2\/posts\/859","targetHints":{"allow":["GET"]}}],"collection":[{"href":"http:\/\/mareapensionista.org\/ca\/wp-json\/wp\/v2\/posts"}],"about":[{"href":"http:\/\/mareapensionista.org\/ca\/wp-json\/wp\/v2\/types\/post"}],"author":[{"embeddable":true,"href":"http:\/\/mareapensionista.org\/ca\/wp-json\/wp\/v2\/users\/1"}],"replies":[{"embeddable":true,"href":"http:\/\/mareapensionista.org\/ca\/wp-json\/wp\/v2\/comments?post=859"}],"version-history":[{"count":0,"href":"http:\/\/mareapensionista.org\/ca\/wp-json\/wp\/v2\/posts\/859\/revisions"}],"wp:attachment":[{"href":"http:\/\/mareapensionista.org\/ca\/wp-json\/wp\/v2\/media?parent=859"}],"wp:term":[{"taxonomy":"category","embeddable":true,"href":"http:\/\/mareapensionista.org\/ca\/wp-json\/wp\/v2\/categories?post=859"},{"taxonomy":"post_tag","embeddable":true,"href":"http:\/\/mareapensionista.org\/ca\/wp-json\/wp\/v2\/tags?post=859"}],"curies":[{"name":"wp","href":"https:\/\/api.w.org\/{rel}","templated":true}]}}