{"id":1007,"date":"2021-03-07T07:50:23","date_gmt":"2021-03-07T07:50:23","guid":{"rendered":"https:\/\/mareapensionista.org\/2021\/03\/07\/la-marea-pensionista-en-la-union-europea\/"},"modified":"2021-03-07T07:50:23","modified_gmt":"2021-03-07T07:50:23","slug":"la-marea-pensionista-en-la-union-europea","status":"publish","type":"post","link":"https:\/\/mareapensionista.org\/ca\/2021\/03\/07\/la-marea-pensionista-en-la-union-europea\/","title":{"rendered":"LA MAREA PENSIONISTA EN LA UNI\u00d3N EUROPEA"},"content":{"rendered":"<p>Desde la Coordinadora Estatal en Defensa de las Pensiones p\u00fablicas , os hacemos llegar las Jornadas Informativas realizadas en el Parlamento Europeo sobre nuestro Sistema de Seguridad Social acompa\u00f1ados de Griegos, Italianos y Franceses para presentar una defensa global.<\/p>\n<div><\/div>\n<div>Os dejamos el video completo de la Jornada, esa informaci\u00f3n que ni la prensa espa\u00f1ola ni las televisiones nos informar\u00edan.<\/div>\n<div>Esperamos que todos nos ayudeis a poder publicitarlo en las redes y que demos a conocer a tdos la realidad que vivimos.<\/div>\n<div>\u00a1\u00a1 EL SISTEMA PUBLICO DE PENSIONES!! EL \u00a1\u00a1 SISTEMA P\u00daBLICO DE SEGURIDAD SOCIAL SOMOS TODOS!!<\/div>\n<div><\/div>\n<div>VICTORIA PORTAS\u00a0 @VitoGaliza\u00a0 Tlf:699895822<\/div>\n<div>Portavoz de la Coordinadora Estatal y Miembro de MODEPEN<\/div>\n<div><\/div>\n<div><a href=\"https:\/\/web-guengl.streamovations.be\/index.php\/event\/stream\/retirement-in-time-of-crisis-what-future-for-our-pension-systems\" target=\"_blank\" rel=\"noopener noreferrer\">https:\/\/web-guengl.streamovations.be\/index.php\/event\/stream\/retirement-in-time-of-crisis-what-future-for-our-pension-systems<\/a><\/div>","protected":false},"excerpt":{"rendered":"<p>Desde la Coordinadora Estatal en Defensa de las Pensiones p\u00fablicas , os hacemos llegar las Jornadas Informativas realizadas en el Parlamento Europeo sobre nuestro Sistema de Seguridad Social acompa\u00f1ados de Griegos, Italianos y Franceses para presentar una defensa global. Os dejamos el video completo de la Jornada, esa informaci\u00f3n que ni la prensa espa\u00f1ola ni&hellip;&nbsp;<a href=\"https:\/\/mareapensionista.org\/ca\/2021\/03\/07\/la-marea-pensionista-en-la-union-europea\/\" class=\"\" rel=\"bookmark\">Read More &raquo;<span class=\"screen-reader-text\">LA MAREA PENSIONISTA EN LA UNI\u00d3N EUROPEA<\/span><\/a><\/p>","protected":false},"author":1,"featured_media":0,"comment_status":"open","ping_status":"open","sticky":false,"template":"","format":"standard","meta":{"neve_meta_sidebar":"","neve_meta_container":"","neve_meta_enable_content_width":"","neve_meta_content_width":0,"neve_meta_title_alignment":"","neve_meta_author_avatar":"","neve_post_elements_order":"","neve_meta_disable_header":"","neve_meta_disable_footer":"","neve_meta_disable_title":"","_ti_tpc_template_sync":false,"_ti_tpc_template_id":"","footnotes":""},"categories":[],"tags":[],"class_list":["post-1007","post","type-post","status-publish","format-standard","hentry"],"_links":{"self":[{"href":"https:\/\/mareapensionista.org\/ca\/wp-json\/wp\/v2\/posts\/1007","targetHints":{"allow":["GET"]}}],"collection":[{"href":"https:\/\/mareapensionista.org\/ca\/wp-json\/wp\/v2\/posts"}],"about":[{"href":"https:\/\/mareapensionista.org\/ca\/wp-json\/wp\/v2\/types\/post"}],"author":[{"embeddable":true,"href":"https:\/\/mareapensionista.org\/ca\/wp-json\/wp\/v2\/users\/1"}],"replies":[{"embeddable":true,"href":"https:\/\/mareapensionista.org\/ca\/wp-json\/wp\/v2\/comments?post=1007"}],"version-history":[{"count":0,"href":"https:\/\/mareapensionista.org\/ca\/wp-json\/wp\/v2\/posts\/1007\/revisions"}],"wp:attachment":[{"href":"https:\/\/mareapensionista.org\/ca\/wp-json\/wp\/v2\/media?parent=1007"}],"wp:term":[{"taxonomy":"category","embeddable":true,"href":"https:\/\/mareapensionista.org\/ca\/wp-json\/wp\/v2\/categories?post=1007"},{"taxonomy":"post_tag","embeddable":true,"href":"https:\/\/mareapensionista.org\/ca\/wp-json\/wp\/v2\/tags?post=1007"}],"curies":[{"name":"wp","href":"https:\/\/api.w.org\/{rel}","templated":true}]}}