{"id":1009,"date":"2021-03-07T07:50:23","date_gmt":"2021-03-07T07:50:23","guid":{"rendered":"https:\/\/mareapensionista.org\/2021\/03\/07\/en-defensa-de-las-pensiones-publicas-22-de-febrero-placa-catalunya-1030-horas\/"},"modified":"2021-03-07T07:50:23","modified_gmt":"2021-03-07T07:50:23","slug":"en-defensa-de-las-pensiones-publicas-22-de-febrero-placa-catalunya-1030-horas","status":"publish","type":"post","link":"https:\/\/mareapensionista.org\/ca\/2021\/03\/07\/en-defensa-de-las-pensiones-publicas-22-de-febrero-placa-catalunya-1030-horas\/","title":{"rendered":"En defensa de las Pensiones P\u00fablicas, 22 de Febrero, Pla\u00e7a Catalunya, 10,30 horas"},"content":{"rendered":"<h1 class=\"posttitle\">BCN: En defensa de las Pensiones P\u00fablicas, 22 de Febrero, Pla\u00e7a Catalunya, 10,30 horas<\/h1>\n<p><i>Por\u00a0<\/i><a title=\"View all posts by Marea Pensionista\" href=\"http:\/\/kaosenlared.net\/author\/marea-pensionista\/\">Marea Pensionista<\/a><\/p>\n<p><center><ins class=\"adsbygoogle\" data-ad-client=\"ca-pub-9881559329500520\" data-ad-slot=\"4846811633\" data-ad-format=\"auto\" data-adsbygoogle-status=\"done\"><ins id=\"aswift_1_expand\"><ins id=\"aswift_1_anchor\"><\/ins><\/ins><\/ins><\/center><\/p>\n<div class=\"entry\">\n<p>PORQUE las reformas de pensiones del PSOE en el 2011 y la de PP en el 2013 junto a la firma del Pacto de Toledo de 1995 han significado las mayores agresiones contra las conquistas de la clase obrera en su lucha por la defensa del Sistema P\u00fablico de Pensiones en los \u00faltimos 50 a\u00f1os<\/p>\n<div><a title=\"BCN: En defensa de las Pensiones P\u00fablicas, 22 de Febrero, Pla\u00e7a Catalunya, 10,30 horas\" href=\"http:\/\/kaosenlared.net\/wp-content\/uploads\/2018\/02\/22-FEBRERO-PLAZA-CATALUNYA-791x1024.jpg\"><img loading=\"lazy\" decoding=\"async\" class=\"attachment-medium size-medium wp-post-image\" src=\"http:\/\/kaosenlared.net\/wp-content\/uploads\/2018\/02\/22-FEBRERO-PLAZA-CATALUNYA-232x300.jpg\" sizes=\"auto, (max-width: 232px) 100vw, 232px\" srcset=\"http:\/\/kaosenlared.net\/wp-content\/uploads\/2018\/02\/22-FEBRERO-PLAZA-CATALUNYA-232x300.jpg 232w, http:\/\/kaosenlared.net\/wp-content\/uploads\/2018\/02\/22-FEBRERO-PLAZA-CATALUNYA-768x995.jpg 768w, http:\/\/kaosenlared.net\/wp-content\/uploads\/2018\/02\/22-FEBRERO-PLAZA-CATALUNYA-791x1024.jpg 791w, http:\/\/kaosenlared.net\/wp-content\/uploads\/2018\/02\/22-FEBRERO-PLAZA-CATALUNYA-560x725.jpg 560w\" alt=\"\" width=\"232\" height=\"300\" \/><\/a><\/div>\n<p>&nbsp;<\/p>\n<p><strong>Pla\u00e7a Catalunya de Barcelona, jueves 22 de febrero, 10\u201930 horas:<\/strong><\/p>\n<p><strong>Quema de las cartas del 0\u201925% y Asamblea.<\/strong><\/p>\n<p>&nbsp;<\/p>\n<p><strong>POR QU\u00c9 HAY QUE MOVILIZARSE PARA DEFENDER LAS PENSIONES P\u00daBLICAS?<\/strong><\/p>\n<p>PORQUE las pensiones p\u00fablicas son responsabilidad del Estado, exigimos que los desfases entre ingresos y gastos de la Seguridad Social se cubran desde los Presupuestos Generales del Estado.<\/p>\n<p>PORQUE la reforma del gobierno socialista de 2011 \u00a0alarga la edad de jubilaci\u00f3n. Porque con en esta misma Reforma, la cobertura de lagunas de cotizaci\u00f3n de la pensi\u00f3n puede llegar a representar hasta 38,10%\u00a0 menos que en la situaci\u00f3n anterior\u00a0 a la referida Reforma<\/p>\n<p>Exigimos mantener la edad de jubilaci\u00f3n a los 65 a\u00f1os y derogar la reforma de Zapatero, que supone uno de los mayores recortes de gasto en pensiones de Europa.<\/p>\n<p>PORQUE la reforma del PP en 2013 \u00a0de 0.25 nos precariza<\/p>\n<p><strong>\u00a0Exigimos la recuperaci\u00f3n del modelo de revalorizaci\u00f3n autom\u00e1tica de las pensiones en\u00a0 relaci\u00f3n al IPC real, asegurando as\u00ed el mantenimiento de su poder adquisitiv<\/strong>o.<\/p>\n<p><strong>PORQUE\u00a0<\/strong>m\u00e1s de cuatro millones y medio de las pensiones viven en la exclusi\u00f3n social<\/p>\n<p><strong>Por eso, pedimos<\/strong>\u00a0<strong>que se equiparen las pensiones m\u00e1s bajas al salario m\u00ednimo interprofesional, y que \u00e9ste se incremente a corto plazo hasta alcanzar la recomendaci\u00f3n de la Comisi\u00f3n Europea.<\/strong><\/p>\n<p><strong>PORQUE\u00a0<\/strong>la brecha de g\u00e9nero en las pensiones empobrece a las mujeres<\/p>\n<p><strong>Es imprescindible establecer f\u00f3rmulas que rompan la brecha existente entre las\u00a0 pensiones<\/strong>\u00a0\u00a0<strong>percibidas por hombres y mujeres, aplicando complementos a su pensi\u00f3n.<\/strong><\/p>\n<p><strong>PORQUE<\/strong>\u00a0el copago farmac\u00e9utico no nos puede poner en la alternativa de comer o medicarnos.<\/p>\n<p><strong>Por ello, otra de nuestras reivindicaciones es la eliminaci\u00f3n de todo tipo de copago\u00a0\u00a0 farmac\u00e9utico.<\/strong><\/p>\n<p>&nbsp;<\/p>\n<p><strong>SOBRAN LAS RAZONES<\/strong><\/p>\n<p>El proyecto de ley presentado en el Congreso de los Diputados por En Marea y VETADO por los partidos de la derecha recalcitrante recoge la mayor parte de nuestras reivindicaciones. Este pa\u00eds debe permitirse una ley de Pensiones nueva que garantice todos nuestros derechos.<\/p>\n<p>&nbsp;<\/p>\n<p><strong>\u00a1S\u00ed SE PUEDE!<\/strong><\/p>\n<p><strong>\u00a1Si queremos pensiones dignas ma\u00f1ana, tenemos que defenderlas hoy!<\/strong><\/p>\n<p><strong>\u00a1Que no te roben la pensi\u00f3n! \u00a1\u00a1Lucha!!<\/strong><\/p>\n<p><strong>NO AL 0\u201925% DE SUBIDA EN PENSIONE<\/strong><\/p>\n<\/div>","protected":false},"excerpt":{"rendered":"<p>BCN: En defensa de las Pensiones P\u00fablicas, 22 de Febrero, Pla\u00e7a Catalunya, 10,30 horas Por\u00a0Marea Pensionista PORQUE las reformas de pensiones del PSOE en el 2011 y la de PP en el 2013 junto a la firma del Pacto de Toledo de 1995 han significado las mayores agresiones contra las conquistas de la clase obrera&hellip;&nbsp;<a href=\"https:\/\/mareapensionista.org\/ca\/2021\/03\/07\/en-defensa-de-las-pensiones-publicas-22-de-febrero-placa-catalunya-1030-horas\/\" class=\"\" rel=\"bookmark\">Read More &raquo;<span class=\"screen-reader-text\">En defensa de las Pensiones P\u00fablicas, 22 de Febrero, Pla\u00e7a Catalunya, 10,30 horas<\/span><\/a><\/p>","protected":false},"author":1,"featured_media":0,"comment_status":"open","ping_status":"open","sticky":false,"template":"","format":"standard","meta":{"neve_meta_sidebar":"","neve_meta_container":"","neve_meta_enable_content_width":"","neve_meta_content_width":0,"neve_meta_title_alignment":"","neve_meta_author_avatar":"","neve_post_elements_order":"","neve_meta_disable_header":"","neve_meta_disable_footer":"","neve_meta_disable_title":"","_ti_tpc_template_sync":false,"_ti_tpc_template_id":"","footnotes":""},"categories":[],"tags":[],"class_list":["post-1009","post","type-post","status-publish","format-standard","hentry"],"_links":{"self":[{"href":"https:\/\/mareapensionista.org\/ca\/wp-json\/wp\/v2\/posts\/1009","targetHints":{"allow":["GET"]}}],"collection":[{"href":"https:\/\/mareapensionista.org\/ca\/wp-json\/wp\/v2\/posts"}],"about":[{"href":"https:\/\/mareapensionista.org\/ca\/wp-json\/wp\/v2\/types\/post"}],"author":[{"embeddable":true,"href":"https:\/\/mareapensionista.org\/ca\/wp-json\/wp\/v2\/users\/1"}],"replies":[{"embeddable":true,"href":"https:\/\/mareapensionista.org\/ca\/wp-json\/wp\/v2\/comments?post=1009"}],"version-history":[{"count":0,"href":"https:\/\/mareapensionista.org\/ca\/wp-json\/wp\/v2\/posts\/1009\/revisions"}],"wp:attachment":[{"href":"https:\/\/mareapensionista.org\/ca\/wp-json\/wp\/v2\/media?parent=1009"}],"wp:term":[{"taxonomy":"category","embeddable":true,"href":"https:\/\/mareapensionista.org\/ca\/wp-json\/wp\/v2\/categories?post=1009"},{"taxonomy":"post_tag","embeddable":true,"href":"https:\/\/mareapensionista.org\/ca\/wp-json\/wp\/v2\/tags?post=1009"}],"curies":[{"name":"wp","href":"https:\/\/api.w.org\/{rel}","templated":true}]}}