{"id":1016,"date":"2021-03-07T07:50:25","date_gmt":"2021-03-07T07:50:25","guid":{"rendered":"https:\/\/mareapensionista.org\/2021\/03\/07\/eduardo-larraz-dice-que-necesita-10-000-euros-al-mes-para-subsistencia\/"},"modified":"2021-03-07T07:50:25","modified_gmt":"2021-03-07T07:50:25","slug":"eduardo-larraz-dice-que-necesita-10-000-euros-al-mes-para-subsistencia","status":"publish","type":"post","link":"https:\/\/mareapensionista.org\/ca\/2021\/03\/07\/eduardo-larraz-dice-que-necesita-10-000-euros-al-mes-para-subsistencia\/","title":{"rendered":"EDUARDO LARRAZ DICE QUE NECESITA 10.000 EUROS AL MES PARA SUBSISTENCIA"},"content":{"rendered":"<p>10.000 euros al mes para subsitencia\u201d. Un sueldo Nescaf\u00e9 con el que so\u00f1ar\u00edan muchos ciudadanos, pero que es la cantidad que Eduardo Larraz, exconsejero delegado de Arpegio e imputado en P\u00fanica, y su mujer consideran que es lo m\u00ednimo con lo que llegar a fin de mes. As\u00ed se lo han solicitado sus abogados a la Fiscal\u00eda suiza, que a su vez se lo consult\u00f3 al juzgado de Instrucci\u00f3n N\u00famero de la Audiencia nacional el pasado mes de agosto, en una solicitud a la que ha tenido acceso ELPLURAL.COM.<\/p>\n<p>No es lo \u00fanico que el matrimonio ha pedido, porque adem\u00e1s los \u201c10.000 euros mensuales para cubrir los gastos de subsistencia\u201d que quieren desbloquear, tambi\u00e9n reclaman \u201c45.000 euros\u201d destinados para \u201cmatr\u00edcula escolar para uno de los hijos\u201d de la pareja. Y, por \u00faltimo, que se les permita sacar \u201c100.000 euros\u201d de \u201chonorarios de representaci\u00f3n letrada\u201d.<\/p>\n<div class=\"a-single a-15\"><\/div>\n<p>El mismo documento remitido desde Suiza recuerda a la Justicia espa\u00f1ola que, \u201ccomo cumplimentaci\u00f3n de su solicitud de asistencia jur\u00eddica mutua\u201d, al matrimonio ya le fue \u201ccongelada\u201d una cuenta en el pa\u00eds helv\u00e9tico que contaba con \u201c2,8 millones de francos suizos\u201d, que al cambio actual suponen casi 2,5 millones de euros.<\/p>\n<p>Una cantidad que podr\u00eda parecer grande, pero hay que tener en cuenta que al matrimonio le fueron descubiertos en Suiza 146 lingotes de oro en el banco Julius Bar &amp; Co. Un peque\u00f1o tesoro que, como explic\u00f3 este peri\u00f3dico, estaba valorado en cerca de 2 millones de euros.<\/p>\n<div class=\"a-single a-15\"><\/div>\n<p>Larraz habr\u00eda amasado esta fortuna mientras era consejero delegado en la empresa p\u00fablica madrile\u00f1a Arpegio, estrechamente vinculada con la trama P\u00fanica. De hecho, tanto el juez Eloy Velasco como la Fiscal\u00eda Anticorrupci\u00f3n sospechaban que el dinero podr\u00eda proceder de mordidas dirigidas por Francisco Granados.<br \/>\nLigado a Celia Villalobos<br \/>\nAparte de este historial ligado al Gobierno de Esperanza Aguirre en la Comunidad de Madrid, su pasado pol\u00edtico se inicia con Celia Villalobos, cuando fue contratado, diputada del Partido Popular y exvicepresidenta del Congreso, como gerente de Urbanismo del Ayuntamiento de M\u00e1laga cuando \u00e9sta ocupaba la Alcald\u00eda de la ciudad malague\u00f1a.<\/p>\n<p>Cuando Villalobos dio el salto a la pol\u00edtica nacional, Larraz fue su jefe de Gabinete en Ministerio de Sanidad cuando ocup\u00f3 el cargo con el Gobierno de Jos\u00e9 Mar\u00eda Aznar entre 2000 y 2002.<\/p>\n<div class=\"a-single a-15\"><\/div>\n<p><strong><br \/>\nEmpresa en para\u00edsos fiscales<\/strong><\/p>\n<p>Tambi\u00e9n se conoci\u00f3 en 2013 que Larranz tuvo una sociedad en el para\u00edso fiscal de las Islas V\u00edrgenes Brit\u00e1nicas. La compa\u00f1\u00eda, creada en febrero de 2005, tuvo \u201cun desconocido origen de los fondos\u201d, seg\u00fan un informe confidencial de 2010 de la empresa intermediaria Commonweath Trust Limited seg\u00fan public\u00f3 El Confidencial.<\/p>\n<div class=\"a-single a-15\"><\/div>\n<p><a href=\"http:\/\/www.primaveravalenciana.info\/wp-content\/uploads\/2017\/09\/58.jpg\"><img loading=\"lazy\" decoding=\"async\" class=\"alignleft size-full wp-image-7631\" src=\"http:\/\/www.primaveravalenciana.info\/wp-content\/uploads\/2017\/09\/58.jpg\" sizes=\"auto, (max-width: 1000px) 100vw, 1000px\" srcset=\"http:\/\/www.primaveravalenciana.info\/wp-content\/uploads\/2017\/09\/58.jpg 1000w, http:\/\/www.primaveravalenciana.info\/wp-content\/uploads\/2017\/09\/58-300x170.jpg 300w, http:\/\/www.primaveravalenciana.info\/wp-content\/uploads\/2017\/09\/58-768x435.jpg 768w\" alt=\"\" width=\"1000\" height=\"567\" \/><\/a><br \/>\nV\u00eda: Elplural.com<\/p>\n<div class=\"socialize-containter\"><\/div>","protected":false},"excerpt":{"rendered":"<p>10.000 euros al mes para subsitencia\u201d. Un sueldo Nescaf\u00e9 con el que so\u00f1ar\u00edan muchos ciudadanos, pero que es la cantidad que Eduardo Larraz, exconsejero delegado de Arpegio e imputado en P\u00fanica, y su mujer consideran que es lo m\u00ednimo con lo que llegar a fin de mes. As\u00ed se lo han solicitado sus abogados a&hellip;&nbsp;<a href=\"https:\/\/mareapensionista.org\/ca\/2021\/03\/07\/eduardo-larraz-dice-que-necesita-10-000-euros-al-mes-para-subsistencia\/\" class=\"\" rel=\"bookmark\">Read More &raquo;<span class=\"screen-reader-text\">EDUARDO LARRAZ DICE QUE NECESITA 10.000 EUROS AL MES PARA SUBSISTENCIA<\/span><\/a><\/p>","protected":false},"author":1,"featured_media":0,"comment_status":"open","ping_status":"open","sticky":false,"template":"","format":"standard","meta":{"neve_meta_sidebar":"","neve_meta_container":"","neve_meta_enable_content_width":"","neve_meta_content_width":0,"neve_meta_title_alignment":"","neve_meta_author_avatar":"","neve_post_elements_order":"","neve_meta_disable_header":"","neve_meta_disable_footer":"","neve_meta_disable_title":"","_ti_tpc_template_sync":false,"_ti_tpc_template_id":"","footnotes":""},"categories":[],"tags":[],"class_list":["post-1016","post","type-post","status-publish","format-standard","hentry"],"_links":{"self":[{"href":"https:\/\/mareapensionista.org\/ca\/wp-json\/wp\/v2\/posts\/1016","targetHints":{"allow":["GET"]}}],"collection":[{"href":"https:\/\/mareapensionista.org\/ca\/wp-json\/wp\/v2\/posts"}],"about":[{"href":"https:\/\/mareapensionista.org\/ca\/wp-json\/wp\/v2\/types\/post"}],"author":[{"embeddable":true,"href":"https:\/\/mareapensionista.org\/ca\/wp-json\/wp\/v2\/users\/1"}],"replies":[{"embeddable":true,"href":"https:\/\/mareapensionista.org\/ca\/wp-json\/wp\/v2\/comments?post=1016"}],"version-history":[{"count":0,"href":"https:\/\/mareapensionista.org\/ca\/wp-json\/wp\/v2\/posts\/1016\/revisions"}],"wp:attachment":[{"href":"https:\/\/mareapensionista.org\/ca\/wp-json\/wp\/v2\/media?parent=1016"}],"wp:term":[{"taxonomy":"category","embeddable":true,"href":"https:\/\/mareapensionista.org\/ca\/wp-json\/wp\/v2\/categories?post=1016"},{"taxonomy":"post_tag","embeddable":true,"href":"https:\/\/mareapensionista.org\/ca\/wp-json\/wp\/v2\/tags?post=1016"}],"curies":[{"name":"wp","href":"https:\/\/api.w.org\/{rel}","templated":true}]}}