{"id":1039,"date":"2021-03-07T07:50:26","date_gmt":"2021-03-07T07:50:26","guid":{"rendered":"https:\/\/mareapensionista.org\/2021\/03\/07\/comunicado-comision-de-portavoces-y-comision-de-organizacion-de-la-coordinadora-estatal-por-la-defensa-del-sistema-publico-de-pensiones\/"},"modified":"2021-03-07T07:50:26","modified_gmt":"2021-03-07T07:50:26","slug":"comunicado-comision-de-portavoces-y-comision-de-organizacion-de-la-coordinadora-estatal-por-la-defensa-del-sistema-publico-de-pensiones","status":"publish","type":"post","link":"https:\/\/mareapensionista.org\/ca\/2021\/03\/07\/comunicado-comision-de-portavoces-y-comision-de-organizacion-de-la-coordinadora-estatal-por-la-defensa-del-sistema-publico-de-pensiones\/","title":{"rendered":"COMUNICADO COMISI\u00d3N DE PORTAVOCES Y COMISI\u00d3N DE ORGANIZACI\u00d3N DE LA COORDINADORA ESTATAL POR LA DEFENSA DEL SISTEMA P\u00daBLICO DE PENSIONES."},"content":{"rendered":"<p>COMUNICADO COMISI\u00d3N DE PORTAVOCES Y COMISI\u00d3N DE ORGANIZACI\u00d3N DE LA COORDINADORA ESTATAL POR LA DEFENSA DEL SISTEMA P\u00daBLICO DE PENSIONES.<\/p>\n<p>Reunidas en el d\u00eda de hoy ambas Comisiones para analizar las concentraciones y manifestaciones del pasado d\u00eda 22 hemos concluido lo siguiente: 1.- Desde las propias manifestaciones se nos ha reclamado la continuidad de las movilizaciones con el objetivo de la mejora del actual Sistema P\u00fablico de Pensiones en los puntos que est\u00e1n en nuestra Tabla Reivindicativa. 2.- Que se nos pidi\u00f3 y entra dentro de ese contexto perfectamente, debido a la desigualdad salarial y lagunas de cotizaciones, la defensa clara de las futuras y actuales pensionistas por lo que llamamos a todxs lxs pensionistas de este pa\u00eds a la participaci\u00f3n activa en la Huelga General del pr\u00f3ximo d\u00eda 8 D\u00eda Internacional de la Mujer Trabajadora. 3.- A tal fin la Coordinadora elaborar\u00e1 un Comunicado dirigido a sociedad en general, a los medios de comunicaci\u00f3n y a las distintas Plataformas de las ciudades y pueblos de Espa\u00f1a para su m\u00e1s amplia difusi\u00f3n. 4.- Que siguiendo las peticiones populares de continuidad de movilizaciones en Defensa del Sistema P\u00fablico de Pensiones establecemos para la realizaci\u00f3n de nuevas concentraciones\/manifestaciones la fecha del pr\u00f3ximo d\u00eda 17 de Marzo. 5.- Que para dar cumplimiento a estos acuerdo enviaremos a todas las Plataformas octavillas para repartir en las manifestaciones del d\u00eda 8 de Marzo. 6.- Que de igual manera, instamos a todas las Asambleas de todas las Plataformas que se movilizaron el pasado d\u00eda 22 y las nuevas que se est\u00e1n adhiriendo a la Coordinadora Estatal que vayan solicitando permisos para la realizaci\u00f3n en cada localidad de las citadas concentraciones\/manifestaciones del pr\u00f3ximo 17 de Marzo, con antelaci\u00f3n suficiente para que se nos pasen plazos. Se nos debe remitir por parte de las mismas, lugar y hora de la concentraci\u00f3n para remitirles el cartel y que lo difundan cuanto antes por todos los canales de comunicaci\u00f3n.<\/p>","protected":false},"excerpt":{"rendered":"<p>COMUNICADO COMISI\u00d3N DE PORTAVOCES Y COMISI\u00d3N DE ORGANIZACI\u00d3N DE LA COORDINADORA ESTATAL POR LA DEFENSA DEL SISTEMA P\u00daBLICO DE PENSIONES. Reunidas en el d\u00eda de hoy ambas Comisiones para analizar las concentraciones y manifestaciones del pasado d\u00eda 22 hemos concluido lo siguiente: 1.- Desde las propias manifestaciones se nos ha reclamado la continuidad de las&hellip;&nbsp;<a href=\"https:\/\/mareapensionista.org\/ca\/2021\/03\/07\/comunicado-comision-de-portavoces-y-comision-de-organizacion-de-la-coordinadora-estatal-por-la-defensa-del-sistema-publico-de-pensiones\/\" class=\"\" rel=\"bookmark\">Read More &raquo;<span class=\"screen-reader-text\">COMUNICADO COMISI\u00d3N DE PORTAVOCES Y COMISI\u00d3N DE ORGANIZACI\u00d3N DE LA COORDINADORA ESTATAL POR LA DEFENSA DEL SISTEMA P\u00daBLICO DE PENSIONES.<\/span><\/a><\/p>","protected":false},"author":1,"featured_media":0,"comment_status":"open","ping_status":"open","sticky":false,"template":"","format":"standard","meta":{"neve_meta_sidebar":"","neve_meta_container":"","neve_meta_enable_content_width":"","neve_meta_content_width":0,"neve_meta_title_alignment":"","neve_meta_author_avatar":"","neve_post_elements_order":"","neve_meta_disable_header":"","neve_meta_disable_footer":"","neve_meta_disable_title":"","_ti_tpc_template_sync":false,"_ti_tpc_template_id":"","footnotes":""},"categories":[],"tags":[],"class_list":["post-1039","post","type-post","status-publish","format-standard","hentry"],"_links":{"self":[{"href":"https:\/\/mareapensionista.org\/ca\/wp-json\/wp\/v2\/posts\/1039","targetHints":{"allow":["GET"]}}],"collection":[{"href":"https:\/\/mareapensionista.org\/ca\/wp-json\/wp\/v2\/posts"}],"about":[{"href":"https:\/\/mareapensionista.org\/ca\/wp-json\/wp\/v2\/types\/post"}],"author":[{"embeddable":true,"href":"https:\/\/mareapensionista.org\/ca\/wp-json\/wp\/v2\/users\/1"}],"replies":[{"embeddable":true,"href":"https:\/\/mareapensionista.org\/ca\/wp-json\/wp\/v2\/comments?post=1039"}],"version-history":[{"count":0,"href":"https:\/\/mareapensionista.org\/ca\/wp-json\/wp\/v2\/posts\/1039\/revisions"}],"wp:attachment":[{"href":"https:\/\/mareapensionista.org\/ca\/wp-json\/wp\/v2\/media?parent=1039"}],"wp:term":[{"taxonomy":"category","embeddable":true,"href":"https:\/\/mareapensionista.org\/ca\/wp-json\/wp\/v2\/categories?post=1039"},{"taxonomy":"post_tag","embeddable":true,"href":"https:\/\/mareapensionista.org\/ca\/wp-json\/wp\/v2\/tags?post=1039"}],"curies":[{"name":"wp","href":"https:\/\/api.w.org\/{rel}","templated":true}]}}