{"id":1115,"date":"2021-03-07T07:50:34","date_gmt":"2021-03-07T07:50:34","guid":{"rendered":"https:\/\/mareapensionista.org\/2021\/03\/07\/pensionistas-egoistas-y-demagogos-respuesta-a-un-demagogo-muy-interesante\/"},"modified":"2021-03-07T07:50:34","modified_gmt":"2021-03-07T07:50:34","slug":"pensionistas-egoistas-y-demagogos-respuesta-a-un-demagogo-muy-interesante","status":"publish","type":"post","link":"https:\/\/mareapensionista.org\/ca\/2021\/03\/07\/pensionistas-egoistas-y-demagogos-respuesta-a-un-demagogo-muy-interesante\/","title":{"rendered":"\u00bfPensionistas ego\u00edstas y demagogos? Respuesta a un demagogo (MUY INTERESANTE)"},"content":{"rendered":"<p class=\"x_MsoNormal\">\u00bfPensionistas ego\u00edstas y demagogos? Respuesta a un demagogo<\/p>\n<p class=\"x_MsoNormal\"><a href=\"http:\/\/blogs.publico.es\/vicenc-navarro\/2018\/04\/20\/pensionistas-egoistas-y-demagogos-respuesta-a-un-demagogo\/\" target=\"_blank\" rel=\"noopener noreferrer\">blogs.publico.es<\/a><\/p>\n<p class=\"x_MsoNormal\"><b>Vicen\u00e7 Navarro<\/b><br \/>\n<b><i>Catedr\u00e1tico de Ciencias Pol\u00edticas y Pol\u00edticas P\u00fablicas. Universitat Pompeu Fabra<\/i><\/b><\/p>\n<p class=\"x_MsoNormal\">La salida de los pensionistas a la calle en protesta por la bajada de la capacidad adquisitiva de sus pensiones ha creado una respuesta del establishment conservador-neoliberal, pr\u00f3ximo al capital financiero, de clara hostilidad (expresada en los medios de informaci\u00f3n que controlan y\/o influencian) hacia los pensionistas, acus\u00e1ndolos de todo. Un ejemplo fue un reciente programa sobre las pensiones en\u00a0<i>La Sexta Noche<\/i>\u00a0donde el economista del programa, el Sr. Gonzalo Bernardos (cuya mayor \u201caportaci\u00f3n\u201d hab\u00eda sido el negar en 2004 que habr\u00eda una burbuja inmobiliaria de car\u00e1cter especulativo, poco antes de que esta explotara), ri\u00f1\u00f3 a los dirigentes del movimiento de protesta de los pensionistas (presentes en el programa) critic\u00e1ndolos por desear m\u00e1s dinero p\u00fablico cuando ya ten\u00edan m\u00e1s que suficiente, mucho m\u00e1s \u2013seg\u00fan \u00e9l- que lo que ten\u00edan los pensionistas de los pa\u00edses de la Uni\u00f3n Europea. Lo que caracteriz\u00f3 aquel intercambio fue el tono pedante que el economista utiliz\u00f3 para ridiculizar a los pensionistas, dirigi\u00e9ndose hacia ellos \u2013gente normal y corriente\u2013 con un tono condescendiente y ofensivo. Los acusaba de ignorantes y de escasa sensibilidad hacia los dem\u00e1s, que estaban en una situaci\u00f3n peor.<\/p>\n<p class=\"x_MsoNormal\">En un art\u00edculo ampliamente documentado, mostr\u00e9 que, en realidad, los pensionistas estaban mucho mejor informados sobre la situaci\u00f3n de las pensiones que el \u201csupuesto\u201d experto. El conocimiento que la vida cotidiana da a los pensionistas, en muchas ocasiones, es mayor que el que adquieren profesionales que obtienen sus datos de instituciones pr\u00f3ximas a los grupos financieros opuestos a las transferencias p\u00fablicas del Estado \u2013como las pensiones- (ver mi art\u00edculo \u201cLa falsedad de la supuesta \u2018excesiva\u2019 generosidad de las pensiones en Espa\u00f1a\u201d,\u00a0<i>P\u00fablico<\/i>, 02.02.2018). Los datos objetivos y cre\u00edbles muestran que eran los pensionistas \u2013y no el supuesto experto- los que llevaban raz\u00f3n. Como muestro en el art\u00edculo citado, las pensiones en Espa\u00f1a son bajas en relaci\u00f3n con las existentes en los otros pa\u00edses de la UE-15.<\/p>\n<p class=\"x_MsoNormal\"><b><i>Otro art\u00edculo ofensivo hacia los pensionistas<\/i><\/b><\/p>\n<p class=\"x_MsoNormal\">Otro ejemplo m\u00e1s reciente es el art\u00edculo de nada menos que de un catedr\u00e1tico de Sociolog\u00eda de la Universidad Complutense, Julio Caraba\u00f1a, en el que, con el mismo tono beligerante, insulta a los pensionistas, llam\u00e1ndolos ego\u00edstas y demagogos (\u201cPensionistas, ego\u00edstas y demagogos\u201d, publicado con toda visibilidad en lugar preferente en\u00a0<i>El Pa\u00eds<\/i>, 09.04.2018). Presenta a los pensionistas que han salido a la calle para protestar como \u201c<b>ego\u00edstas dirigidos por demagogos\u201d que mienten, tergiversando la realidad, ocultando que en realidad \u201clos pensionistas nunca han estado mejor que ahora\u201d. Llamarlos ego\u00edstas se justifica, seg\u00fan el autor, porque este elevado bienestar se ha conseguido a costa de un mayor sacrificio de las personas que trabajan (y que contribuyen a la Seguridad Social), cuyo nivel de vida ha descendido.<\/b><\/p>\n<p class=\"x_MsoNormal\">En general, este tipo de art\u00edculos (que pertenecer\u00edan m\u00e1s a la \u00f3rbita de\u00a0<b>La Raz\u00f3n<\/b>,\u00a0<b>ABC<\/b>\u00a0o\u00a0<b>El Mundo<\/b>\u00a0que a lo que era antes\u00a0<b>El Pa\u00eds)<\/b>\u00a0no merecen una contestaci\u00f3n. Pero al ser firmado por un catedr\u00e1tico de Sociolog\u00eda, Julio Caraba\u00f1a, que utiliza toda una serie de datos en un intento de a\u00f1adir credibilidad a su mensaje, exige una respuesta. Lamento que no fuese consciente de la existencia de tal art\u00edculo hasta hace un par de d\u00edas.\u00a0<b>Por lo visto ha sido ampliamente difundido por instrumentos pr\u00f3ximos a la banca, a las compa\u00f1\u00edas de seguros y a la gran patronal (que es decir, por un extenso n\u00famero de medios del pa\u00eds).<\/b><\/p>\n<p class=\"x_MsoNormal\">En general los argumentos son parecidos a los que el economista del programa de\u00a0<i>La Sexta Noche<\/i>\u00a0utiliz\u00f3 en su intento de ridiculizar a los pensionistas, acus\u00e1ndolos tambi\u00e9n de oportunistas y de exagerados pues las pensiones son supergenorosas en Espa\u00f1a, mucho m\u00e1s que en otros pa\u00edses de nuestro entorno.<\/p>\n<p class=\"x_MsoNormal\"><b><i>Las falacias y \u201cfake news\u201d sobre las pensiones<\/i><\/b><\/p>\n<p class=\"x_MsoNormal\">Veamos pues lo que el art\u00edculo de Caraba\u00f1a dice.\u00a0<b>El art\u00edculo se inicia con la contundente frase \u201cnunca los pensionistas han estado mejor que ahora\u201d. De ah\u00ed que concluya en el art\u00edculo que no tienen raz\u00f3n en su queja, la cual est\u00e1 llenando las calles<\/b>. Pero la falsedad de tal dictamen es muy f\u00e1cil de demostrar.\u00a0<b>El poder adquisitivo de las pensiones contributivas ha bajado en los \u00faltimos a\u00f1os durante el mandato del gobierno de Rajoy<\/b>. Desde 1997 a 2010 la capacidad adquisitiva de las pensiones (la diferencia entre la revalorizaci\u00f3n acumulada de las pensiones y la subida acumulada del IPC) aument\u00f3. En otras palabras, las pensiones aumentaron m\u00e1s que la inflaci\u00f3n.\u00a0<b>En cambio, a partir del 2012, con el gobierno Rajoy, tal capacidad adquisitiva disminuy\u00f3 ya que las pensiones crecieron menos que la inflaci\u00f3n. En lenguaje plano quiere decir que vivieron peor, no mejor, que en los a\u00f1os anteriores.<\/b>\u00a0\u00bfDe d\u00f3nde saca el Profesor Caraba\u00f1a que los pensionistas viven mejor? Los datos muestran claramente que est\u00e1n cargados de raz\u00f3n para salir a la calle.<\/p>\n<p class=\"x_MsoNormal\"><b>Pero no satisfecho en acusar a los pensionistas de \u201cquejosos sin raz\u00f3n\u201d (pues est\u00e1n viviendo mucho mejor, lo cual es f\u00e1cil de mostrar, como acabo de hacerlo que no es cierto), los acusa tambi\u00e9n de ego\u00edstas pues en realidad la pobreza entre pensionistas (poblaci\u00f3n con 65 a\u00f1os o m\u00e1s) ha ido bajando y bajando mientras que la pobreza entre la poblaci\u00f3n de 16 a 64 a\u00f1os ha ido subiendo. Adem\u00e1s de quejosos, los pensionistas son, pues, insensibles hacia la situaci\u00f3n de los dem\u00e1s.<\/b><\/p>\n<p class=\"x_MsoNormal\">Pero ah\u00ed, de nuevo, el profesor Caraba\u00f1a tambi\u00e9n confunde los datos y su interpretaci\u00f3n. La tasa de pobreza relativa de Eurostat se calcula como el 60% de la mediana de los ingresos por unidad de consumo de las personas. Por lo tanto, esto quiere decir que aumenta y disminuye en funci\u00f3n de lo que pase con la mediana de los ingresos.\u00a0<b>Al disminuir los ingresos generales de la poblaci\u00f3n tambi\u00e9n disminuye la tasa de pobreza de Eurostat.<\/b>\u00a0<b>Los jubilados han mantenido ingresos estables durante la crisis, y por eso salen mejor parados que el resto de los colectivos, pero esto solo es debido a que los dem\u00e1s se han empobrecido mucho m\u00e1s.<\/b>\u00a0<b>Adem\u00e1s, seg\u00fan el informe \u201cLa crisis econ\u00f3mica y la solidaridad familiar de los mayores\u201d, publicado por la Uni\u00f3n Democr\u00e1tica de Pensionistas (UDP) en marzo de 2014, seis de cada diez personas mayores (59,5%) ayudan econ\u00f3micamente a familiares o amigos en los peores a\u00f1os de la crisis.<\/b>\u00a0Dicho porcentaje ha experimentado un incremento de 19,1 puntos con respecto a 2012 y de 44,4 con respecto a 2010. A su vez, ocho de cada diez mayores (81,5%) ayudan a los hijos e hijas.\u00a0<b>Siete de cada diez mayores (69,6%) proporcionan una ayuda que es imprescindible para que los beneficiarios que la reciben puedan vivir dignamente.<\/b>\u00a0<b>As\u00ed pues, aunque han mantenido sus ingresos, los usan para ayudar a toda la familia, lo cual distorsiona el c\u00e1lculo de la unidad de consumo, dando una visi\u00f3n sesgada y poco realista de la situaci\u00f3n real de esos ingresos.<\/b><\/p>\n<p class=\"x_MsoNormal\"><b>\u00a0<\/b>Y ello lleva a la absurdidad de la acusaci\u00f3n de ser ego\u00edstas asumiendo err\u00f3neamente que sus mejoras ocurren a costa del empeoramiento de la situaci\u00f3n de los dem\u00e1s.\u00a0<b>Aunque es cierto que los pensionistas han resistido mejor a la pobreza respecto al resto de la poblaci\u00f3n,<\/b>\u00a0<b>esto no significa que sean ego\u00edstas por protestar porque haya gente a\u00fan en peor situaci\u00f3n<\/b>.\u00a0<b>\u00bfQu\u00e9 pasa si los comparamos, en cambio, con los que mejor les ha ido durante la crisis?<\/b>El \u00faltimo informe de Oxfam Interm\u00f3n\u00a0<b>\u201c\u00bfRealidad o ficci\u00f3n? La recuperaci\u00f3n econ\u00f3mica, en manos de una minor\u00eda?\u201d,<\/b>\u00a0<b>publicado a finales de 2017, se\u00f1ala que mientras el 10% m\u00e1s pobre ha visto disminuir un 17% su participaci\u00f3n en la renta nacional durante la d\u00e9cada de la Gran Recesi\u00f3n (a\u00f1os 2007 a 2016), el 10% m\u00e1s rico la ha visto incrementada en un 5%. Y el 1% m\u00e1s rico, en un 9%. A su vez, el 10% m\u00e1s rico concentra m\u00e1s de la mitad de la riqueza total del pa\u00eds (un 53,8%), m\u00e1s que el 90% restante,<\/b>\u00a0i el 1% de ricos entre los ricos posee la cuarta parte de la riqueza, casi el mismo porcentaje que el 70% de toda la poblaci\u00f3n.\u00a0<b>Al mismo tiempo, en el \u00faltimo a\u00f1o contabilizado, de 2016 a 2017, el 1% m\u00e1s rico captur\u00f3 el 40% de toda la riqueza creada, mientras el 50% m\u00e1s pobre apenas consigui\u00f3 repartirse un 7% de ese crecimiento.<\/b>\u00a0<b>En cambio, en Espa\u00f1a dos millones de pensionistas reciben entre 600 y 646 euros al mes (que son unas cifras menores que el salario m\u00ednimo interprofesional, fijado en 735,90 euros para 2018), y 4,5 millones menos de 1.000 euros al mes<\/b>\u00a0(ver\u00a0<b><i>Lo que debes saber para que no te roben la pensi\u00f3n<\/i><\/b>\u00a0escrito por Juan Torres y yo, Espasa 2013).\u00a0<b>\u00bfSon ego\u00edstas los pensionistas por protestar para que se redistribuya la riqueza, pidiendo nuevas formas de financiaci\u00f3n de las pensiones tal como est\u00e1n exigiendo?<\/b><\/p>\n<p class=\"x_MsoNormal\"><b><i>Espa\u00f1a se gasta menos, no m\u00e1s que la UE<\/i><\/b><\/p>\n<p class=\"x_MsoNormal\">En realidad,\u00a0<b>Espa\u00f1a se gasta en pensiones mucho menos de lo que deber\u00eda gastarse por su estructura demogr\u00e1fica (que es muy semejante a la del promedio de la UE-15) y por su nivel de riqueza<\/b>. As\u00ed, seg\u00fan Eurostat, la poblaci\u00f3n con 65 a\u00f1os o m\u00e1s representa en Espa\u00f1a un 18,5% del total (el mismo porcentaje que en el promedio de la UE-15).\u00a0<b>Sin embargo, el gasto en pensiones de jubilaci\u00f3n asciende en Espa\u00f1a a un 8% del PIB, el tercer gasto m\u00e1s bajo de los pa\u00edses de la UE-15, cuando el promedio de la UE-15 es del 9,5% del PIB.<\/b>\u00a0En el caso de pa\u00edses concretos, Austria, con el mismo porcentaje de poblaci\u00f3n con 65 a\u00f1os o m\u00e1s (18,5%), se gasta un 3% m\u00e1s del PIB en pensiones de jubilaci\u00f3n que Espa\u00f1a (un 11% contra un 8%).<\/p>\n<p class=\"x_MsoNormal\">Es m\u00e1s, la Comisi\u00f3n Europea, en su informe\u00a0<b><i>The 2015 Ageing Report<\/i><\/b>, ha calculado que la\u00a0<b>tasa de reemplazo de las pensiones espa\u00f1olas podr\u00eda caer al 48% en 2060, lo que hace evidente el proceso de deterioro en el que est\u00e1 entrando el sistema espa\u00f1ol de pensiones debido a las carencias actuales del mercado laboral y a la reforma de las pensiones de 2013.\u00a0<\/b>En resumen, lo que estamos viendo en Espa\u00f1a es\u00a0<b>la p\u00e9rdida de un derecho colectivo constitucional. Es una cuesti\u00f3n de derechos y de modelo, no de cuant\u00eda relativa con respecto a la gente que lo est\u00e1 pasando peor.<\/b><\/p>","protected":false},"excerpt":{"rendered":"<p>\u00bfPensionistas ego\u00edstas y demagogos? Respuesta a un demagogo blogs.publico.es Vicen\u00e7 Navarro Catedr\u00e1tico de Ciencias Pol\u00edticas y Pol\u00edticas P\u00fablicas. Universitat Pompeu Fabra La salida de los pensionistas a la calle en protesta por la bajada de la capacidad adquisitiva de sus pensiones ha creado una respuesta del establishment conservador-neoliberal, pr\u00f3ximo al capital financiero, de clara hostilidad&hellip;&nbsp;<a href=\"https:\/\/mareapensionista.org\/ca\/2021\/03\/07\/pensionistas-egoistas-y-demagogos-respuesta-a-un-demagogo-muy-interesante\/\" class=\"\" rel=\"bookmark\">Read More &raquo;<span class=\"screen-reader-text\">\u00bfPensionistas ego\u00edstas y demagogos? Respuesta a un demagogo (MUY INTERESANTE)<\/span><\/a><\/p>","protected":false},"author":1,"featured_media":0,"comment_status":"open","ping_status":"open","sticky":false,"template":"","format":"standard","meta":{"neve_meta_sidebar":"","neve_meta_container":"","neve_meta_enable_content_width":"","neve_meta_content_width":0,"neve_meta_title_alignment":"","neve_meta_author_avatar":"","neve_post_elements_order":"","neve_meta_disable_header":"","neve_meta_disable_footer":"","neve_meta_disable_title":"","_ti_tpc_template_sync":false,"_ti_tpc_template_id":"","footnotes":""},"categories":[],"tags":[],"class_list":["post-1115","post","type-post","status-publish","format-standard","hentry"],"_links":{"self":[{"href":"https:\/\/mareapensionista.org\/ca\/wp-json\/wp\/v2\/posts\/1115","targetHints":{"allow":["GET"]}}],"collection":[{"href":"https:\/\/mareapensionista.org\/ca\/wp-json\/wp\/v2\/posts"}],"about":[{"href":"https:\/\/mareapensionista.org\/ca\/wp-json\/wp\/v2\/types\/post"}],"author":[{"embeddable":true,"href":"https:\/\/mareapensionista.org\/ca\/wp-json\/wp\/v2\/users\/1"}],"replies":[{"embeddable":true,"href":"https:\/\/mareapensionista.org\/ca\/wp-json\/wp\/v2\/comments?post=1115"}],"version-history":[{"count":0,"href":"https:\/\/mareapensionista.org\/ca\/wp-json\/wp\/v2\/posts\/1115\/revisions"}],"wp:attachment":[{"href":"https:\/\/mareapensionista.org\/ca\/wp-json\/wp\/v2\/media?parent=1115"}],"wp:term":[{"taxonomy":"category","embeddable":true,"href":"https:\/\/mareapensionista.org\/ca\/wp-json\/wp\/v2\/categories?post=1115"},{"taxonomy":"post_tag","embeddable":true,"href":"https:\/\/mareapensionista.org\/ca\/wp-json\/wp\/v2\/tags?post=1115"}],"curies":[{"name":"wp","href":"https:\/\/api.w.org\/{rel}","templated":true}]}}