{"id":1116,"date":"2021-03-07T07:50:34","date_gmt":"2021-03-07T07:50:34","guid":{"rendered":"https:\/\/mareapensionista.org\/2021\/03\/07\/estado-espanol-medidas-para-sostener-y-mejorar-el-sistema-publico-de-pensiones\/"},"modified":"2021-03-07T07:50:34","modified_gmt":"2021-03-07T07:50:34","slug":"estado-espanol-medidas-para-sostener-y-mejorar-el-sistema-publico-de-pensiones","status":"publish","type":"post","link":"https:\/\/mareapensionista.org\/ca\/2021\/03\/07\/estado-espanol-medidas-para-sostener-y-mejorar-el-sistema-publico-de-pensiones\/","title":{"rendered":"Estado espa\u00f1ol. Medidas para sostener y mejorar el Sistema P\u00fablico de Pensiones"},"content":{"rendered":"<div id=\"title-main\">\n<h1 class=\"headline\">Estado espa\u00f1ol. Medidas para sostener y mejorar el Sistema P\u00fablico de Pensiones<\/h1>\n<\/div>\n<div id=\"home-main\">\n<div id=\"post-area\" class=\"post-160698 post type-post status-publish format-standard has-post-thumbnail hentry category-estado-espanol\">\n<div id=\"social-box\">\n<ul class=\"post-social\">\n<li><img loading=\"lazy\" decoding=\"async\" class=\"attachment-post-thumb size-post-thumb wp-post-image\" src=\"http:\/\/www.resumenlatinoamericano.org\/wp-content\/uploads\/2018\/04\/22-de-abril-pensionesnopactotoledo-300x200.jpg\" alt=\"\" width=\"300\" height=\"200\" \/><\/li>\n<\/ul>\n<\/div>\n<div id=\"content-area\">\n<p>Resumen Latinoamericano \/ 22 de abril de 2018 \/\u00a0Victoria Portas, Kaos en la red<\/p>\n<p><strong>El debate que interesa al capital privado pretende concienciar a la ciudadan\u00eda de que la \u00fanica soluci\u00f3n pasa por desmantelar paulatinamente el sistema p\u00fablico de pensiones.<\/strong><\/p>\n<p>Seg\u00fan la Encuesta de Presupuestos Familiares (INE), ratificada por todos los informes especializados en sociolog\u00eda social (como el Informe de la Fundaci\u00f3n FOESSA, sobre exclusi\u00f3n y desarrollo social en Espa\u00f1a), las prestaciones sociales que perciben los hogares espa\u00f1oles contribuyen a una mejor distribuci\u00f3n de rentas en la sociedad espa\u00f1ola y desvela que en 2,2 millones de hogares, el sustentador principal de la familia es una persona con una pensi\u00f3n. Adem\u00e1s indica que el 56% de los hogares perciben alg\u00fan tipo de prestaci\u00f3n, siendo la m\u00e1s com\u00fan la de jubilaci\u00f3n, percibida \u00e9sta por una cuarta parte de las familias.<\/p>\n<p>Estos datos demuestran que las soluciones para nuestro sistema de Seguridad Social no pasan por el recorte a los pensionistas actuales o futuros, sino por d\u00f3nde y c\u00f3mo conseguir mayores ingresos para el sistema.<\/p>\n<p>Todos los estudios o la mayor\u00eda de los publicados hasta el momento, tanto de nuestro pa\u00eds como de los otros miembros de la UE, sobre el d\u00e9ficit marcado por el Pacto de Estabilidad, proponen soluciones con los mismos mecanismos de correcci\u00f3n y dicen que, o bien en el 2020, 2045 \u00f3 2180 el sistema de pensiones p\u00fablico espa\u00f1ol \u201cquebrar\u00e1\u201d si no se act\u00faa antes.<\/p>\n<p>Tales estudios t\u00e9cnicos, supuestamente \u201cno politizados\u201d, se enfocan hacia procesos de apropiaci\u00f3n de recursos p\u00fablicos para trasladarlos a los mercados financieros, y nunca se detienen en los procesos productivos de las tareas sociales, como por ejemplo el cuidado de los mayores, de discapacitados o de los hijos, ya que parece que no existen para la econom\u00eda porque se realizan dentro del \u00e1mbito de la solidaridad familiar o personal. El capitalismo no entiende como beneficioso el hecho de que cientos de miles de puestos de trabajo de este tipo generar\u00edan valor (riqueza) en la econom\u00eda social (escuelas infantiles, guarder\u00edas en los trabajos, atenci\u00f3n y cuidados a los ancianos y discapacitados) y aportar\u00edan cotizaciones al sistema, ya que esto no permite el enriquecimiento de los que m\u00e1s tienen.<\/p>\n<p>Existen medidas o propuestas de grandes economistas de nuestro pa\u00eds, que se est\u00e1n aplicando o introduciendo en gobiernos de \u00edndole socialdem\u00f3crata de algunos pa\u00edses europeos, que no suponen el recorte por la parte m\u00e1s d\u00e9bil del eslab\u00f3n de nuestra sociedad y que funcionan para que el sistema p\u00fablico de pensiones siga siendo sostenible, ya que el problema de la S.S. es una cuesti\u00f3n de ingresos y no de gastos. Algunas de estas medidas que se podr\u00edan llevar a cabo en Espa\u00f1a ser\u00edan:<\/p>\n<ol>\n<li><strong>A)\u00a0<\/strong><strong>V\u00cdA COTIZACIONES:<\/strong><\/li>\n<\/ol>\n<p>1)\u00a0<em>Aumento de los tipos de cotizaci\u00f3n<\/em>, tanto de los trabajadores (actualmente el 4.7%) como de los empresarios (28.3%), ya que cada punto adicional de cotizaci\u00f3n dar\u00eda una recaudaci\u00f3n adicional de 0.3 puntos de PIB y un cambio continuo e imprescindible del sistema de clasificaci\u00f3n por grupos de salarios o categor\u00edas profesionales, en lugar de como ocurre actualmente con los grupos de cotizaci\u00f3n que aglutinan a asegurados con recursos diferentes y con un mismo porcentaje de cotizaci\u00f3n. Por la parte que corresponde a los empresarios, son muchos los expertos que apuntan que se podr\u00eda implantar una escala m\u00f3vil de recaudaci\u00f3n en funci\u00f3n de la facturaci\u00f3n, pasando a ser esto un valor a\u00f1adido de la empresa, no s\u00f3lo en materia de accidentes de trabajo sino tambi\u00e9n en materia de desempleo, vejez, invalidez etc., en funci\u00f3n de los riesgos a los que est\u00e1n expuestos los trabajadores seg\u00fan sea la actividad de la empresa. Incluso se podr\u00edan acordar devoluciones sobre cotizaciones a quienes cumplan escrupulosamente con este sistema recaudatorio. Adem\u00e1s, en nuestro sistema actual no siempre se aplica la proporcionalidad, sino m\u00e1s bien la cotizaci\u00f3n \u00fanica mensual que no siempre toma como referencia el salario del trabajador, como por ejemplo ocurre con los contratos para la formaci\u00f3n y pr\u00e1cticas que han aumentado en m\u00e1s de un 40.1 % (en 2017 se fij\u00f3 la cotizaci\u00f3n en 40.13 \u20ac por contingencias comunes y 4.6 \u20ac para contingencias profesionales).<\/p>\n<p><img loading=\"lazy\" decoding=\"async\" id=\"tumblr_lightbox_center_image\" class=\"aligncenter\" src=\"https:\/\/i1.wp.com\/78.media.tumblr.com\/58fee6ea58fb3c28c4bdbac966f0db7a\/tumblr_p36a4yEvwn1wgvnt1o6_1280.jpg?zoom=1.25&amp;resize=476%2C267&amp;ssl=1\" srcset=\"https:\/\/i1.wp.com\/78.media.tumblr.com\/58fee6ea58fb3c28c4bdbac966f0db7a\/tumblr_p36a4yEvwn1wgvnt1o6_1280.jpg?zoom=1.25&amp;resize=476%2C267&amp;ssl=1\" width=\"476\" height=\"266\" \/><\/p>\n<p>2)\u00a0<em>Desaparici\u00f3n de las bonificaciones empresariales, como son las tarifas planas.\u00a0<\/em>Los Acuerdos sobre pensiones firmados por CCOO, CEOE y Gobiernos de turno, (1997-2013), a la vez que los relativos al Mercado de Trabajo (Reforma 1997) y posteriores reformas en el 2002, 2006, 2010 y 2012, rebajan las cuotas de aportaci\u00f3n a los empresarios en determinados supuestos. Esto produjo una liberaci\u00f3n del coste de la mano de obra y un aumento de los impuestos indirectos al resto de la sociedad. Tales bonificaciones, por tanto, fueron una medida para fomentar el empleo, siendo su efecto un menor ingreso de cuotas a la seguridad social, ya que el trabajo generado generalmente es temporal, parcial y de bajos salarios, en definitiva, trabajos precarios. En estos d\u00edas se habla por el Gobierno de un acuerdo con Ciudadanos (Cs) para el aumento de los salarios. Estos no los baja el Gobierno, pero s\u00ed su reforma laboral del 2012. Para aumentar salarios es necesario derogar, en primer lugar, dicha reforma.<\/p>\n<p>3)\u00a0<em>Destopar las cotizaciones<\/em>: en el 2017 la base m\u00e1xima de cotizaci\u00f3n est\u00e1 en 3.751,20 \u20ac, haciendo que las rentas superiores no realicen aportaciones a la seguridad social. Dicho destope, no significar\u00eda necesariamente una eliminaci\u00f3n del tope en el cobro de la prestaci\u00f3n y adem\u00e1s una liberaci\u00f3n de los complementos a m\u00ednimos que se logran para aquellas personas con carreras largas y cuant\u00edas altas, pero que al final de su vida laboral quedan en desempleo. Estas personas se ir\u00edan necesariamente a una pensi\u00f3n m\u00ednima, mientras que si se les permite seleccionar aquellos a\u00f1os de m\u00e1s alta cotizaci\u00f3n a lo largo de su vida activa, el ajuste entre las bases y la pensi\u00f3n, y el destope de ambas, les permitir\u00eda obtener mejores resultados.<\/p>\n<p><img loading=\"lazy\" decoding=\"async\" id=\"tumblr_lightbox_center_image\" class=\"aligncenter\" src=\"https:\/\/i1.wp.com\/78.media.tumblr.com\/bf2ecfcdaf6fd36dd3f9a65a8ce01104\/tumblr_p36a4yEvwn1wgvnt1o2_400.gif?zoom=1.25&amp;resize=441%2C199&amp;ssl=1\" srcset=\"https:\/\/i1.wp.com\/78.media.tumblr.com\/bf2ecfcdaf6fd36dd3f9a65a8ce01104\/tumblr_p36a4yEvwn1wgvnt1o2_400.gif?zoom=1.25&amp;resize=441%2C199&amp;ssl=1\" width=\"441\" height=\"199\" \/><\/p>\n<p>Espa\u00f1a presenta un evidente diferencial con respecto a Europa.<\/p>\n<p><img loading=\"lazy\" decoding=\"async\" id=\"tumblr_lightbox_center_image\" class=\"aligncenter\" src=\"https:\/\/i0.wp.com\/78.media.tumblr.com\/c772af335e9b1b7e84163afc6c0414f5\/tumblr_p36a4yEvwn1wgvnt1o7_1280.jpg?zoom=1.25&amp;resize=446%2C311&amp;ssl=1\" srcset=\"https:\/\/i0.wp.com\/78.media.tumblr.com\/c772af335e9b1b7e84163afc6c0414f5\/tumblr_p36a4yEvwn1wgvnt1o7_1280.jpg?zoom=1.25&amp;resize=446%2C311&amp;ssl=1\" width=\"446\" height=\"310\" \/><\/p>\n<p>&nbsp;<\/p>\n<p>4) Medidas de\u00a0<em>aumento del empleo con contratos estables,\u00a0<\/em>lo que supondr\u00eda un aumento de afiliados, aumento de las contribuciones y liberaci\u00f3n de recursos del SEPE por descenso en el paro.<\/p>\n<p>5) El\u00a0<em>aumento de los salarios reales\u00a0<\/em>permite aumentar las bases y los tipos de cotizaci\u00f3n y la cancelaci\u00f3n de las pol\u00edticas de devaluaci\u00f3n de los salarios.<\/p>\n<p>6)\u00a0<em>R<\/em><em>efuerzo de la inspecci\u00f3n laboral y fiscal<\/em>: principalmente en sectores productivos donde radica la econom\u00eda sumergida, provocando que existan trabajadores que no cogen el permiso por paternidad completo, el despido en el periodo de excedencia o reducci\u00f3n de jornada por cuidado de menor, la no permisibilidad en despidos por expedientes de regulaci\u00f3n de empleo, tal es el caso de las jubilaciones anticipadas, que no son realmente voluntad del trabajador sino un mecanismo de reestructuraci\u00f3n empresarial, amortizando as\u00ed la empresa puestos de trabajo a un coste mucho m\u00e1s reducido pero a costa de las arcas de la seguridad social, etc, etc, etc. Todo ello, efectos producidos por la reforma laboral del 2012.<\/p>\n<p>7)\u00a0<em>Trasladar cotizaciones de Desempleo a Pensiones<\/em>. Como sugieren casi todas las predicciones, la poblaci\u00f3n activa disminuir\u00e1, el paro bajar\u00e1 y se podr\u00edan pasar cotizaciones de desempleo a pensiones. Actualmente casi el 15% de cotizaciones se dedica a desempleo, si se consigue que el paro baje a niveles significativos, la mitad de dichas cotizaciones podr\u00edan suponer un punto del PIB.<\/p>\n<p>8)\u00a0<em>Cotizaci\u00f3n complementaria<\/em>\u00a0a la cotizaci\u00f3n b\u00e1sica dentro del sistema de Seguridad Social. Ser\u00eda una cotizaci\u00f3n adicional que garantizar\u00eda un sistema complementario capitalizado dentro del sistema de Seguridad Social. Esto ya se hace en otros pa\u00edses de la Uni\u00f3n Europea. La idea es que el r\u00e9gimen complementario sea destinado a complementar la pensi\u00f3n del beneficiario al margen del sistema de reparto, pero siempre con una gesti\u00f3n por parte del sistema p\u00fablico. De esta forma conseguir\u00edamos dos metas, una ser\u00eda reforzar los recursos del propio sistema, que en este momento se escapa a manos privadas por medio de planes o fondos de pensiones y, por otro lado, se eliminar\u00edan los riesgos para el contribuyente al no depender de las entidades financieras, siendo adem\u00e1s innecesarios en estos casos los complementos a m\u00ednimos de las pensiones por sus cuant\u00edas totales m\u00e1s elevadas. Igualmente se podr\u00eda potenciar\u00a0 el propio\u00a0<em>Convenio Especial\u00a0<\/em>de la Seguridad Social, legislando a favor de \u00e9stos a modo de complemento para las pensiones futuras y evitando as\u00ed que los ciudadanos tengan que invertir necesariamente para este fin en planes de pensiones privados, quedando todos estos ahorro dentro del sistema de la S.S.<\/p>\n<ol>\n<li><strong>B)\u00a0<\/strong><strong>V\u00cdA IMPUESTOS:<\/strong><\/li>\n<\/ol>\n<p>Para cerrar el d\u00e9ficit actual de la S.S. y evitar as\u00ed un recorte de la cuant\u00eda de las pensiones que las transforme en pensiones m\u00ednimas, es necesario un sistema de financiaci\u00f3n de la S.S. complementario a las cotizaciones sociales, v\u00eda impuestos.<\/p>\n<p>La presi\u00f3n fiscal es la suma de impuestos directos e indirectos en porcentaje del PIB. \u00a0Espa\u00f1a tiene una presi\u00f3n fiscal del 33,1%, mientras que otros pa\u00edses como Dinamarca la tiene en un 48,2%. Esa diferencia es el margen que Espa\u00f1a podr\u00eda tener para subir los impuestos a las rentas m\u00e1s altas. Seg\u00fan un informe de la OCDE \u201clas grandes multinacionales en Espa\u00f1a pagan unos impuestos que corresponden al 6% de su resultado contable, cuando el tipo nominal para las sociedades se sit\u00faa, tras la reforma del 2015, en un te\u00f3rico 28%. Est\u00e1 claro que las grandes empresas se ahorran, gracias a la ingenier\u00eda fiscal, unos \u201c7.226 millones de euros al a\u00f1o\u201d. Sin embargo, la reforma fiscal del 2015 adem\u00e1s conllev\u00f3 una bajada de impuestos que, lejos de reducir estas diferencias, las aument\u00f3.<\/p>\n<p>Por tanto ser\u00edan necesarias medidas como:<\/p>\n<p><em>1) Reasignaci\u00f3n del gasto p\u00fablico<\/em><em>.<\/em>\u00a0Una vez asumamos que la naturaleza de nuestra sociedad se va modificando (mayor envejecimiento y menor natalidad, menos mano de obra necesaria para la misma o mayor productividad, \u2026) tambi\u00e9n nos obligar\u00e1 a realizar una nueva redistribuci\u00f3n de las rentas.<\/p>\n<p>Si se dice que tenemos un descenso en la natalidad, significa que el sistema educativo en un futuro pr\u00f3ximo no necesitar\u00e1 de tantos recursos, por lo que podr\u00e1n ser trasladados al sistema que sea deficitario como el de protecci\u00f3n social.\u00a0 Tambi\u00e9n ser\u00e1 necesario otro tipo de redistribuci\u00f3n como la ayuda directa que reciben las empresas que representan un 3,5% del PIB; tambi\u00e9n la reconsideraci\u00f3n del gasto en armamento y fuerzas armadas, la reducci\u00f3n de los salarios y dietas de quienes representan cargos oficiales y p\u00fablicos (familia real, miembros del gobierno y del resto de instituciones p\u00fablicas, as\u00ed como de las empresas p\u00fablicas o concertadas, \u2026).<\/p>\n<p><em>2) Control de la econom\u00eda sumergida.\u00a0<\/em>Este tipo de econom\u00eda, es siempre sin\u00f3nimo de incumplimiento legal de las obligaciones fiscales y de seguridad social. En el caso de la seguridad social puede ser completa (ocultaci\u00f3n plena del trabajo) o parcial (incompatibilidad del trabajo con pensi\u00f3n, declaraci\u00f3n de salarios de menor cuant\u00eda a la realmente percibida, declaraci\u00f3n de jornadas inferiores a las efectivamente realizadas,\u2026). La econom\u00eda sumergida significa arriesgar un sistema que beneficia a muchos por la impune actuaci\u00f3n de unos pocos.<\/p>\n<p><img loading=\"lazy\" decoding=\"async\" id=\"tumblr_lightbox_center_image\" class=\"aligncenter\" src=\"https:\/\/i0.wp.com\/78.media.tumblr.com\/29b17f9a75aae518079465a34d85bfbc\/tumblr_p36a4yEvwn1wgvnt1o8_1280.jpg?zoom=1.25&amp;resize=475%2C338&amp;ssl=1\" srcset=\"https:\/\/i0.wp.com\/78.media.tumblr.com\/29b17f9a75aae518079465a34d85bfbc\/tumblr_p36a4yEvwn1wgvnt1o8_1280.jpg?zoom=1.25&amp;resize=475%2C338&amp;ssl=1\" width=\"475\" height=\"338\" \/><\/p>\n<p><em>3) Control de la evasi\u00f3n fiscal.<\/em>\u00a0El sindicato Gestha denunci\u00f3 que la evasi\u00f3n fiscal de las grandes fortunas, corporaciones empresariales y grandes empresas alcanz\u00f3 los 42.711 millones de euros en el 2010, lo que supone el 71,8% del importe total de estas bolsas de fraude en Espa\u00f1a, un porcentaje tres veces superior al correspondiente a pymes y aut\u00f3nomos.<\/p>\n<p><img loading=\"lazy\" decoding=\"async\" id=\"tumblr_lightbox_center_image\" class=\"aligncenter\" src=\"https:\/\/i0.wp.com\/78.media.tumblr.com\/a8d3757de707cddae9a7f2c9b9b1ac50\/tumblr_p36a4yEvwn1wgvnt1o9_1280.jpg?zoom=1.25&amp;resize=569%2C319&amp;ssl=1\" srcset=\"https:\/\/i0.wp.com\/78.media.tumblr.com\/a8d3757de707cddae9a7f2c9b9b1ac50\/tumblr_p36a4yEvwn1wgvnt1o9_1280.jpg?zoom=1.25&amp;resize=569%2C319&amp;ssl=1\" width=\"569\" height=\"318\" \/><\/p>\n<p><em>4) Desaparici\u00f3n de las ventajas fiscales en los planes de pensiones privados.\u00a0<\/em>En virtud de la\u00a0<strong><a href=\"https:\/\/www.vidacaixa.es\/blog\/tag\/reforma-fiscal\/\">reforma fiscal<\/a><\/strong>\u00a0del 2015, el ahorro invertido en un plan de pensiones es deducible en su totalidad en la declaraci\u00f3n de la renta anual con el l\u00edmite anual de 8.000 euros y sin que dicha cantidad supere el 30% de los rendimientos netos del trabajo. Si esta bonificaci\u00f3n de sacar dinero del sistema de seguridad social para el sistema privado se realizase al rev\u00e9s, es decir, para bonificaciones extras en el propio sistema, entonces los ingresos internos aumentar\u00edan considerablemente.<\/p>\n<p><em>5) Sistema fiscal<\/em>: es muy necesaria una reforma fiscal (IVA, IRPF, etc.). En cuanto al IVA, somos el tercer pa\u00eds que menos recauda con 6,2% sobre el PIB; los bienes necesarios tributar\u00edan al 0%, mientras que los bienes considerados de lujo podr\u00edan llegar al 200%. En cuanto al IRPF, estamos casi dos puntos por detr\u00e1s del promedio de la UE (9,3%). En el impuesto de sociedades estamos por debajo de la media europea, sufriendo Espa\u00f1a la mayor ca\u00edda en este impuesto entre 2007 y 2014 de toda la UE. \u00a0Los tipos sobre las Sicav pasar\u00edan del 1% al 15%. Implementaci\u00f3n de nuevos impuestos a ciertas transacciones financieras (tasa Tobin). Los bienes de las asociaciones confesionales (entre ellas la Iglesia Cat\u00f3lica), as\u00ed como los bienes y transacciones de ciertas fundaciones estar\u00edan sujetas a la tributaci\u00f3n fiscal. Aumento del Impuesto al Patrimonio a los m\u00e1s ricos, pues seg\u00fan cifras que publica Forbes habr\u00eda que calificar de esc\u00e1ndalo nacional que las 100 personas m\u00e1s ricas del Estado espa\u00f1ol acumulen una fortuna equivalente al 15,6% del PIB del pa\u00eds. Comprobamos en la Ley 9\/1991, que el patrimonio apenas contribuye al erario p\u00fablico, por lo que si incrementamos el Impuesto al Patrimonio se podr\u00eda financiar nada menos que 2.023.995 pensiones medias con una cuant\u00eda de 849,06 euros mensuales.<\/p>\n<p>Es cierto, que en el Pacto de Toledo se estableci\u00f3 que las pensiones se financiar\u00edan exclusivamente con las contribuciones a la S.S., pero no hay ninguna raz\u00f3n para que las pensiones se tengan que financiar s\u00f3lo de esta manera, pues ya indicamos con anterioridad que fue un error y que se puede defender, tal y como lo hacen muchos expertos, que se pueden y deben financiar las pensiones tambi\u00e9n con impuestos.<\/p>\n<blockquote><p>El debate que interesa al capital privado pretende concienciar a la ciudadan\u00eda de que la \u00fanica soluci\u00f3n pasa por desmantelar paulatinamente el sistema p\u00fablico de pensiones<\/p><\/blockquote>\n<p>La v\u00eda m\u00e1s apoyada por expertos es la de una transferencia del Estado al Fondo de Reserva de la Seguridad Social o bien mediante impuestos indirectos (IVA) o especiales (impuesto medioambiental, c\u00e9ntimo de protecci\u00f3n social semejante al c\u00e9ntimo sanitario, etc.) o incluso utilizar la contribuci\u00f3n social generalizada que se lleva a cabo en Francia, que grava la riqueza de las personas y las ventas de las grandes empresas por encima de un determinado umbral. No es una cotizaci\u00f3n, sino un impuesto destinado a financiar la Seguridad Social, que no formar\u00eda parte de los Presupuestos Generales del Estado sino de los presupuestos de la Seguridad Social. Ya que esa riqueza o beneficio que se obtiene por la parte empresarial y por algunos individuos no se ve recompensada con una subida salarial lineal de los trabajadores, al menos que propicie el apoyo a la financiaci\u00f3n del sistema de la S.S., pudi\u00e9ndose extender esta f\u00f3rmula a otros sectores como el de la especulaci\u00f3n financiera, de las propiedades, de la construcci\u00f3n, de las inversiones, del capital, etc.<\/p>\n<p>El debate que interesa al capital privado, sistema de pensiones p\u00fablico o privado, pretende concienciar a la ciudadan\u00eda de que la \u00fanica soluci\u00f3n pasa por desmantelar paulatinamente el sistema p\u00fablico de pensiones, incidiendo sobre todo en lo esencial para su sostenimiento como son la financiaci\u00f3n, el sistema de reparto, las cuant\u00edas de las prestaciones y su car\u00e1cter eminentemente solidario. Nuestro sistema p\u00fablico constituye el mejor modelo de equidad social, pues reparte los recursos y distribuye las rentas, otorgando al sistema mayor estabilidad en el largo plazo, permitiendo corregir desequilibrios y desigualdades. En definitiva, el sistema p\u00fablico de pensiones de nuestro pa\u00eds se caracteriza por tratar de hacer realidad la solidaridad entre clases sociales<strong>.<\/strong><\/p>\n<p>Cualquier gobierno o fuerza pol\u00edtica que oriente la sostenibilidad del sistema p\u00fablico de la Seguridad Social en funci\u00f3n de los gastos y no de los ingresos, tomar\u00e1 como alternativa el recorte de las cuant\u00edas, la ampliaci\u00f3n del periodo de c\u00e1lculo, el retraso en la edad de jubilaci\u00f3n, la no revalorizaci\u00f3n de las pensiones, etc. Estar\u00e1n, por tanto, violando el mandato constitucional y, lo que es peor, atentando contra los derechos fundamentales de millones de pensionistas actuales y futuros.<\/p>\n<\/div>\n<\/div>\n<\/div>","protected":false},"excerpt":{"rendered":"<p>Estado espa\u00f1ol. Medidas para sostener y mejorar el Sistema P\u00fablico de Pensiones Resumen Latinoamericano \/ 22 de abril de 2018 \/\u00a0Victoria Portas, Kaos en la red El debate que interesa al capital privado pretende concienciar a la ciudadan\u00eda de que la \u00fanica soluci\u00f3n pasa por desmantelar paulatinamente el sistema p\u00fablico de pensiones. Seg\u00fan la Encuesta&hellip;&nbsp;<a href=\"https:\/\/mareapensionista.org\/ca\/2021\/03\/07\/estado-espanol-medidas-para-sostener-y-mejorar-el-sistema-publico-de-pensiones\/\" class=\"\" rel=\"bookmark\">Read More &raquo;<span class=\"screen-reader-text\">Estado espa\u00f1ol. Medidas para sostener y mejorar el Sistema P\u00fablico de Pensiones<\/span><\/a><\/p>","protected":false},"author":1,"featured_media":0,"comment_status":"open","ping_status":"open","sticky":false,"template":"","format":"standard","meta":{"neve_meta_sidebar":"","neve_meta_container":"","neve_meta_enable_content_width":"","neve_meta_content_width":0,"neve_meta_title_alignment":"","neve_meta_author_avatar":"","neve_post_elements_order":"","neve_meta_disable_header":"","neve_meta_disable_footer":"","neve_meta_disable_title":"","_ti_tpc_template_sync":false,"_ti_tpc_template_id":"","footnotes":""},"categories":[],"tags":[],"class_list":["post-1116","post","type-post","status-publish","format-standard","hentry"],"_links":{"self":[{"href":"https:\/\/mareapensionista.org\/ca\/wp-json\/wp\/v2\/posts\/1116","targetHints":{"allow":["GET"]}}],"collection":[{"href":"https:\/\/mareapensionista.org\/ca\/wp-json\/wp\/v2\/posts"}],"about":[{"href":"https:\/\/mareapensionista.org\/ca\/wp-json\/wp\/v2\/types\/post"}],"author":[{"embeddable":true,"href":"https:\/\/mareapensionista.org\/ca\/wp-json\/wp\/v2\/users\/1"}],"replies":[{"embeddable":true,"href":"https:\/\/mareapensionista.org\/ca\/wp-json\/wp\/v2\/comments?post=1116"}],"version-history":[{"count":0,"href":"https:\/\/mareapensionista.org\/ca\/wp-json\/wp\/v2\/posts\/1116\/revisions"}],"wp:attachment":[{"href":"https:\/\/mareapensionista.org\/ca\/wp-json\/wp\/v2\/media?parent=1116"}],"wp:term":[{"taxonomy":"category","embeddable":true,"href":"https:\/\/mareapensionista.org\/ca\/wp-json\/wp\/v2\/categories?post=1116"},{"taxonomy":"post_tag","embeddable":true,"href":"https:\/\/mareapensionista.org\/ca\/wp-json\/wp\/v2\/tags?post=1116"}],"curies":[{"name":"wp","href":"https:\/\/api.w.org\/{rel}","templated":true}]}}