{"id":1189,"date":"2021-03-07T07:50:38","date_gmt":"2021-03-07T07:50:38","guid":{"rendered":"https:\/\/mareapensionista.org\/2021\/03\/07\/la-lucha-de-pensionistas-continua-el-lunes-11-de-junio-a-las-1200-h-manifestacion-desde-el-ayuntamiento-de-bilbao\/"},"modified":"2021-03-07T07:50:38","modified_gmt":"2021-03-07T07:50:38","slug":"la-lucha-de-pensionistas-continua-el-lunes-11-de-junio-a-las-1200-h-manifestacion-desde-el-ayuntamiento-de-bilbao","status":"publish","type":"post","link":"https:\/\/mareapensionista.org\/ca\/2021\/03\/07\/la-lucha-de-pensionistas-continua-el-lunes-11-de-junio-a-las-1200-h-manifestacion-desde-el-ayuntamiento-de-bilbao\/","title":{"rendered":"La lucha de pensionistas contin\u00faa: El lunes 11 de Junio, a las 12,00 h. MANIFESTACI\u00d3N desde el Ayuntamiento de Bilbao."},"content":{"rendered":"<div id=\"nav-above\" class=\"navigation\">\n<div class=\"nav-previous\"><a href=\"https:\/\/m15mbizkaia.wordpress.com\/2018\/06\/08\/la-lucha-de-pensionistas-continua-el-lunes-11-de-junio-a-las-1200-h-manifestacion-desde-el-ayuntamiento-de-bilbao\/\" rel=\"prev\"><span class=\"meta-nav\">\u2190<\/span>\u00a0La lucha de pensionistas contin\u00faa: El lunes 11 de Junio, a las 12,00 h. MANIFESTACI\u00d3N desde el Ayuntamiento de\u00a0Bilbao.<\/a><\/div>\n<div class=\"nav-next\"><\/div>\n<\/div>\n<div id=\"post-3872132\" class=\"post-3872132 post type-post status-publish format-standard hentry category-uncategorized\">\n<h2 class=\"entry-title\"><a href=\"https:\/\/m15mbizkaia.wordpress.com\/2018\/06\/11\/la-marea-pensionista-no-se-detiene-gobierne-quien-gobierne\/\" rel=\"bookmark\">La marea pensionista no se detiene, gobierne quien\u00a0gobierne<\/a><\/h2>\n<div class=\"entry-meta\"><span class=\"meta-prep meta-prep-author\">Publicado el<\/span>\u00a0<a title=\"4:03 pm\" href=\"https:\/\/m15mbizkaia.wordpress.com\/2018\/06\/11\/la-marea-pensionista-no-se-detiene-gobierne-quien-gobierne\/\" rel=\"bookmark\"><span class=\"entry-date\">junio 11, 2018<\/span><\/a> <span class=\"by-author\"><span class=\"sep\">por<\/span>\u00a0<span class=\"author vcard\"><a class=\"url fn n\" title=\"Lee todas las entradas de m15mbizkaia\" href=\"https:\/\/m15mbizkaia.wordpress.com\/author\/m15mbizkaia\/\" rel=\"author\">m15mbizkaia<\/a><\/span><\/span><\/div>\n<div class=\"entry-content\">\n<p><span class=\"embed-youtube\"><iframe loading=\"lazy\" class=\"youtube-player\" src=\"https:\/\/www.youtube.com\/embed\/AxnJ58n5Yrs?version=3&amp;rel=1&amp;fs=1&amp;autohide=2&amp;showsearch=0&amp;showinfo=1&amp;iv_load_policy=1&amp;wmode=transparent\" width=\"640\" height=\"390\" allowfullscreen=\"allowfullscreen\" data-mce-fragment=\"1\"><\/iframe><\/span><\/p>\n<p><em>Comunicado le\u00eddo en la plaza El\u00edptica.<\/em><\/p>\n<p>Desde el Movimiento de Pensionistas de Bizkaia, concentrados en esta plaza, queremos manifestar: Un lunes m\u00e1s nos reunimos cientos de pensionistas en defensa de nuestras leg\u00edtimas demandas. Son 21 lunes, desde aquel 15 de enero, los que llevamos uniendo nuestras voluntades en Bilbao y en muchos pueblos de Bizkaia con un mismo objetivo:\u00a0<strong>Pensi\u00f3n p\u00fablica digna para todas las personas<\/strong>.<\/p>\n<p>En estos meses hemos llevado a cabo tambi\u00e9n 4 manifestaciones multitudinarias, habi\u00e9ndonos movilizado cientos de miles de pensionistas y numerosas personas del resto de la sociedad. Esta movilizaci\u00f3n sin precedentes es la prueba del cabreo y de la fuerza que hay tras nuestras reivindicaciones. En este periodo de tiempo hemos sido testigos de la ca\u00edda del Gobierno que nos ha aplicado el 0,25. El que puso en marcha la reforma del 2013.<\/p>\n<p>Hoy, nos encontramos con un nuevo Gobierno al que le recordamos, aqu\u00ed ante su Delegaci\u00f3n, nuestras principales reivindicaciones: La revalorizaci\u00f3n de todas las pensiones seg\u00fan el IPC. La derogaci\u00f3n del factor de sostenibilidad. Una pensi\u00f3n p\u00fablica m\u00ednima de 1080 \u20ac. La superaci\u00f3n de la brecha en las pensiones por raz\u00f3n de g\u00e9nero.<\/p>\n<p>Un Gobierno que en su composici\u00f3n demuestra aplicar criterios de paridad, deber\u00eda dar respuesta positiva a tanta discriminaci\u00f3n, tambi\u00e9n en el \u00e1mbito de las pensiones. Estamos convencidas\/os que la ra\u00edz del problema reside en el injusto reparto de la riqueza, tanto a nivel del Estado como en Euskadi, riqueza que en una medida importante la hemos generado las\/los pensionistas de hoy.<\/p>\n<p>Por todo ello reclamamos al Gobierno de Pedro S\u00e1nchez y tambi\u00e9n al de Gasteiz, nos tengan en cuenta como principales interlocutores\/as a la hora de exponer nuestras demandas. Entre tanto y mientras no recibamos respuesta satisfactoria, seguiremos en la calle, aglutinando fuerzas con otros agentes sociales, en defensa de nuestros derechos.<\/p>\n<ul>\n<li>Por unas pensiones p\u00fablicas dignas para hoy y para el futuro.<\/li>\n<li>Por un puesto de trabajo y un salario dignos<\/li>\n<li>Por la distribuci\u00f3n de la riqueza al servicio de las personas Pentsionistak Aurrera \/ Pentsionistak Kalera.<\/li>\n<\/ul>\n<p>MOVIMIENTO DE PENSIONISTAS DE BIZKAIA Bilbao 11 de junio 2018<\/p>\n<\/div>\n<\/div>","protected":false},"excerpt":{"rendered":"<p>\u2190\u00a0La lucha de pensionistas contin\u00faa: El lunes 11 de Junio, a las 12,00 h. MANIFESTACI\u00d3N desde el Ayuntamiento de\u00a0Bilbao. La marea pensionista no se detiene, gobierne quien\u00a0gobierne Publicado el\u00a0junio 11, 2018 por\u00a0m15mbizkaia Comunicado le\u00eddo en la plaza El\u00edptica. Desde el Movimiento de Pensionistas de Bizkaia, concentrados en esta plaza, queremos manifestar: Un lunes m\u00e1s nos&hellip;&nbsp;<a href=\"https:\/\/mareapensionista.org\/ca\/2021\/03\/07\/la-lucha-de-pensionistas-continua-el-lunes-11-de-junio-a-las-1200-h-manifestacion-desde-el-ayuntamiento-de-bilbao\/\" class=\"\" rel=\"bookmark\">Read More &raquo;<span class=\"screen-reader-text\">La lucha de pensionistas contin\u00faa: El lunes 11 de Junio, a las 12,00 h. MANIFESTACI\u00d3N desde el Ayuntamiento de Bilbao.<\/span><\/a><\/p>","protected":false},"author":1,"featured_media":0,"comment_status":"open","ping_status":"open","sticky":false,"template":"","format":"standard","meta":{"neve_meta_sidebar":"","neve_meta_container":"","neve_meta_enable_content_width":"","neve_meta_content_width":0,"neve_meta_title_alignment":"","neve_meta_author_avatar":"","neve_post_elements_order":"","neve_meta_disable_header":"","neve_meta_disable_footer":"","neve_meta_disable_title":"","_ti_tpc_template_sync":false,"_ti_tpc_template_id":"","footnotes":""},"categories":[],"tags":[],"class_list":["post-1189","post","type-post","status-publish","format-standard","hentry"],"_links":{"self":[{"href":"https:\/\/mareapensionista.org\/ca\/wp-json\/wp\/v2\/posts\/1189","targetHints":{"allow":["GET"]}}],"collection":[{"href":"https:\/\/mareapensionista.org\/ca\/wp-json\/wp\/v2\/posts"}],"about":[{"href":"https:\/\/mareapensionista.org\/ca\/wp-json\/wp\/v2\/types\/post"}],"author":[{"embeddable":true,"href":"https:\/\/mareapensionista.org\/ca\/wp-json\/wp\/v2\/users\/1"}],"replies":[{"embeddable":true,"href":"https:\/\/mareapensionista.org\/ca\/wp-json\/wp\/v2\/comments?post=1189"}],"version-history":[{"count":0,"href":"https:\/\/mareapensionista.org\/ca\/wp-json\/wp\/v2\/posts\/1189\/revisions"}],"wp:attachment":[{"href":"https:\/\/mareapensionista.org\/ca\/wp-json\/wp\/v2\/media?parent=1189"}],"wp:term":[{"taxonomy":"category","embeddable":true,"href":"https:\/\/mareapensionista.org\/ca\/wp-json\/wp\/v2\/categories?post=1189"},{"taxonomy":"post_tag","embeddable":true,"href":"https:\/\/mareapensionista.org\/ca\/wp-json\/wp\/v2\/tags?post=1189"}],"curies":[{"name":"wp","href":"https:\/\/api.w.org\/{rel}","templated":true}]}}