{"id":1214,"date":"2021-03-07T07:50:41","date_gmt":"2021-03-07T07:50:41","guid":{"rendered":"https:\/\/mareapensionista.org\/2021\/03\/07\/xornadas-o-futuro-das-pensions-galiza-reino-de-espana-europa-santiago-de-compostela-28-29-de-setembro-2018-grupo-confederal-da-esquerda-unitaria-europ\/"},"modified":"2021-03-07T07:50:41","modified_gmt":"2021-03-07T07:50:41","slug":"xornadas-o-futuro-das-pensions-galiza-reino-de-espana-europa-santiago-de-compostela-28-29-de-setembro-2018-grupo-confederal-da-esquerda-unitaria-europ","status":"publish","type":"post","link":"https:\/\/mareapensionista.org\/ca\/2021\/03\/07\/xornadas-o-futuro-das-pensions-galiza-reino-de-espana-europa-santiago-de-compostela-28-29-de-setembro-2018-grupo-confederal-da-esquerda-unitaria-europ\/","title":{"rendered":"Xornadas O futuro das pensi\u00f3ns Galiza, Reino de Espa\u00f1a, Europa Santiago de Compostela 28-29 de setembro, 2018 Grupo Confederal da Esquerda Unitaria Europ"},"content":{"rendered":"<p>Xornadas O futuro das pensi\u00f3ns Galiza, Reino de Espa\u00f1a, Europa Santiago de Compostela 28-29 de setembro, 2018 Grupo Confederal da Esquerda Unitaria Europ<\/p>\n<p>Venres 28. Ma\u00f1\u00e1. Experiencias nos pa\u00edses rescatados do sur de Europa<\/p>\n<p>9:00 \u2013 9:30. Acreditaci\u00f3n participantes<\/p>\n<p>9:30 \u2013 9:45. Apertura das Xornadas \u2022 Lidia Senra, dirixente labrega e europarlamentaria<\/p>\n<p>9:45 \u2013 11: 30. Mesa I. Modera Victoria Portas. \u2022 Representante Grecia \u2022 Representante Portugal \u2022 Representante Italia \u2022 Intervenci\u00f3ns do p\u00fablico<\/p>\n<p>11:30 \u2013 12:00 . Pausa Caf\u00e9.<\/p>\n<p>12:00 \u2013 13:30 . Mesa II. Modera Lidia Senra. \u2022 Victoria Portas, Galiza \u2022 H\u00e9ctor Illueca, Reino de Espa\u00f1a \u2022 Xabier P. Davila, produto paneuropeo de pensi\u00f3ns individuais (PEPP) \u2022 Intervenci\u00f3ns do p\u00fablico Venres 28.<\/p>\n<p>Tarde.<\/p>\n<p>Experiencias noutros pa\u00edses europeos<\/p>\n<p>16:00 \u2013 18:00. Modera Xabier P. Davila \uf0b7 Representante Francia \uf0b7 Representante Suecia \uf0b7 Representante Finlandia \uf0b7 Intervenci\u00f3ns do p\u00fablico<\/p>\n<p>S\u00e1bado 29.<\/p>\n<p>Ma\u00f1\u00e1.<\/p>\n<p>Muller e pensi\u00f3ns, reparto ou capitalizaci\u00f3n, alternativas<\/p>\n<p>9:30 \u2013 10:45. Muller, pensi\u00f3ns, atenci\u00f3n persoas dependentes. Presenta Victoira Portas. \u2022 Cristina Carrasco \u2022 Intervenci\u00f3ns do p\u00fablico<\/p>\n<p>10:45 \u2013 11:30. Pensi\u00f3ns. Reparto ou capitalizaci\u00f3n. Presenta Xabier P. Davila. \u2022 Miren Etxezarreta \u2022 Intervenci\u00f3ns do p\u00fablico<\/p>\n<p>11:30 \u2013 12:00 Pausa caf\u00e9<\/p>\n<p>12:00 \u2013 13:00. Conclusi\u00f3ns e alternativas \u2022 Muller, pensi\u00f3ns, dependencia \u2022 Reparto ou capitalizaci\u00f3n \u2022 Suba anual das pensi\u00f3ns \u2022 As reformas de 2011 e 2013 \u2022 O PEPP<\/p>\n<p>13:00 \u2013 13:30. Clausura \u2022 Lidia Senra<\/p>","protected":false},"excerpt":{"rendered":"<p>Xornadas O futuro das pensi\u00f3ns Galiza, Reino de Espa\u00f1a, Europa Santiago de Compostela 28-29 de setembro, 2018 Grupo Confederal da Esquerda Unitaria Europ Venres 28. Ma\u00f1\u00e1. Experiencias nos pa\u00edses rescatados do sur de Europa 9:00 \u2013 9:30. Acreditaci\u00f3n participantes 9:30 \u2013 9:45. Apertura das Xornadas \u2022 Lidia Senra, dirixente labrega e europarlamentaria 9:45 \u2013 11:&hellip;&nbsp;<a href=\"https:\/\/mareapensionista.org\/ca\/2021\/03\/07\/xornadas-o-futuro-das-pensions-galiza-reino-de-espana-europa-santiago-de-compostela-28-29-de-setembro-2018-grupo-confederal-da-esquerda-unitaria-europ\/\" class=\"\" rel=\"bookmark\">Read More &raquo;<span class=\"screen-reader-text\">Xornadas O futuro das pensi\u00f3ns Galiza, Reino de Espa\u00f1a, Europa Santiago de Compostela 28-29 de setembro, 2018 Grupo Confederal da Esquerda Unitaria Europ<\/span><\/a><\/p>","protected":false},"author":1,"featured_media":0,"comment_status":"open","ping_status":"open","sticky":false,"template":"","format":"standard","meta":{"neve_meta_sidebar":"","neve_meta_container":"","neve_meta_enable_content_width":"","neve_meta_content_width":0,"neve_meta_title_alignment":"","neve_meta_author_avatar":"","neve_post_elements_order":"","neve_meta_disable_header":"","neve_meta_disable_footer":"","neve_meta_disable_title":"","_ti_tpc_template_sync":false,"_ti_tpc_template_id":"","footnotes":""},"categories":[],"tags":[],"class_list":["post-1214","post","type-post","status-publish","format-standard","hentry"],"_links":{"self":[{"href":"https:\/\/mareapensionista.org\/ca\/wp-json\/wp\/v2\/posts\/1214","targetHints":{"allow":["GET"]}}],"collection":[{"href":"https:\/\/mareapensionista.org\/ca\/wp-json\/wp\/v2\/posts"}],"about":[{"href":"https:\/\/mareapensionista.org\/ca\/wp-json\/wp\/v2\/types\/post"}],"author":[{"embeddable":true,"href":"https:\/\/mareapensionista.org\/ca\/wp-json\/wp\/v2\/users\/1"}],"replies":[{"embeddable":true,"href":"https:\/\/mareapensionista.org\/ca\/wp-json\/wp\/v2\/comments?post=1214"}],"version-history":[{"count":0,"href":"https:\/\/mareapensionista.org\/ca\/wp-json\/wp\/v2\/posts\/1214\/revisions"}],"wp:attachment":[{"href":"https:\/\/mareapensionista.org\/ca\/wp-json\/wp\/v2\/media?parent=1214"}],"wp:term":[{"taxonomy":"category","embeddable":true,"href":"https:\/\/mareapensionista.org\/ca\/wp-json\/wp\/v2\/categories?post=1214"},{"taxonomy":"post_tag","embeddable":true,"href":"https:\/\/mareapensionista.org\/ca\/wp-json\/wp\/v2\/tags?post=1214"}],"curies":[{"name":"wp","href":"https:\/\/api.w.org\/{rel}","templated":true}]}}