{"id":1220,"date":"2021-03-07T07:50:41","date_gmt":"2021-03-07T07:50:41","guid":{"rendered":"https:\/\/mareapensionista.org\/2021\/03\/07\/casi-4-000-abuelos-de-barcelona-esperan-plaza-en-una-residencia\/"},"modified":"2022-04-30T07:55:39","modified_gmt":"2022-04-30T07:55:39","slug":"casi-4-000-abuelos-de-barcelona-esperan-plaza-en-una-residencia","status":"publish","type":"post","link":"https:\/\/mareapensionista.org\/ca\/2021\/03\/07\/casi-4-000-abuelos-de-barcelona-esperan-plaza-en-una-residencia\/","title":{"rendered":"Casi 4.000 abuelos de Barcelona esperan plaza en una residencia"},"content":{"rendered":"<div class=\"articulo__apertura\">\n<header id=\"articulo-encabezado\" class=\"articulo-encabezado\">\n<div class=\"articulo-encabezado-texto\">\n<div id=\"articulo-titulares\" class=\"articulo-titulares\">\n<h1 id=\"articulo-titulo\" class=\"articulo-titulo\">Casi 4.000 abuelos de Barcelona esperan plaza en una residencia<\/h1>\n<div class=\"articulo-subtitulos\">\n<h2 class=\"articulo-subtitulo\">\u00abSe ha desatendido este servicio y los datos son alarmantes\u201d, asegura el Ayuntamiento<\/h2>\n<\/div>\n<\/div>\n<\/div>\n<aside id=\"compartir_superior\" class=\"compartir\">\n<div class=\"compartir__interior\">\n<div id=\"compartir_social\" class=\"compartir-social\"><button id=\"superior_fb\" class=\"boton_facebook\"><\/button><button id=\"superior_twit\" class=\"boton_twitter\"><\/button><\/p>\n<div id=\"compartir-otros\" class=\"compartir-otros\"><button id=\"boton_compartir-otros\" class=\"boton_compartir-otros\">Otros<\/button><\/div>\n<p><a id=\"boton_comentarios\" class=\"boton_comentarios\" href=\"https:\/\/elpais.com\/ccaa\/2018\/07\/06\/catalunya\/1530883016_692817.html?id_externo_rsoc=FB_CC#comentarios\"><span id=\"num_comentarios_header_compartir_1530992360-b898376f8af3ab97a10f28f9001371d9\" class=\"boton-contador\">1<\/span><\/a><\/div>\n<div class=\"compartir-varios\">\n<div id=\"favoritos\" class=\"favoritos\"><a id=\"boton_favoritos\" class=\"boton_favoritos\" title=\"Tienes que estar registrado en EL PA\u00cdS y haber iniciado sesi\u00f3n para poder guardar en favoritos\" href=\"https:\/\/plus.elpais.com\/conectar?backURL=https%3A%2F%2Felpais.com%2Fccaa%2F2018%2F07%2F06%2Fcatalunya%2F1530883016_692817.html%3Fid_externo_rsoc%3DFB_CC&amp;o=FAV\">Con\u00e9ctate<\/a><\/div>\n<div id=\"correo\" class=\"correo\"><button id=\"superior_enviar\" class=\"boton_correo\">Enviar por correo<\/button><\/div>\n<p><button id=\"boton_imprimir\" class=\"boton_imprimir\"><span class=\"nombre\">Imprimir<\/span><\/button><\/div>\n<\/div>\n<\/aside>\n<\/header>\n<div class=\"articulo-apertura\">\n<div class=\"firma\">\n<div class=\"autor\">\n<div class=\"autor-texto\"><span class=\"autor-nombre\"><a title=\"Ver todas las noticias de Clara Blanchar\" href=\"https:\/\/elpais.com\/autor\/clara_blanchar\/a\/\">CLARA BLANCHAR<\/a><\/span><\/p>\n<div class=\"autor-perfiles\">\n<ul class=\"autor-perfiles-listado\">\n<li><a class=\"boton_twitter\" href=\"https:\/\/twitter.com\/#!\/clarablanchar\" target=\"_blank\" rel=\"nofollow noopener noreferrer\">Twitter<\/a><\/li>\n<\/ul>\n<\/div>\n<\/div>\n<\/div>\n<\/div>\n<div class=\"articulo-datos\"><span class=\"articulo-localizaciones\"><span class=\"articulo-localizacion\">Barcelona\u00a0<\/span><\/span><time class=\"articulo-actualizado\" datetime=\"2018-07-10T10:49:52+02:00\"><a title=\"Ver todas las noticias de esta fecha\" href=\"https:\/\/elpais.com\/tag\/fecha\/20180710\">10 JUL 2018 &#8211; 10:49 <abbr title=\"Central European Summer Time\">CEST<\/abbr><\/a><\/time><\/div>\n<\/div>\n<\/div>\n<div id=\"articulo_contenedor\" class=\"articulo__contenedor\">\n<figure class=\"foto centro foto_w980\"><img loading=\"lazy\" decoding=\"async\" src=\"https:\/\/ep01.epimg.net\/ccaa\/imagenes\/2016\/07\/31\/catalunya\/1469981742_992068_1469993311_noticia_normal.jpg\" srcset=\"\/\/ep01.epimg.net\/ccaa\/imagenes\/2016\/07\/31\/catalunya\/1469981742_992068_1469993311_noticia_normal_recorte1.jpg 1960w, \/\/ep01.epimg.net\/ccaa\/imagenes\/2016\/07\/31\/catalunya\/1469981742_992068_1469993311_noticia_normal_recorte2.jpg 720w, \/\/ep01.epimg.net\/ccaa\/imagenes\/2016\/07\/31\/catalunya\/1469981742_992068_1469993311_noticia_normal.jpg 980w\" alt=\"Varias ancianas en una residencia de Sant Andreu.\" width=\"980\" height=\"563\" \/><figcaption class=\"foto-pie\"><span class=\"foto-texto\">Varias ancianas en una residencia de Sant Andreu.<\/span>\u00a0<span class=\"foto-firma\"><span class=\"foto-autor\">CONSUELO BAUTISTA<\/span><\/span><\/figcaption><\/figure>\n<div id=\"cuerpo_noticia\" class=\"articulo-cuerpo\">\n<p>Casi 4.000 personas mayores de Barcelona est\u00e1n en su casa a la\u00a0<a href=\"https:\/\/elpais.com\/ccaa\/2016\/07\/31\/catalunya\/1469981742_992068.html\" target=\"_blank\" rel=\"noopener noreferrer\">espera de una plaza<\/a>\u00a0en una\u00a0<a href=\"https:\/\/elpais.com\/tag\/residencias_ancianos\/a\" target=\"_blank\" rel=\"noopener noreferrer\">residencia<\/a>. Y, visto en\u00a0<a href=\"https:\/\/elpais.com\/tag\/envejecimiento_poblacion\/a\" target=\"_blank\" rel=\"noopener noreferrer\">envejecimiento de la poblaci\u00f3n<\/a>\u00a0de la ciudad y la falta de plazas, la cifra seguir\u00e1 creciendo. Es una de las llamativas revelaciones de un informe realizado por el Ayuntamiento que viene a ser un reproche a la\u00a0<a href=\"https:\/\/elpais.com\/tag\/generalitat_cataluna\/a\" target=\"_blank\" rel=\"noopener noreferrer\">Generalitat<\/a>, que tiene la competencia, por la falta de inversi\u00f3n en residencias en la ciudad. El estudio recuerda que de las diez residencias que el Gobierno se comprometi\u00f3 a construir, solo se han hecho cuatro. \u201cEs un informe para que salten las alarmas\u201d, afirm\u00f3 ayer la teniente de alcalde de Derechos Sociales,\u00a0<a href=\"https:\/\/elpais.com\/tag\/janet_sanz_cid\/a\" target=\"_blank\" rel=\"noopener noreferrer\">Laia Ortiz<\/a>.<\/p>\n<p>Ortiz consider\u00f3 que la inversi\u00f3n en residencias p\u00fablicas \u201cha salido de las prioridades pol\u00edticas de la Generalitat y tambi\u00e9n del gobierno espa\u00f1ol, se ha desatendido este servicio y se han menospreciado datos que son alarmantes\u201d. La concejal apunt\u00f3 que igual que el Ayuntamiento reprocha al Gobierno catal\u00e1n la falta de inversi\u00f3n en guarder\u00edas o en vivienda, se fija ahora en las residencias, porque la falta de plazas tambi\u00e9n \u201cvulnera derechos\u201d, en este caso, \u201cde las personas mayores y sus cuidadores\u201d.<\/p>\n<section id=\"sumario_1|despiece\" class=\"sumario_despiece derecha\"><a name=\"sumario_1\"><\/a><\/p>\n<div class=\"sumario__interior\">\n<header class=\"sumario-encabezado\">\n<h4 class=\"sumario-titulo\"><span class=\"sin_enlace\">LA ATENCI\u00d3N A MAYORES EN LA CIUDAD<\/span><\/h4>\n<\/header>\n<div class=\"sumario-texto\">\n<p><strong>Mayores de 65 a\u00f1os:<\/strong>\u00a0349.433<\/p>\n<p><strong>Plazas en residencias:<\/strong>\u00a013.000 (un 30% de gesti\u00f3n p\u00fablica, el resto concertadas o privadas)<\/p>\n<p><strong>Plazas por cada 100 mayores<\/strong>: 1,5 (2,5 en Catalu\u00f1a)<\/p>\n<p><strong>Residencias prometidas por la Generalitat<\/strong>: 10 y solo 4 construidas (genera un ahorro anual de 28 millones al Govern)<\/p>\n<p><strong>Mayores de Barcelona que esperan en su casa plaza en residencia<\/strong>: 3.942<\/p>\n<p><strong>Gasto municipal anual en atender a personas que deber\u00edan estar en una residencia<\/strong>: 18 millones<\/p>\n<\/div>\n<\/div>\n<\/section>\n<p>Adem\u00e1s de las casi 4.000 personas (3.942) que esperan plaza en su casa hay otras 4.000 que ya est\u00e1n en una residencia, pero tambi\u00e9n en una lista de espera para cambiar de centro.<\/p>\n<section id=\"sumario_2|despiece\" class=\"sumario_despiece derecha\"><a name=\"sumario_2\"><\/a><\/p>\n<div class=\"sumario__interior\">\n<header class=\"sumario-encabezado\">\n<h4 class=\"sumario-titulo\"><span class=\"sin_enlace\">LA GENERALITAT AVISA DE QUE LA SOLUCI\u00d3N NO ES SOLO \u00abCONSTRUIR RESIDENCIAS\u00bb<\/span><\/h4>\n<\/header>\n<div class=\"sumario-texto\">\n<p>El secretario de Asuntos Sociales de la Generalitat, Francesc Iglesias, respondi\u00f3 que los datos del estudio se basan en una programaci\u00f3n \u00abdesfasada\u00bb y que la actual, entre 2015 y 2018, rebaja la creaci\u00f3n de plazas a \u00abuna horquilla de entre 1.115 y 2.000\u00bb. Sobre las seis residencias pendientes apunta que en cuatro casos los solares han tenido \u00abafectaciones urban\u00edsticas\u00bb y en otros dos, el Ayuntamiento tiene que impulsar la licitaci\u00f3n de las obras. \u00abLas necesidades de las personas mayores no se resolver\u00e1n construyendo residencias\u00bb, alert\u00f3 y asegur\u00f3 que el gasto en atenci\u00f3n domiciliaria por parte del Govern tambi\u00e9n ha aumentado de 14 a 25 millones. Sobre los mayores a los que se destina una plaza en otra localidad Iglesias matiza que los ancianos pueden solicitar tres residencias y que en algunos casos lo hacen fuera de Barcelona, en municipios donde tambi\u00e9n tienen v\u00ednculos.<\/p>\n<\/div>\n<\/div>\n<\/section>\n<p>El informe municipal cifra el d\u00e9ficit de inversi\u00f3n de la Generalitat en residencias p\u00fablicas en 2.780 plazas y en 28 millones de euros de gasto anual sobre los objetivos que se fij\u00f3 en la programaci\u00f3n 2008-2012. En cambio, asegura, al Ayuntamiento le supone un sobrecoste de 18 millones de euros anuales: los que gasta sumando el servicio de atenci\u00f3n domiciliaria (el SAD, 11 millones) y el de atenci\u00f3n de urgencias en la vejez (SAUV, 7).<\/p>\n<p>La teniente de alcalde reproch\u00f3 adem\u00e1s que la \u00faltima planificaci\u00f3n de la Generalitat no considera la ciudad de Barcelona como una zona independiente: \u201cla planificaci\u00f3n ha olvidado la proximidad al domicilio, que es important\u00edsima para los mayores y sus cuidadores\u201d. Y asegur\u00f3 que se est\u00e1 enviando \u201ca la otra punta de Catalu\u00f1a a mayores de Barcelona\u201d y que a la ciudad llegan ancianos de otros municipios.<\/p>\n<p>En Barcelona hay casi 350.000 personas de m\u00e1s de 65 a\u00f1os, el 21,5% de la poblaci\u00f3n y las proyecciones demogr\u00e1ficas apuntan a un aumento, de forma que en 2030 el 8,3% de la poblaci\u00f3n tendr\u00e1 entre 75 y 79 a\u00f1os. Frente a estos datos, y aunque el consistorio es partidario de que los mayores \u201cest\u00e9n en casa tanto como puedan, la oferta es insuficiente y falla en las personas dependientes, llegamos tarde\u201d, afirm\u00f3 Ortiz.<\/p>\n<p>Actualmente en la ciudad hay 13.051 plazas en residencias. De \u00e9stas, solo el 30% son completamente p\u00fablicas. El resto son o bien concertadas o est\u00e1n en centros privados que reciben ayudas. Y el 12% son completamente de titularidad privada. Si se cruzan los mayores y las residencias, resulta que la ratio de cobertura de Barcelona (las plazas por cada 100 personas mayores de 65 a\u00f1os) es del 1,5, muy por debajo de la del global de Catalu\u00f1a, que es del 2,5.<\/p>\n<p>En la capital catalana, las listas de espera indican tambi\u00e9n que el d\u00e9ficit de plazas va por barrios. As\u00ed, los distritos que concentran m\u00e1s solicitudes en relaci\u00f3n a su poblaci\u00f3n mayor son los de Horta-Guinard\u00f3, Sant Mart\u00ed y Sants-Montju\u00efc.<\/p>\n<\/div>\n<\/div>","protected":false},"excerpt":{"rendered":"<p>Casi 4.000 abuelos de Barcelona esperan plaza en una residencia \u00abSe ha desatendido este servicio y los datos son alarmantes\u201d, asegura el Ayuntamiento Otros 1 Con\u00e9ctate Enviar por correo Imprimir CLARA BLANCHAR Twitter Barcelona\u00a010 JUL 2018 &#8211; 10:49 CEST Varias ancianas en una residencia de Sant Andreu.\u00a0CONSUELO BAUTISTA Casi 4.000 personas mayores de Barcelona est\u00e1n&hellip;&nbsp;<a href=\"https:\/\/mareapensionista.org\/ca\/2021\/03\/07\/casi-4-000-abuelos-de-barcelona-esperan-plaza-en-una-residencia\/\" class=\"\" rel=\"bookmark\">Read More &raquo;<span class=\"screen-reader-text\">Casi 4.000 abuelos de Barcelona esperan plaza en una residencia<\/span><\/a><\/p>","protected":false},"author":3,"featured_media":0,"comment_status":"open","ping_status":"open","sticky":false,"template":"","format":"standard","meta":{"neve_meta_sidebar":"","neve_meta_container":"","neve_meta_enable_content_width":"","neve_meta_content_width":0,"neve_meta_title_alignment":"","neve_meta_author_avatar":"","neve_post_elements_order":"","neve_meta_disable_header":"","neve_meta_disable_footer":"","neve_meta_disable_title":"","_ti_tpc_template_sync":false,"_ti_tpc_template_id":"","footnotes":""},"categories":[1],"tags":[],"class_list":["post-1220","post","type-post","status-publish","format-standard","hentry","category-sin-categoria"],"_links":{"self":[{"href":"https:\/\/mareapensionista.org\/ca\/wp-json\/wp\/v2\/posts\/1220","targetHints":{"allow":["GET"]}}],"collection":[{"href":"https:\/\/mareapensionista.org\/ca\/wp-json\/wp\/v2\/posts"}],"about":[{"href":"https:\/\/mareapensionista.org\/ca\/wp-json\/wp\/v2\/types\/post"}],"author":[{"embeddable":true,"href":"https:\/\/mareapensionista.org\/ca\/wp-json\/wp\/v2\/users\/3"}],"replies":[{"embeddable":true,"href":"https:\/\/mareapensionista.org\/ca\/wp-json\/wp\/v2\/comments?post=1220"}],"version-history":[{"count":1,"href":"https:\/\/mareapensionista.org\/ca\/wp-json\/wp\/v2\/posts\/1220\/revisions"}],"predecessor-version":[{"id":3337,"href":"https:\/\/mareapensionista.org\/ca\/wp-json\/wp\/v2\/posts\/1220\/revisions\/3337"}],"wp:attachment":[{"href":"https:\/\/mareapensionista.org\/ca\/wp-json\/wp\/v2\/media?parent=1220"}],"wp:term":[{"taxonomy":"category","embeddable":true,"href":"https:\/\/mareapensionista.org\/ca\/wp-json\/wp\/v2\/categories?post=1220"},{"taxonomy":"post_tag","embeddable":true,"href":"https:\/\/mareapensionista.org\/ca\/wp-json\/wp\/v2\/tags?post=1220"}],"curies":[{"name":"wp","href":"https:\/\/api.w.org\/{rel}","templated":true}]}}