{"id":1221,"date":"2021-03-07T07:50:41","date_gmt":"2021-03-07T07:50:41","guid":{"rendered":"https:\/\/mareapensionista.org\/2021\/03\/07\/pensionistas-muestran-su-rechazo-al-producto-paneuropeo-de-pensiones-individuales-dias-antes-de-su-votacion\/"},"modified":"2021-03-07T07:50:41","modified_gmt":"2021-03-07T07:50:41","slug":"pensionistas-muestran-su-rechazo-al-producto-paneuropeo-de-pensiones-individuales-dias-antes-de-su-votacion","status":"publish","type":"post","link":"https:\/\/mareapensionista.org\/ca\/2021\/03\/07\/pensionistas-muestran-su-rechazo-al-producto-paneuropeo-de-pensiones-individuales-dias-antes-de-su-votacion\/","title":{"rendered":"Pensionistas muestran su rechazo al Producto Paneuropeo de Pensiones Individuales d\u00edas antes de su votaci\u00f3n"},"content":{"rendered":"<p>Pensionistas muestran su rechazo al Producto Paneuropeo de Pensiones Individuales d\u00edas antes de su votaci\u00f3n<\/p>\n<p>EUROPA PRESS 07.07.2018<\/p>\n<p>La Coordinadora Estatal por la Defensa del Sistema P\u00fablico de Pensiones en Zaragoza ha organizado este s\u00e1bado, 7 de julio, la \u00faltima concentraci\u00f3n hasta septiembre, en la que han vuelto a mostrar su rechazo al Producto Paneuropeo de Pensiones Individuales (PEPP), que se someter\u00e1 a votaci\u00f3n los d\u00edas 11 y 12 de julio en el Parlamento Europeo. Concentraci\u00f3n de jubilados y pensionistas en la plaza del Pilar. EUROPA PRESS Con pancartas como &#8216;Insistir, persistir, resistir y nunca desistir&#8217; o &#8216;Blindaje de las pensiones por ley, con las pensiones no se juega&#8217;, decenas de personas se han reunido en la plaza del Pilar de la capital aragonesa para oponerse a la presentaci\u00f3n del PEPP los d\u00edas 11 y 12 de julio por parte de la Comisi\u00f3n Europea en el Parlamento Europeo para su aprobaci\u00f3n. Uno de los portavoces de la Coordinadora por la Defensa del Sistema P\u00fablico de Pensiones, Jos\u00e9 Luis Cabello, ha explicado que esta concentraci\u00f3n era necesaria porque es \u00abmuy grave\u00bb la propuesta de un plan de privatizaci\u00f3n\u00bb de las pensiones por parte de \u00abla Comisi\u00f3n Europea en el Parlamento\u00bb. El PEPP, ha dicho, \u00abser\u00e1 una norma de obligado cumplimiento para todos los Estados miembros de la Uni\u00f3n Europea (UE)\u00bb y, en lugar de los Estados, ser\u00e1n \u00ablos fondos de inversi\u00f3n, los bancos y las asesor\u00edas\u00bb quienes gestionar\u00e1n las pensiones y las \u00abinvertir\u00e1n en lo que a ellos les parezca\u00bb. A esto se suma que \u00ablos actuales sueldos precarios\u00bb no permitir\u00e1n a cualquier joven \u00abcontratar un plan de pensiones privado\u00bb, por lo que ser\u00e1 \u00abun sistema de pensiones para la clase privilegiada\u00bb con el que \u00abvan a ganar dinero los fondos de inversi\u00f3n y los bancos\u00bb y van \u00aba perder\u00bb los ciudadanos. La votaci\u00f3n tendr\u00e1 lugar en la Comisi\u00f3n de Asuntos Econ\u00f3micos y Monetarios del Parlamento Europeo, que se celebrar\u00e1 este mi\u00e9rcoles, 11 de julio, de 9.00 a 11.30 horas y de 14.30 a 18.30 horas; y este jueves, 12 de julio, desde las 9.00 hasta las 12.00 horas. IPC Otro portavoz de la Coordinadora por la Defensa del Sistema P\u00fablico de Pensiones, Miguel \u00c1ngel Surroca, ha explicado que otra de las reivindicaciones es la subida de las pensiones con respecto al \u00cdndice de Precios de Consumo (IPC) porque, por el momento, no se han cumplido \u00ablos objetivos\u00bb. \u00abAunque el a\u00f1o que viene se suban las pensiones un 1,6 por ciento, el IPC de este a\u00f1o se incrementar\u00e1 un 2,1 por ciento, pudiendo alcanzar el 2,3\u00bb, por lo que se va a producir \u00abuna p\u00e9rdida de poder adquisitivo\u00bb, ha considerado. Surroca ha defendido que \u00abm\u00e1s que de las pensiones actuales\u00bb, se deber\u00eda \u00abhablar de las futuras\u00bb porque esta lucha \u00abconcierne a todo el mundo que quiera cobrar una pensi\u00f3n\u00bb ahora o en unos a\u00f1os. \u00abNo es verdad que no haya dinero, pero hay que administrarlo en lo que es importante y la gente es lo m\u00e1s importante en un pa\u00eds\u00bb. En este sentido, ha indicado que \u00ablo m\u00e1s sencillo\u00bb para garantizar las pensiones es la privatizaci\u00f3n de las pensiones y eso es lo que pretende la Comisi\u00f3n Europea en el Parlamento europeo, donde \u00abvan a darle legalidad a las pensiones privadas que manejar\u00e1n fondos de inversi\u00f3n, bancos y fondos de capitalizaci\u00f3n\u00bb. No obstante, el portavoz de la Coordinadora ha opinado que \u00abel 60 por ciento de los planes de inversi\u00f3n actuales est\u00e1n perdiendo dinero\u00bb y son los Estados quienes deben \u00abgarantizar que cuando una persona llega a la edad de jubilaci\u00f3n, tenga una vida digna\u00bb. \u00abGOBIERNE QUIEN GOBIERNE\u00bb Sobre el nuevo Gobierno de Espa\u00f1a, presidido por Pedro S\u00e1nchez, Miguel \u00c1ngel Surroca ha subrayado que las pensiones se van \u00aba defender gobierne quien gobierne\u00bb. Ha a\u00f1adido que si los gobiernos -de Rajoy y S\u00e1nchez- \u00abhan dado pasos\u00bb es gracias a \u00abla presi\u00f3n de la gente que sale a la calle\u00bb. Ha pedido al Ejecutivo central que \u00absea sensible a nuestras peticiones\u00bb y \u00abestar all\u00ed para o\u00edrlas cuando las est\u00e9n comentando y discutiendo\u00bb. \u00abQueremos estar all\u00ed, que se blinden las pensiones en la Constituci\u00f3n para que, gobierne quien gobierne, sean dignas\u00bb. \u00abEl problema es complejo y hay que abordarlo de una manera seria, no con parches como los que puede poner este Gobierno que va a estar dos a\u00f1os y har\u00e1 lo que pueda\u00bb, ha apostillado el portavoz de la Coordinadora, quien ha a\u00f1adido que esta plataforma \u00abno tiene ninguna organizaci\u00f3n pol\u00edtica ni sindical detr\u00e1s\u00bb, pero busca \u00abque todos los partidos\u00bb la apoyen.<\/p>\n<p>Ver m\u00e1s en:\u00a0<a href=\"https:\/\/www.20minutos.es\/noticia\/3389053\/0\/pensionistas-muestran-su-rechazo-al-producto-paneuropeo-pensiones-individuales-dias-antes-su-votacion\/?utm_source=facebook.com&amp;utm_medium=socialshare&amp;utm_campaign=mobile_web#xtor=AD-15&amp;xts=467263\">https:\/\/www.20minutos.es\/noticia\/3389053\/0\/pensionistas-muestran-su-rechazo-al-producto-paneuropeo-pensiones-individuales-dias-antes-su-votacion\/?utm_source=facebook.com&amp;utm_medium=socialshare&amp;utm_campaign=mobile_web#xtor=AD-15&amp;xts=467263<\/a><\/p>","protected":false},"excerpt":{"rendered":"<p>Pensionistas muestran su rechazo al Producto Paneuropeo de Pensiones Individuales d\u00edas antes de su votaci\u00f3n EUROPA PRESS 07.07.2018 La Coordinadora Estatal por la Defensa del Sistema P\u00fablico de Pensiones en Zaragoza ha organizado este s\u00e1bado, 7 de julio, la \u00faltima concentraci\u00f3n hasta septiembre, en la que han vuelto a mostrar su rechazo al Producto Paneuropeo&hellip;&nbsp;<a href=\"https:\/\/mareapensionista.org\/ca\/2021\/03\/07\/pensionistas-muestran-su-rechazo-al-producto-paneuropeo-de-pensiones-individuales-dias-antes-de-su-votacion\/\" class=\"\" rel=\"bookmark\">Read More &raquo;<span class=\"screen-reader-text\">Pensionistas muestran su rechazo al Producto Paneuropeo de Pensiones Individuales d\u00edas antes de su votaci\u00f3n<\/span><\/a><\/p>","protected":false},"author":1,"featured_media":0,"comment_status":"open","ping_status":"open","sticky":false,"template":"","format":"standard","meta":{"neve_meta_sidebar":"","neve_meta_container":"","neve_meta_enable_content_width":"","neve_meta_content_width":0,"neve_meta_title_alignment":"","neve_meta_author_avatar":"","neve_post_elements_order":"","neve_meta_disable_header":"","neve_meta_disable_footer":"","neve_meta_disable_title":"","_ti_tpc_template_sync":false,"_ti_tpc_template_id":"","footnotes":""},"categories":[],"tags":[],"class_list":["post-1221","post","type-post","status-publish","format-standard","hentry"],"_links":{"self":[{"href":"https:\/\/mareapensionista.org\/ca\/wp-json\/wp\/v2\/posts\/1221","targetHints":{"allow":["GET"]}}],"collection":[{"href":"https:\/\/mareapensionista.org\/ca\/wp-json\/wp\/v2\/posts"}],"about":[{"href":"https:\/\/mareapensionista.org\/ca\/wp-json\/wp\/v2\/types\/post"}],"author":[{"embeddable":true,"href":"https:\/\/mareapensionista.org\/ca\/wp-json\/wp\/v2\/users\/1"}],"replies":[{"embeddable":true,"href":"https:\/\/mareapensionista.org\/ca\/wp-json\/wp\/v2\/comments?post=1221"}],"version-history":[{"count":0,"href":"https:\/\/mareapensionista.org\/ca\/wp-json\/wp\/v2\/posts\/1221\/revisions"}],"wp:attachment":[{"href":"https:\/\/mareapensionista.org\/ca\/wp-json\/wp\/v2\/media?parent=1221"}],"wp:term":[{"taxonomy":"category","embeddable":true,"href":"https:\/\/mareapensionista.org\/ca\/wp-json\/wp\/v2\/categories?post=1221"},{"taxonomy":"post_tag","embeddable":true,"href":"https:\/\/mareapensionista.org\/ca\/wp-json\/wp\/v2\/tags?post=1221"}],"curies":[{"name":"wp","href":"https:\/\/api.w.org\/{rel}","templated":true}]}}