{"id":1227,"date":"2021-03-07T07:50:41","date_gmt":"2021-03-07T07:50:41","guid":{"rendered":"https:\/\/mareapensionista.org\/2021\/03\/07\/comunicado-sobre-los-pge-y-acciones-para-el-otono\/"},"modified":"2021-03-07T07:50:41","modified_gmt":"2021-03-07T07:50:41","slug":"comunicado-sobre-los-pge-y-acciones-para-el-otono","status":"publish","type":"post","link":"https:\/\/mareapensionista.org\/ca\/2021\/03\/07\/comunicado-sobre-los-pge-y-acciones-para-el-otono\/","title":{"rendered":"COMUNICADO SOBRE LOS PGE Y ACCIONES PARA EL OTO\u00d1O"},"content":{"rendered":"<h1><strong>COMUNICADO SOBRE LOS PGE Y ACCIONES PARA EL OTO\u00d1O<\/strong><\/h1>\n<p>La pol\u00edtica Espa\u00f1ola ha vivido hace solo dos meses, una serie de hechos que han pillado desprevenidos a los m\u00e1s afamados analistas pol\u00edticos, e incluso a los propios protagonistas Mariano Rajoy y Pedro S\u00e1nchez. Se han producido una serie de acontecimientos que no podemos de ninguna manera pasar por alto, y que seguramente nos afectaran de forma profunda en el futuro inmediato como:<\/p>\n<p>Antes de producirse la moci\u00f3n de censura y el posterior cambio de gobierno, el PP y el PNV llegan a un acuerdo en el sentido de elevar un 3% las pensiones m\u00e1s bajas (se ha de recordar que era este un compromiso de la reforma del 2.011 que el PP ten\u00eda paralizado). Por tanto esto no significaba nada nuevo para nosotros, era una obligaci\u00f3n cumplirlo.<\/p>\n<p>Como nuestra presi\u00f3n en la calle segu\u00eda creciendo, y crec\u00eda a pesar de los innumerables inconvenientes que se nos presentaban desde todos los frentes posibles, el PNV le ofrece apoyo al PP en la aprobaci\u00f3n de los PGE, si se compromete a subir las pensiones en un 1,6% este a\u00f1o y lo que suba el IPC el a\u00f1o 2019, m\u00e1s el retraso de la entrada en vigor del Factor de Sostenibilidad para el uno de enero de 2.023. En este punto conviene aclarar dos cosas: el aumento del 1,6 % de este a\u00f1o, se producir\u00e1 descontando el 0\u201925 % ya cobrado desde enero; y el Factor de Sostenibilidad, contrariamente a los que piensan muchos, ya estaba contemplado en la reforma del 2.011, para que entrara en vigor en el 2.027, con la llegada de la jubilaci\u00f3n a los 67 a\u00f1os.<\/p>\n<p>El 31 de mayo y el 1 de junio, se debate la moci\u00f3n de censura contra Mariano Rajoy que la pierde y Pedro S\u00e1nchez se hace con el Gobierno del Estado. Se produce un cambio significativo en cuanto a las formas, pero hoy por hoy poco m\u00e1s podemos decir, ya que nuestra lucha sin cuartel por la defensa del SPP de los \u00faltimos a\u00f1os, y principalmente de este \u00faltimo a\u00f1o, ya hab\u00eda empezado a dar frutos, y los continuar\u00e1 dando en la medida que sigamos presionando. Hab\u00eda empezado a cambiar radicalmente el mensaje interesado de que el SPP es insostenible, que era el aumento demogr\u00e1fico el culpable, que ten\u00eda un d\u00e9ficit muy severo&#8230; Nuestra lucha, nuestra determinaci\u00f3n por su defensa, hab\u00eda empezado a introducir conceptos nuevos en el debate, como el reparto de la productividad creciente, el reparto de la jornada de trabajo, el destope de las cotizaciones sociales, el control de las horas extraordinarias y de los falsos aut\u00f3nomos, la supresi\u00f3n de cargas a las cotizaciones sociales injustas y un largo etc\u2026<\/p>\n<p>Nuestro \u00edmpetu, nuestro coraje, y nuestras reivindicaciones bien desarrolladas, hab\u00edan conseguido que, por fin, profesionales del derecho y de la econom\u00eda, catedr\u00e1tic@s y profesores de universidades, as\u00ed como algunos medios de comunicaci\u00f3n empezaran a hacer llegar este mensaje a la sociedad.<\/p>\n<p>Situado en esta tesitura, Pedro S\u00e1nchez no ha tenido m\u00e1s remedio que lanzar a los cuatro vientos algunas promesas, pero de momento son solo eso, promesas, que nosotros contemplamos como una parte de la reforma integral que exigimos. Dicen desde el Gobierno, que destopar\u00e1 las cotizaciones sociales, que quitaran a la Seguridad Social esas cargas indebidas, que corregir\u00e1n la trampa de los falsos aut\u00f3nomos y las horas extras, mediante el aumento de la Inspecci\u00f3n de Trabajo, que crear\u00e1n nuevos impuestos, prometen dialogo, pero a nosotros, que hemos pedido por carta reunirnos para hablar del tema no nos han contestado.<\/p>\n<p>Nosotros nacimos para luchar por el SPP de ahora y del futuro, y como dice nuestro lema\u00a0<strong>\u201cGobierne quien gobierne, las pensiones se defienden\u201d<\/strong>\u00a0y no nos queda otra que seguir luchando, seguir en la calle cada d\u00eda con m\u00e1s fuerza, porque es ah\u00ed, \u00a0en la calle y solo ah\u00ed, donde defenderemos nuestros derechos y los de las futuras generaciones.<\/p>\n<p>En la actualidad estamos inmersos en procesos de reestructuraci\u00f3n y organizaci\u00f3n, tanto a nivel de CC.AA como a nivel del Estado, y es del todo necesario llevar a cabo estos procesos organizativos y de refuerzo de nuestras estructuras, ya que de lo contrario no podremos empezar en septiembre con una verdadera fuerza que nos sit\u00fae en un plano de igualdad para negociar. Por otra parte, hemos conseguido crear un movimiento social lo suficientemente fuerte, para que se vea seriamente amenazado d\u00eda tras d\u00eda desde los diferentes espacios pol\u00edticos y sociales, unos porque nos ofrecen las migas que caen de su mesa para tratar de desmovilizarnos, y otros porque desde sus estructuras tratan de infiltrarse en el movimiento para apoderarse de \u00e9l.<\/p>\n<p>En la actualidad ya se han producido procesos organizativos en algunas CC.AA y en cuanto nos sea posible abordaremos la reorganizaci\u00f3n en el Estado, dot\u00e1ndonos de unos documentos fuertes, potentes y claros, en los que todos podamos colaborar y decidir, pero que sean a la vez agiles y f\u00e1ciles de interpretar, que puedan hacer frente a los retos que sin duda se nos presentaran en el futuro inmediato.<\/p>\n<p>A pesar de estamos en tiempo de verano, el movimiento sigue trabajando a buen ritmo; adem\u00e1s de organizarnos internamente, tendremos unas Jornadas Internacionales sobre pensiones en Santiago de Compostela los pr\u00f3ximos d\u00edas 28 y 29 de septiembre, una jornada en Alcoy (Alicante) el 15 de septiembre, y una jornada en una universidad de Barcelona el d\u00eda 9 de octubre, adem\u00e1s de los actos que se programan a diario en muchas localidades.<\/p>\n<p><strong><u>Nosotr@s lo tenemos muy claro y lo decimos de forma permanente, estamos en la calle por nuestras pensiones, pero sobre todo, estamos por las pensiones de nuestros hij@s y de nuestros niet@s, por lo tanto no queremos parches, queremos ganar el futuro y para ello exigimos:<\/u><\/strong><\/p>\n<ul>\n<li><strong>Una reforma integral del sistema. Que aborde todas las variables, que no se quede en lo superficial, y que vaya al fondo del problema, a un equitativo reparto de la riqueza, mediante una Reforma Fiscal en que paguen m\u00e1s los que m\u00e1s tienen y pueden.<\/strong><\/li>\n<li><strong>Queremos un debate social con luz y taqu\u00edgrafos. No aceptaremos la actual falta de trasparencia del Pacto de Toledo. A d\u00eda de hoy, todos sabemos que nos han estado contando una gran mentira, y no queremos que eso se vuelva a repetir.<\/strong><\/li>\n<li><strong>Exigimos formar parte del futuro debate y negociaci\u00f3n que aborde el SPP. Hemos demostrado sobradamente que l@s pensionistas y la sociedad nos apoya, as\u00ed como que debemos hacer para salvaguardar el sistema de ahora y del futuro, y no necesitamos que nadie nos represente, ni actu\u00e9 en nuestro nombre.<\/strong><\/li>\n<\/ul>\n<p>Os deseamos a tod@s un buen verano, con un descanso reparador que nos permita encarar el pr\u00f3ximo a\u00f1o con m\u00e1s fuerza y moral que nunca.<\/p>\n<p>El futuro es nuestro y no permitiremos que nos lo arrebate.<\/p>\n<p><strong><u>\u00a0<\/u><\/strong><\/p>\n<p><strong><u>LA \u00daNICA GARANT\u00cdA: CONSTANCIA, UNIDAD, PRESI\u00d3N, MOVILIZACI\u00d3N<\/u><\/strong><\/p>\n<p><strong><u>\u00a1\u00a1\u00a1 GOBIERNE QUIEN GOBIERNE, LAS PENSIONES SE DEFIENDEN !!!<\/u><\/strong><\/p>\n<p><strong><u>\u00a0<\/u><\/strong><\/p>\n<p>Victoria Portas<\/p>\n<p>Portavoz de CEDSPP\u00a0 Tlf 699895822<\/p>\n<p>coordinadoraestatalpensiones@gmail.com<\/p>\n<p>Comisi\u00f3n de Portavoces y Organizaci\u00f3n<\/p>","protected":false},"excerpt":{"rendered":"<p>COMUNICADO SOBRE LOS PGE Y ACCIONES PARA EL OTO\u00d1O La pol\u00edtica Espa\u00f1ola ha vivido hace solo dos meses, una serie de hechos que han pillado desprevenidos a los m\u00e1s afamados analistas pol\u00edticos, e incluso a los propios protagonistas Mariano Rajoy y Pedro S\u00e1nchez. Se han producido una serie de acontecimientos que no podemos de ninguna&hellip;&nbsp;<a href=\"https:\/\/mareapensionista.org\/ca\/2021\/03\/07\/comunicado-sobre-los-pge-y-acciones-para-el-otono\/\" class=\"\" rel=\"bookmark\">Read More &raquo;<span class=\"screen-reader-text\">COMUNICADO SOBRE LOS PGE Y ACCIONES PARA EL OTO\u00d1O<\/span><\/a><\/p>","protected":false},"author":1,"featured_media":0,"comment_status":"open","ping_status":"open","sticky":false,"template":"","format":"standard","meta":{"neve_meta_sidebar":"","neve_meta_container":"","neve_meta_enable_content_width":"","neve_meta_content_width":0,"neve_meta_title_alignment":"","neve_meta_author_avatar":"","neve_post_elements_order":"","neve_meta_disable_header":"","neve_meta_disable_footer":"","neve_meta_disable_title":"","_ti_tpc_template_sync":false,"_ti_tpc_template_id":"","footnotes":""},"categories":[],"tags":[],"class_list":["post-1227","post","type-post","status-publish","format-standard","hentry"],"_links":{"self":[{"href":"https:\/\/mareapensionista.org\/ca\/wp-json\/wp\/v2\/posts\/1227","targetHints":{"allow":["GET"]}}],"collection":[{"href":"https:\/\/mareapensionista.org\/ca\/wp-json\/wp\/v2\/posts"}],"about":[{"href":"https:\/\/mareapensionista.org\/ca\/wp-json\/wp\/v2\/types\/post"}],"author":[{"embeddable":true,"href":"https:\/\/mareapensionista.org\/ca\/wp-json\/wp\/v2\/users\/1"}],"replies":[{"embeddable":true,"href":"https:\/\/mareapensionista.org\/ca\/wp-json\/wp\/v2\/comments?post=1227"}],"version-history":[{"count":0,"href":"https:\/\/mareapensionista.org\/ca\/wp-json\/wp\/v2\/posts\/1227\/revisions"}],"wp:attachment":[{"href":"https:\/\/mareapensionista.org\/ca\/wp-json\/wp\/v2\/media?parent=1227"}],"wp:term":[{"taxonomy":"category","embeddable":true,"href":"https:\/\/mareapensionista.org\/ca\/wp-json\/wp\/v2\/categories?post=1227"},{"taxonomy":"post_tag","embeddable":true,"href":"https:\/\/mareapensionista.org\/ca\/wp-json\/wp\/v2\/tags?post=1227"}],"curies":[{"name":"wp","href":"https:\/\/api.w.org\/{rel}","templated":true}]}}