{"id":1242,"date":"2021-03-07T07:50:43","date_gmt":"2021-03-07T07:50:43","guid":{"rendered":"https:\/\/mareapensionista.org\/2021\/03\/07\/los-pensionistas-preparan-un-septiembre-caliente-tras-la-mucha-musica-y-poca-letra-del-gobierno\/"},"modified":"2021-03-07T07:50:43","modified_gmt":"2021-03-07T07:50:43","slug":"los-pensionistas-preparan-un-septiembre-caliente-tras-la-mucha-musica-y-poca-letra-del-gobierno","status":"publish","type":"post","link":"https:\/\/mareapensionista.org\/ca\/2021\/03\/07\/los-pensionistas-preparan-un-septiembre-caliente-tras-la-mucha-musica-y-poca-letra-del-gobierno\/","title":{"rendered":"Los pensionistas preparan un septiembre caliente tras la \u201cmucha m\u00fasica y poca letra\u201d del Gobierno"},"content":{"rendered":"<div title=\"noticia 166099\">\n<h1 class=\"titulo\">Los pensionistas preparan un septiembre caliente tras la \u201cmucha m\u00fasica y poca letra\u201d del Gobierno<\/h1>\n<\/div>\n<div class=\"centerdiv\">\n<table class=\"foto posF-4 fotoCentrada\">\n<tbody>\n<tr>\n<td>\n<div class=\"fotodiv\"><a class=\"fancybox conlupa\" href=\"https:\/\/www.elboletin.com\/fotos\/1\/106690__MG_1450.JPG\" data-fancybox=\"images\"><img loading=\"lazy\" decoding=\"async\" title=\"Los pensionistas preparan un septiembre caliente tras la \u201cmucha m\u00fasica y poca letra\u201d del Gobierno\" src=\"https:\/\/www.elboletin.com\/fotos\/1\/106690__MG_1450_thumb_650.JPG\" alt=\"Los pensionistas preparan un septiembre caliente tras la \u201cmucha m\u00fasica y poca letra\u201d del Gobierno\" width=\"650\" height=\"366\" \/><\/a><\/p>\n<div id=\"linicom_imgid1533572527061_0\"><\/div>\n<div class=\"ampliarcontent\">\n<div class=\"txtampliar\">Ampliar<\/div>\n<div class=\"lupampliar\"><\/div>\n<\/div>\n<\/div>\n<\/td>\n<\/tr>\n<\/tbody>\n<\/table>\n<\/div>\n<h3 class=\"antesubtitulo subtit\">El regreso de las vacaciones traer\u00e1 consigo una nueva ofensiva por parte de los pensionistas y jubilados, que tomar\u00e1n la calle con varias manifestaciones.<\/h3>\n<div id=\"firmante_431\" class=\"firmante\">\n<div class=\"foto_firmante\"><\/div>\n<p>Por\u00a0<span class=\"nombre_firmante\">Gustavo Garc\u00eda<\/span><\/p>\n<div><a class=\"enlace\" href=\"https:\/\/www.elboletin.com\/gustavo-garcia\/autor\/431\/\">M\u00e1s art\u00edculos de este autor<\/a><\/div>\n<\/div>\n<div class=\"ulthora fecha_publicacion\"><span class=\"dia_mes_anno\">S\u00e1bado 04 de agosto de 2018<\/span><span class=\"sepF\">,\u00a0<\/span><span class=\"hora_minutos\">06:00h<\/span><\/div>\n<div>\n<div class=\"social\"><a><img decoding=\"async\" title=\"Compartir en Meneame\" src=\"https:\/\/www.elboletin.com\/imagenes\/icono-meneame.png\" alt=\"Compartir en Meneame\" \/><\/a><\/div>\n<div class=\"entradilla\">\n<p>Los\u00a0<strong>pensionistas<\/strong>\u00a0protagonizar\u00e1n su particular\u00a0<strong>&#8216;vuelta al cole&#8217;\u00a0<\/strong>en defensa de las pensiones. Este colectivo tomar\u00e1 de nuevo la calle el pr\u00f3ximo mes de\u00a0<strong>septiembre<\/strong>\u00a0con varias manifestaciones, en especial en\u00a0<strong>Madrid<\/strong>. Y es que no salieron del todo contentos de su reuni\u00f3n esta semana con la ministra de Trabajo y Seguridad Social,\u00a0<strong>Magdalena Valerio.\u00a0<\/strong>Un encuentro que resumen con la siguiente frase: \u201cmucha m\u00fasica y poca letra\u201d.<\/p>\n<\/div>\n<div id=\"textoNoticia\" class=\"texto\">\n<div id=\"SMIntext_reference_1533572519275\" class=\"SMreference_1533572519275\"><\/div>\n<div id=\"SMIntext_efec_1533572519275\"><\/div>\n<p>A los representantes de la Coordinadora Estatal por la Defensa del Sistema P\u00fablico de Pensiones (Coespe)\u00a0<strong>\u201cnos gust\u00f3 la m\u00fasica, pero no nos convenci\u00f3 la letra\u201d<\/strong>. As\u00ed lo afirma este colectivo en un comunicado en el que lamenta que la \u00fanica respuesta por parte de Trabajo se basara en \u201cpromesas\u201d. Algo de lo que est\u00e1n ya cansados. \u201cEn este pa\u00eds donde hace a\u00f1os est\u00e1 instalada en sus instituciones la pol\u00edtica de corta mirada, con el ojo puesto en sus sillones y en ganar las pr\u00f3ximas elecciones, ya se hace muy dif\u00edcil creer en las promesas de un pol\u00edtico\u201d, se\u00f1ala la Coordinadora.<\/p>\n<p>La idea con la que estos pensionistas acudieron al encuentro ante la ministra pasaba por poner en marcha en septiembre un grupo de trabajo que diera respuesta a sus reclamaciones con medidas a corto, medio y largo plazo. Una \u201csoluci\u00f3n\u201d al actual sistema p\u00fablico de pensiones, que est\u00e1 \u201checho unos zorros\u201d, aseguran, \u201ctanto para nosotros como para las generaciones futuras\u201d. Pero el equipo de Valerio se opuso.<\/p>\n<div id=\"linicom_incontext\"><\/div>\n<p>\u201cNo pretend\u00edamos en esa reuni\u00f3n que ese programa se desarrollara. Ni much\u00edsimo menos. Lo que pretend\u00edamos era salir de all\u00ed con un programa de trabajo, un\u00a0<strong>calendario de trabajo\u00a0<\/strong>de cara al mes de septiembre para empezar a hablar punto por punto\u201d, ha explicado a EL BOLETIN Domiciano Sandoval, portavoz de la Marea Pensionista, que no ha escondido su decepci\u00f3n ante la postura de Trabajo.<\/p>\n<p>Lo \u00fanico que lograron sacar a la ministra Valerio, se\u00f1ala la mencionada Coordinadora, fue su compromiso de recibirles pr\u00f3ximamente, as\u00ed como \u201chacer lo posible\u201d por trasladar sus medidas a la\u00a0<strong>Comisi\u00f3n del Pacto de Toledo<\/strong>. Nada m\u00e1s. Algo claramente insuficiente para este colectivo, que no va a dejar de defender p\u00fablicamente que, entre otras cosas, se derogue de manera inmediata la reforma de pensiones del 2013, se destopen las cotizaciones, se suba la pensi\u00f3n m\u00ednima a 1.084 euros, tal y como establece la Carta Social Europea, o se termine con la actual diferencias de g\u00e9nero.<\/p>\n<p>Tal y como vienen haciendo desde hace varios meses los pensionistas reclamar\u00e1n en la calle estas y m\u00e1s propuestas. Para ellos las tradicionales vacaciones de agosto no son un impedimento, aunque ya est\u00e1n trabajando de cara al inicio del curso pol\u00edtico. En concreto, est\u00e1n ultimando una gran manifestaci\u00f3n que recorrer\u00eda las calles de Madrid en la tercera semana de septiembre y varias concentraciones ese mes en las inmediaciones del\u00a0<strong>Congreso de los Diputados<\/strong>, tal y como ya hicieron a finales del pasado febrero.<\/p>\n<p>En esta ofensiva tambi\u00e9n &#8216;implicar\u00e1n&#8217; a los ayuntamientos con algunas acciones de protesta.<\/p>\n<\/div>\n<\/div>","protected":false},"excerpt":{"rendered":"<p>Los pensionistas preparan un septiembre caliente tras la \u201cmucha m\u00fasica y poca letra\u201d del Gobierno Ampliar El regreso de las vacaciones traer\u00e1 consigo una nueva ofensiva por parte de los pensionistas y jubilados, que tomar\u00e1n la calle con varias manifestaciones. Por\u00a0Gustavo Garc\u00eda M\u00e1s art\u00edculos de este autor S\u00e1bado 04 de agosto de 2018,\u00a006:00h Los\u00a0pensionistas\u00a0protagonizar\u00e1n su&hellip;&nbsp;<a href=\"https:\/\/mareapensionista.org\/ca\/2021\/03\/07\/los-pensionistas-preparan-un-septiembre-caliente-tras-la-mucha-musica-y-poca-letra-del-gobierno\/\" class=\"\" rel=\"bookmark\">Read More &raquo;<span class=\"screen-reader-text\">Los pensionistas preparan un septiembre caliente tras la \u201cmucha m\u00fasica y poca letra\u201d del Gobierno<\/span><\/a><\/p>","protected":false},"author":1,"featured_media":0,"comment_status":"open","ping_status":"open","sticky":false,"template":"","format":"standard","meta":{"neve_meta_sidebar":"","neve_meta_container":"","neve_meta_enable_content_width":"","neve_meta_content_width":0,"neve_meta_title_alignment":"","neve_meta_author_avatar":"","neve_post_elements_order":"","neve_meta_disable_header":"","neve_meta_disable_footer":"","neve_meta_disable_title":"","_ti_tpc_template_sync":false,"_ti_tpc_template_id":"","footnotes":""},"categories":[],"tags":[],"class_list":["post-1242","post","type-post","status-publish","format-standard","hentry"],"_links":{"self":[{"href":"https:\/\/mareapensionista.org\/ca\/wp-json\/wp\/v2\/posts\/1242","targetHints":{"allow":["GET"]}}],"collection":[{"href":"https:\/\/mareapensionista.org\/ca\/wp-json\/wp\/v2\/posts"}],"about":[{"href":"https:\/\/mareapensionista.org\/ca\/wp-json\/wp\/v2\/types\/post"}],"author":[{"embeddable":true,"href":"https:\/\/mareapensionista.org\/ca\/wp-json\/wp\/v2\/users\/1"}],"replies":[{"embeddable":true,"href":"https:\/\/mareapensionista.org\/ca\/wp-json\/wp\/v2\/comments?post=1242"}],"version-history":[{"count":0,"href":"https:\/\/mareapensionista.org\/ca\/wp-json\/wp\/v2\/posts\/1242\/revisions"}],"wp:attachment":[{"href":"https:\/\/mareapensionista.org\/ca\/wp-json\/wp\/v2\/media?parent=1242"}],"wp:term":[{"taxonomy":"category","embeddable":true,"href":"https:\/\/mareapensionista.org\/ca\/wp-json\/wp\/v2\/categories?post=1242"},{"taxonomy":"post_tag","embeddable":true,"href":"https:\/\/mareapensionista.org\/ca\/wp-json\/wp\/v2\/tags?post=1242"}],"curies":[{"name":"wp","href":"https:\/\/api.w.org\/{rel}","templated":true}]}}