{"id":1263,"date":"2021-03-07T07:50:44","date_gmt":"2021-03-07T07:50:44","guid":{"rendered":"https:\/\/mareapensionista.org\/2021\/03\/07\/el-psoe-cambia-de-opinion-y-el-alza-de-las-pensiones-ligada-al-ipc-vuelve-a-encallar-en-el-pacto-de-toledo\/"},"modified":"2022-04-30T07:55:06","modified_gmt":"2022-04-30T07:55:06","slug":"el-psoe-cambia-de-opinion-y-el-alza-de-las-pensiones-ligada-al-ipc-vuelve-a-encallar-en-el-pacto-de-toledo","status":"publish","type":"post","link":"https:\/\/mareapensionista.org\/ca\/2021\/03\/07\/el-psoe-cambia-de-opinion-y-el-alza-de-las-pensiones-ligada-al-ipc-vuelve-a-encallar-en-el-pacto-de-toledo\/","title":{"rendered":"El PSOE cambia de opini\u00f3n y el alza de las pensiones ligada al IPC vuelve a encallar en el Pacto de Toledo"},"content":{"rendered":"<div class=\"titles\">\n<h1 class=\"js-headline\">El PSOE cambia de opini\u00f3n y el alza de las pensiones ligada al IPC vuelve a encallar en el Pacto de Toledo<\/h1>\n<div class=\"kicker\">\n<h2><\/h2>\n<h2><\/h2>\n<h5><strong>ISABEL MUNERA<\/strong><\/h5>\n<\/div>\n<\/div>\n<div class=\"row content sharing-tools\">\n<address class=\"news-author\">\n<ul class=\"author\">\n<li class=\"author-city\">Madrid<i class=\"icon-facebook_30_a js-icon-facebook\"><\/i><\/li>\n<\/ul>\n<\/address>\n<\/div>\n<div class=\"row content cols-70-30\">\n<figure class=\"multimedia-item image\">\n<div class=\"container-image\"><img decoding=\"async\" class=\"full-image\" src=\"https:\/\/e00-elmundo.uecdn.es\/assets\/multimedia\/imagenes\/2018\/09\/12\/15367723566336.jpg\" alt=\"\" \/><\/p>\n<div class=\"seedtag-gohan seedtag-adunit\"><\/div>\n<\/div><figcaption class=\"caption\">Manifestaci\u00f3n de pensionistas de este mi\u00e9rcoles frente al Congreso de los Diputados.\u00a0JAVI MART\u00cdNEZ<\/figcaption><\/figure>\n<aside class=\"aside-tools byline-tools\">\n<div class=\"content-ad\"><\/div>\n<aside class=\"aside-block js_fixed\">\n<div class=\"content-ad\"><\/div>\n<\/aside>\n<div class=\"js_espacioFijo\"><\/div>\n<\/aside>\n<p>La subida de las pensiones vinculada al \u00cdndice de Precios al Consumo (IPC)<strong>\u00a0ha vuelto a estancarse en el Pacto de Toledo.<\/strong>\u00a0Pese a que la semana pasada, tras la reuni\u00f3n que mantuvieron el presidente del Gobierno<strong>, Pedro S\u00e1nchez,<\/strong>\u00a0y el secretario general de Podemos,\u00a0<strong>Pablo Iglesias,\u00a0<\/strong>parec\u00eda que que estaba hecho que se garantizar\u00eda por ley la revalorizaci\u00f3n anual de las pensiones conforme a lo que suban los precios, finalmente no se ha alcanzado un acuerdo.<\/p>\n<p>De hecho, una mayor\u00eda de los portavoces de la Comisi\u00f3n parlamentaria es partidario de que en el marco del di\u00e1logo social -formado por Gobierno, sindicatos y patronales- se introduzcan tambi\u00e9n otras variables como los salarios o el PIB, frente a la posici\u00f3n que mantiene la formaci\u00f3n morada y ERC, que reclaman que se actualicen como m\u00ednimo siempre conforme a la inflaci\u00f3n para que los pensionistas no pierdan as\u00ed poder adquisitivo.<\/p>\n<p>Hoy estaba previsto que la comisi\u00f3n del Pacto de Toledo cerrase la redacci\u00f3n de la recomendaci\u00f3n segunda, que pide garantizar el poder adquisitivo de las pensiones, algo que finalmente no se ha producido.<\/p>\n<p>Unidos Podemos llev\u00f3 un texto redactado pero sobre el que finalmente no hubo acuerdo. Su portavoz,<strong>\u00a0Aina Vidal,<\/strong>\u00a0defendi\u00f3 que \u00abel IPC debe ser un elemento m\u00ednimo\u00bb para garantizar el poder adquisitivo de las pensiones. A partir de ah\u00ed, la formaci\u00f3n no descarta que pueden incorporarse otros elementos cuando la bonanza de la econom\u00eda lo permita.<\/p>\n<p>Vidal conf\u00eda en que \u00abel PSOE termine estando donde est\u00e1 la mayor\u00eda social, que es el IPC como m\u00ednimo. No le vamos a dejar un cent\u00edmetro para recular\u00bb, a\u00f1adi\u00f3.<\/p>\n<p><strong>Desde el grupo parlamentario socialista afirman que no han reculado y que siguen defendiendo que la revalorizaci\u00f3n de las pensiones est\u00e9 vinculada al IPC\u00a0<\/strong>como elemento \u00abtroncal\u00bb. No obstante, la portavoz socialista en la comisi\u00f3n, Merc\u00e9 Perea, record\u00f3 que la introducci\u00f3n de nuevas variables en la revalorizaci\u00f3n de las pensiones es algo que se se contempla en muchos pa\u00edses de la Uni\u00f3n Europea. \u00abHay pa\u00edses que plantean adem\u00e1s del IPC otros factores como salarios que permiten a los pensionistas mejorar su capacidad econ\u00f3mica o equilibrase con la riqueza nacional. \u00bfPor qu\u00e9 vamos a renunciar?\u00bb, argument\u00f3 la socialista, en declaraciones recogidas por Efe.<\/p>\n<p>Por su parte, el diputado del PP\u00a0<strong>Gerardo Camps<\/strong>\u00a0incidi\u00f3 en que hay una amplia mayor\u00eda para que en el mantenimiento del poder adquisitivo entre adem\u00e1s del IPC como \u00abindicador estructural\u00bb, otros como los salarios, el PIB o las cotizaciones. Y desde Ciudadanos el diputado<strong>\u00a0Sergio del Campo<\/strong>\u00a0reclamaba una recomendaci\u00f3n \u00abflexible\u00bb en la que cada Gobierno pueda actuar como desee y no sea el Pacto de Toledo el que lo resuelva con una f\u00f3rmula r\u00edgida.<\/p>\n<div class=\"teads-inread\"><\/div>\n<p>Mientras, en el exterior del Congreso, los pensionistas volv\u00edan a pedir que se revaloricen las pensiones conforme al IPC \u00abreal\u00bb y no se usen nuevas f\u00f3rmulas ligadas a los salarios o al PIB.<\/p>\n<\/div>","protected":false},"excerpt":{"rendered":"<p>El PSOE cambia de opini\u00f3n y el alza de las pensiones ligada al IPC vuelve a encallar en el Pacto de Toledo ISABEL MUNERA Madrid Manifestaci\u00f3n de pensionistas de este mi\u00e9rcoles frente al Congreso de los Diputados.\u00a0JAVI MART\u00cdNEZ La subida de las pensiones vinculada al \u00cdndice de Precios al Consumo (IPC)\u00a0ha vuelto a estancarse en&hellip;&nbsp;<a href=\"https:\/\/mareapensionista.org\/ca\/2021\/03\/07\/el-psoe-cambia-de-opinion-y-el-alza-de-las-pensiones-ligada-al-ipc-vuelve-a-encallar-en-el-pacto-de-toledo\/\" class=\"\" rel=\"bookmark\">Read More &raquo;<span class=\"screen-reader-text\">El PSOE cambia de opini\u00f3n y el alza de las pensiones ligada al IPC vuelve a encallar en el Pacto de Toledo<\/span><\/a><\/p>","protected":false},"author":3,"featured_media":0,"comment_status":"open","ping_status":"open","sticky":false,"template":"","format":"standard","meta":{"neve_meta_sidebar":"","neve_meta_container":"","neve_meta_enable_content_width":"","neve_meta_content_width":0,"neve_meta_title_alignment":"","neve_meta_author_avatar":"","neve_post_elements_order":"","neve_meta_disable_header":"","neve_meta_disable_footer":"","neve_meta_disable_title":"","_ti_tpc_template_sync":false,"_ti_tpc_template_id":"","footnotes":""},"categories":[1],"tags":[],"class_list":["post-1263","post","type-post","status-publish","format-standard","hentry","category-sin-categoria"],"_links":{"self":[{"href":"https:\/\/mareapensionista.org\/ca\/wp-json\/wp\/v2\/posts\/1263","targetHints":{"allow":["GET"]}}],"collection":[{"href":"https:\/\/mareapensionista.org\/ca\/wp-json\/wp\/v2\/posts"}],"about":[{"href":"https:\/\/mareapensionista.org\/ca\/wp-json\/wp\/v2\/types\/post"}],"author":[{"embeddable":true,"href":"https:\/\/mareapensionista.org\/ca\/wp-json\/wp\/v2\/users\/3"}],"replies":[{"embeddable":true,"href":"https:\/\/mareapensionista.org\/ca\/wp-json\/wp\/v2\/comments?post=1263"}],"version-history":[{"count":1,"href":"https:\/\/mareapensionista.org\/ca\/wp-json\/wp\/v2\/posts\/1263\/revisions"}],"predecessor-version":[{"id":3299,"href":"https:\/\/mareapensionista.org\/ca\/wp-json\/wp\/v2\/posts\/1263\/revisions\/3299"}],"wp:attachment":[{"href":"https:\/\/mareapensionista.org\/ca\/wp-json\/wp\/v2\/media?parent=1263"}],"wp:term":[{"taxonomy":"category","embeddable":true,"href":"https:\/\/mareapensionista.org\/ca\/wp-json\/wp\/v2\/categories?post=1263"},{"taxonomy":"post_tag","embeddable":true,"href":"https:\/\/mareapensionista.org\/ca\/wp-json\/wp\/v2\/tags?post=1263"}],"curies":[{"name":"wp","href":"https:\/\/api.w.org\/{rel}","templated":true}]}}