{"id":1271,"date":"2021-03-07T07:50:44","date_gmt":"2021-03-07T07:50:44","guid":{"rendered":"https:\/\/mareapensionista.org\/2021\/03\/07\/valerio-advierte-de-que-si-no-hay-acuerdo-en-el-pacto-de-toledo-aprobara-un-decreto-ley-sobre-las-pensiones\/"},"modified":"2022-04-30T07:55:06","modified_gmt":"2022-04-30T07:55:06","slug":"valerio-advierte-de-que-si-no-hay-acuerdo-en-el-pacto-de-toledo-aprobara-un-decreto-ley-sobre-las-pensiones","status":"publish","type":"post","link":"https:\/\/mareapensionista.org\/ca\/2021\/03\/07\/valerio-advierte-de-que-si-no-hay-acuerdo-en-el-pacto-de-toledo-aprobara-un-decreto-ley-sobre-las-pensiones\/","title":{"rendered":"Valerio advierte de que si no hay acuerdo en el Pacto de Toledo aprobar\u00e1 un decreto ley sobre las pensiones"},"content":{"rendered":"<p><a id=\"LPlnk31603\" class=\"x_m_-2440603245611135170OWAAutoLink\" href=\"http:\/\/www.elmundo.es\/economia\/macroeconomia\/2018\/09\/20\/5ba36e96468aeb7f708b4638.html\" target=\"_blank\" rel=\"noopener noreferrer\" data-auth=\"NotApplicable\">http:\/\/www.elmundo.es\/economia\/macroeconomia\/2018\/09\/20\/5ba36e96468aeb7f708b4638.html<\/a><\/p>\n<div id=\"x_m_-2440603245611135170LPBorder_GT_15374426453370.3379762808494511\">\n<table id=\"x_m_-2440603245611135170LPContainer_15374426453000.6607827475495172\" cellspacing=\"0\">\n<tbody>\n<tr valign=\"top\">\n<td id=\"x_m_-2440603245611135170ImageCell_15374426453190.778867900190904\" colspan=\"1\">\n<div id=\"x_m_-2440603245611135170LPImageContainer_15374426453220.17329443583727366\"><a id=\"x_m_-2440603245611135170LPImageAnchor_15374426453240.9098561265304068\" href=\"http:\/\/www.elmundo.es\/economia\/macroeconomia\/2018\/09\/20\/5ba36e96468aeb7f708b4638.html\" target=\"_blank\" rel=\"noopener noreferrer\" data-auth=\"NotApplicable\"><img loading=\"lazy\" decoding=\"async\" id=\"x_m_-2440603245611135170LPThumbnailImageID_15374426453240.5758345024816998\" src=\"https:\/\/e00-elmundo.uecdn.es\/assets\/multimedia\/imagenes\/2018\/09\/20\/15374373543700.jpg\" width=\"250\" height=\"166\" data-imagetype=\"External\" \/><\/a><\/div>\n<\/td>\n<td id=\"x_m_-2440603245611135170TextCell_15374426453270.04531559124505957\" colspan=\"2\">\n<div id=\"x_m_-2440603245611135170LPRemovePreviewContainer_15374426453290.4970772943413808\"><\/div>\n<div id=\"x_m_-2440603245611135170LPTitle_15374426453290.6990571370922549\"><a id=\"x_m_-2440603245611135170LPUrlAnchor_15374426453310.6665401631389563\" href=\"http:\/\/www.elmundo.es\/economia\/macroeconomia\/2018\/09\/20\/5ba36e96468aeb7f708b4638.html\" target=\"_blank\" rel=\"noopener noreferrer\" data-auth=\"NotApplicable\">Valerio advierte de que si no hay acuerdo en el Pacto de Toledo aprobar\u00e1 un decreto ley sobre las pensiones<\/a><\/div>\n<div id=\"x_m_-2440603245611135170LPMetadata_15374426453320.28010770759318926\"><a href=\"http:\/\/www.elmundo.es\/\" target=\"_blank\" rel=\"noopener noreferrer\" data-auth=\"NotApplicable\">www.elmundo.es<\/a><\/div>\n<div id=\"x_m_-2440603245611135170LPDescription_15374426453330.8891459495696512\">La ministra de Trabajo, Migraciones y Seguridad Social, Magdalena Valerio, ha pedido esta ma\u00f1ana en una conferencia organizada por Nueva Econom\u00eda F\u00f3rum que la comisi\u00f3n parlamentari<\/div>\n<\/td>\n<\/tr>\n<\/tbody>\n<\/table>\n<\/div>","protected":false},"excerpt":{"rendered":"<p>http:\/\/www.elmundo.es\/economia\/macroeconomia\/2018\/09\/20\/5ba36e96468aeb7f708b4638.html Valerio advierte de que si no hay acuerdo en el Pacto de Toledo aprobar\u00e1 un decreto ley sobre las pensiones www.elmundo.es La ministra de Trabajo, Migraciones y Seguridad Social, Magdalena Valerio, ha pedido esta ma\u00f1ana en una conferencia organizada por Nueva Econom\u00eda F\u00f3rum que la comisi\u00f3n parlamentari<\/p>","protected":false},"author":3,"featured_media":0,"comment_status":"open","ping_status":"open","sticky":false,"template":"","format":"standard","meta":{"neve_meta_sidebar":"","neve_meta_container":"","neve_meta_enable_content_width":"","neve_meta_content_width":0,"neve_meta_title_alignment":"","neve_meta_author_avatar":"","neve_post_elements_order":"","neve_meta_disable_header":"","neve_meta_disable_footer":"","neve_meta_disable_title":"","_ti_tpc_template_sync":false,"_ti_tpc_template_id":"","footnotes":""},"categories":[1],"tags":[],"class_list":["post-1271","post","type-post","status-publish","format-standard","hentry","category-sin-categoria"],"_links":{"self":[{"href":"https:\/\/mareapensionista.org\/ca\/wp-json\/wp\/v2\/posts\/1271","targetHints":{"allow":["GET"]}}],"collection":[{"href":"https:\/\/mareapensionista.org\/ca\/wp-json\/wp\/v2\/posts"}],"about":[{"href":"https:\/\/mareapensionista.org\/ca\/wp-json\/wp\/v2\/types\/post"}],"author":[{"embeddable":true,"href":"https:\/\/mareapensionista.org\/ca\/wp-json\/wp\/v2\/users\/3"}],"replies":[{"embeddable":true,"href":"https:\/\/mareapensionista.org\/ca\/wp-json\/wp\/v2\/comments?post=1271"}],"version-history":[{"count":1,"href":"https:\/\/mareapensionista.org\/ca\/wp-json\/wp\/v2\/posts\/1271\/revisions"}],"predecessor-version":[{"id":3298,"href":"https:\/\/mareapensionista.org\/ca\/wp-json\/wp\/v2\/posts\/1271\/revisions\/3298"}],"wp:attachment":[{"href":"https:\/\/mareapensionista.org\/ca\/wp-json\/wp\/v2\/media?parent=1271"}],"wp:term":[{"taxonomy":"category","embeddable":true,"href":"https:\/\/mareapensionista.org\/ca\/wp-json\/wp\/v2\/categories?post=1271"},{"taxonomy":"post_tag","embeddable":true,"href":"https:\/\/mareapensionista.org\/ca\/wp-json\/wp\/v2\/tags?post=1271"}],"curies":[{"name":"wp","href":"https:\/\/api.w.org\/{rel}","templated":true}]}}