{"id":1279,"date":"2021-03-07T07:50:46","date_gmt":"2021-03-07T07:50:46","guid":{"rendered":"https:\/\/mareapensionista.org\/2021\/03\/07\/valoracion-sobre-el-preacuerdo-que-se-ha-dado-en-el-dia-de-hoy-26-de-septiembre-en-la-comision-del-pacto-de-toledo-referente-a-la-subida-de-pensiones-segun-ipc-real\/"},"modified":"2022-04-30T07:54:51","modified_gmt":"2022-04-30T07:54:51","slug":"valoracion-sobre-el-preacuerdo-que-se-ha-dado-en-el-dia-de-hoy-26-de-septiembre-en-la-comision-del-pacto-de-toledo-referente-a-la-subida-de-pensiones-segun-ipc-real","status":"publish","type":"post","link":"https:\/\/mareapensionista.org\/ca\/2021\/03\/07\/valoracion-sobre-el-preacuerdo-que-se-ha-dado-en-el-dia-de-hoy-26-de-septiembre-en-la-comision-del-pacto-de-toledo-referente-a-la-subida-de-pensiones-segun-ipc-real\/","title":{"rendered":"VALORACI\u00d3N SOBRE EL PREACUERDO QUE SE HA DADO EN EL DIA DE HOY 26 DE SEPTIEMBRE EN LA COMISI\u00d3N DEL PACTO DE TOLEDO REFERENTE A LA SUBIDA DE PENSIONES SEG\u00daN IPC REAL"},"content":{"rendered":"<p>VALORACI\u00d3N SOBRE EL PREACUERDO QUE SE HA DADO EN EL DIA DE HOY 26 DE SEPTIEMBRE EN LA COMISI\u00d3N DEL PACTO DE TOLEDO REFERENTE A LA SUBIDA DE PENSIONES SEG\u00daN IPC REAL<\/p>\n<p>1- Esta Coordinadora Estatal, valora y valorar\u00e1 positivamente todos los avances que se produzcan en lo que se refiere al mantenimiento y mejora del Sistema P\u00fablico de Pensiones.<\/p>\n<p>2- Consideramos esto, como un motivo m\u00e1s de orgullo para esta Coordinadora, ya que estamos convencidos de que solo la determinaci\u00f3n, la lucha, y la movilizaci\u00f3n de millones de personas (pensionistas de hoy y del futuro), han hecho posible el cambio de posici\u00f3n de algunos partidos pol\u00edticos presentes en ese Pacto de Toledo.<\/p>\n<p>3- Seguiremos moviliz\u00e1ndonos en las calles y plazas de todo el Estado, ya que consideramos que esto solo significa un peque\u00f1o avance en las demandas por nosotros planteadas.<\/p>\n<p>4- No compartimos en absoluto estas pol\u00edticas del palo y la zanahoria (ahora os amenazo con que el sistema es insostenible, y despu\u00e9s os doy el IPC). La revalorizaci\u00f3n de las pensiones de acuerdo con el IPC, ya se produc\u00eda desde hace muchos a\u00f1os, por tanto no se nos regala nada, corrige una injusticia que el PP y el PSOE hab\u00edan provocado. Adem\u00e1s, el Art. 102 de la OIT firmado y asumido por el Reino de Espa\u00f1a, as\u00ed lo reconoce, de la misma forma que lo hace la Carta Social Europea.<\/p>\n<p>5- No compartimos en absoluto la continuidad del Pacto de Toledo, un pacto oscurantista y de presi\u00f3n de las Entidades Financieras y de los Lobbyes, donde ni tan solo se escucha a las personas afectadas por sus recomendaciones, los y las pensionistas.<\/p>\n<p>6- No confiamos, en absoluto, que lo que hoy se ha acordado no lo vayan a cambiar ma\u00f1ana: Por tanto vemos mucho de gesticulaci\u00f3n pero poco de realidades.<\/p>\n<p>CONTINUAREMOS EN LAS CALLES HASTA CONSEGUIR:<\/p>\n<p>A) Una reforma integral del Sistema P\u00fablico de Pensiones, basada en nuestras propuestas presentadas a la Ministra. Magdalena Valerio el pasado 31 de julio, que resuelva de forma definitiva las graves desigualdades existentes hoy en d\u00eda, y que asegure las pensiones de ma\u00f1ana.<\/p>\n<p>B) Un debate abierto a toda la sociedad, que aborde todos los problemas del SPP y porque se ha llegado a esta situaci\u00f3n.<\/p>\n<p>C) Una mesa de negociaci\u00f3n y dialogo donde adem\u00e1s de otros colectivos implicados, estemos representados los verdaderos afectados.<\/p>\n<p>Comisi\u00f3n de Portavoces y Organizaci\u00f3n Estatal.<\/p>\n<p>\u00a1\u00a1\u00a1\u00a1\u00a1 GOBIERNE QUIEN GOBIERNE LAS PENSIONES SE DEFIENDEN !!!!!<\/p>","protected":false},"excerpt":{"rendered":"<p>VALORACI\u00d3N SOBRE EL PREACUERDO QUE SE HA DADO EN EL DIA DE HOY 26 DE SEPTIEMBRE EN LA COMISI\u00d3N DEL PACTO DE TOLEDO REFERENTE A LA SUBIDA DE PENSIONES SEG\u00daN IPC REAL 1- Esta Coordinadora Estatal, valora y valorar\u00e1 positivamente todos los avances que se produzcan en lo que se refiere al mantenimiento y mejora&hellip;&nbsp;<a href=\"https:\/\/mareapensionista.org\/ca\/2021\/03\/07\/valoracion-sobre-el-preacuerdo-que-se-ha-dado-en-el-dia-de-hoy-26-de-septiembre-en-la-comision-del-pacto-de-toledo-referente-a-la-subida-de-pensiones-segun-ipc-real\/\" class=\"\" rel=\"bookmark\">Read More &raquo;<span class=\"screen-reader-text\">VALORACI\u00d3N SOBRE EL PREACUERDO QUE SE HA DADO EN EL DIA DE HOY 26 DE SEPTIEMBRE EN LA COMISI\u00d3N DEL PACTO DE TOLEDO REFERENTE A LA SUBIDA DE PENSIONES SEG\u00daN IPC REAL<\/span><\/a><\/p>","protected":false},"author":3,"featured_media":0,"comment_status":"open","ping_status":"open","sticky":false,"template":"","format":"standard","meta":{"neve_meta_sidebar":"","neve_meta_container":"","neve_meta_enable_content_width":"","neve_meta_content_width":0,"neve_meta_title_alignment":"","neve_meta_author_avatar":"","neve_post_elements_order":"","neve_meta_disable_header":"","neve_meta_disable_footer":"","neve_meta_disable_title":"","_ti_tpc_template_sync":false,"_ti_tpc_template_id":"","footnotes":""},"categories":[1],"tags":[],"class_list":["post-1279","post","type-post","status-publish","format-standard","hentry","category-sin-categoria"],"_links":{"self":[{"href":"https:\/\/mareapensionista.org\/ca\/wp-json\/wp\/v2\/posts\/1279","targetHints":{"allow":["GET"]}}],"collection":[{"href":"https:\/\/mareapensionista.org\/ca\/wp-json\/wp\/v2\/posts"}],"about":[{"href":"https:\/\/mareapensionista.org\/ca\/wp-json\/wp\/v2\/types\/post"}],"author":[{"embeddable":true,"href":"https:\/\/mareapensionista.org\/ca\/wp-json\/wp\/v2\/users\/3"}],"replies":[{"embeddable":true,"href":"https:\/\/mareapensionista.org\/ca\/wp-json\/wp\/v2\/comments?post=1279"}],"version-history":[{"count":1,"href":"https:\/\/mareapensionista.org\/ca\/wp-json\/wp\/v2\/posts\/1279\/revisions"}],"predecessor-version":[{"id":3292,"href":"https:\/\/mareapensionista.org\/ca\/wp-json\/wp\/v2\/posts\/1279\/revisions\/3292"}],"wp:attachment":[{"href":"https:\/\/mareapensionista.org\/ca\/wp-json\/wp\/v2\/media?parent=1279"}],"wp:term":[{"taxonomy":"category","embeddable":true,"href":"https:\/\/mareapensionista.org\/ca\/wp-json\/wp\/v2\/categories?post=1279"},{"taxonomy":"post_tag","embeddable":true,"href":"https:\/\/mareapensionista.org\/ca\/wp-json\/wp\/v2\/tags?post=1279"}],"curies":[{"name":"wp","href":"https:\/\/api.w.org\/{rel}","templated":true}]}}