{"id":1281,"date":"2021-03-07T07:50:46","date_gmt":"2021-03-07T07:50:46","guid":{"rendered":"https:\/\/mareapensionista.org\/2021\/03\/07\/como-ve-la-vanguardia-la-revalorizacion-del-i-p-c\/"},"modified":"2021-03-07T07:50:46","modified_gmt":"2021-03-07T07:50:46","slug":"como-ve-la-vanguardia-la-revalorizacion-del-i-p-c","status":"publish","type":"post","link":"https:\/\/mareapensionista.org\/ca\/2021\/03\/07\/como-ve-la-vanguardia-la-revalorizacion-del-i-p-c\/","title":{"rendered":"COMO VE LA VANGUARDIA LA REVALORIZACI\u00d3N DEL I.P.C."},"content":{"rendered":"<header class=\"story-leaf-header row header-structure\">\n<h1 class=\"story-leaf-title col-xs-12 col-md-10\">SOMOS MAYORES PERO NO SOMOS TONT@S<\/h1>\n<h1 class=\"story-leaf-title col-xs-12 col-md-10\">PUES EST\u00c1N MUY, MUY EQUIVOCADOS.<\/h1>\n<p>El Pacto de Toledo acuerda que las pensiones vuelvan a subir con el IPC<\/p>\n<\/header>\n<div class=\"header-structure\">\n<div class=\"row\">\n<h2 class=\"story-leaf-subtitle-item col-md-10\">Tras casi dos a\u00f1os de negociaciones, se retoma una de las recomendaciones aprobadas en 2011<\/h2>\n<hr class=\"line-separator margin-b20 visible-md\" \/>\n<div class=\"col-xs-12 col-md-10 col-md-push-2 nopadding-xs\">\n<figure class=\"story-leaf-figure\" data-component=\"image\"><img decoding=\"async\" class=\"img-responsive\" src=\"https:\/\/www.lavanguardia.com\/r\/GODO\/LV\/p5\/WebSite\/2018\/09\/26\/Recortada\/img_dduch_20180317-144951_imagenes_lv_propias_dduch_21180317-35_4_5_644205567-kilB-U452044554430emC-992x558@LaVanguardia-Web.jpg\" alt=\"El Pacto de Toledo acuerda que las pensiones vuelvan a subir con el IPC\" \/><figcaption class=\"story-leaf-figcaption\">Manifestaci\u00f3n de Jubilados contra la medidas del gobierno sobre la Pensiones (Dani Duch)<\/figcaption><\/figure>\n<\/div>\n<div class=\"col-xs-12 col-md-2 col-md-pull-10 story-leaf-infobox\">\n<div class=\"row story-leaf-author nopadding\">\n<div class=\"story-leaf-author-link\"><span class=\"story-leaf-author-link\" data-link-name=\"auto tag link\">EFE<\/span>,\u00a0<span class=\"story-leaf-author-city\">MADRID<\/span><\/div>\n<p><time class=\"story-leaf-datetimepub\" datetime=\" 2018-09-26T16:16:13+0200\" data-timestamp=\"1537971373000\">26\/09\/2018 16:16<\/time><\/div>\n<div class=\"row story-leaf-author nopadding\"><time class=\"story-leaf-datetime\" datetime=\" 2018-09-26T17:51:45+0200\" data-timestamp=\"1537977105000\"><span class=\"story-leaf-datetime_block\">Actualizado a\u00a0<\/span>26\/09\/2018 17:51<\/time><\/div>\n<\/div>\n<\/div>\n<\/div>\n<div class=\"content-structure\">\n<div class=\"story-leaf-txt-p\" data-gtm-element-container=\"modulo-texto-link\">\n<p>La comisi\u00f3n del\u00a0<b>Pacto de Toledo<\/b>, en la que est\u00e1n representados todos los partidos, ha cerrado este mi\u00e9rcoles un acuerdo mayoritario para que las\u00a0<b>pensiones\u00a0<\/b>vuelvan a revalorizarse conforme al\u00a0<b>IPC\u00a0<\/b>\u201creal\u201d, si bien se permite tener en cuenta otros indicadores, aunque la inflaci\u00f3n ser\u00e1 el factor de referencia. As\u00ed, se seguir\u00e1 la recomendaci\u00f3n aprobada en 2011, han confirmado<i>\u00a0<\/i>fuentes parlamentarias.<\/p>\n<p>La medida no ser\u00e1 inmediata. La propuesta formar\u00e1 parte del conjunto de medidas que el Pacto redactar\u00e1 para garantizar la sostenibilidad y suficiencia del sistema, y que deber\u00e1n ser debatidas y votadas posteriormente en el Congreso. Una vez que sean aprobadas por la C\u00e1mara Baja, el Gobierno tiene que legislar siguiendo, previsiblemente, esas directrices.<\/p>\n<div id=\"hybs-mslot-d8432fda-0\"><\/div>\n<p><ins id=\"ad-v42fx1otlw\" data-ad-type=\"roba\" data-ad-device=\"md\" data-ad-sizes=\"[&quot;fluid&quot;,[300,250],[300,300],[300,600],[320,300]]\" data-ad-lazy=\"false\" data-event-scroll-md=\"\" data-name=\"roba1\" data-google-query-id=\"CP2pwMOf6N0CFQOK7QodBGgGdQ\"><\/p>\n<div id=\"google_ads_iframe_\/55964524\/lv_detalle\/economia\/n_6__container__\"><\/div>\n<p><\/ins><\/p>\n<h2 class=\"despiece-story-epigraph\">La Seguridad Social s\u00f3lo cubrir\u00e1 la recuperaci\u00f3n del poder adquisitivo<\/h2>\n<h3 class=\"despiece-story-title-text\"><\/h3>\n<p>El acuerdo lo han cerrado PP, PSOE, Unidos Podemos, Ciudadanos, PDeCAT, PNV y Comprom\u00eds. Esto es, todos los grupos representados, a excepci\u00f3n de Esquerra Republicana.<\/p>\n<p>Supone tumbar el sistema de revalorizaci\u00f3n que ha regido el sistema en los \u00faltimos a\u00f1os, que ha supuesto subidas m\u00ednimas. \u201cLa comisi\u00f3n constata que el vigente \u00cdndice de Revalorizaci\u00f3n de las Pensiones (IRP) no goza del suficiente consenso pol\u00edtico y social\u201d, en referencia al indicador aprobado por el Gobierno del PP que sub\u00eda las pensiones el 0,25% anualmente mientras la Seguridad Social estuviera en d\u00e9ficit, como ahora, lo que provoc\u00f3 las manifestaciones de jubilados, que exig\u00edan unas pensiones dignas.<\/p>\n<figure class=\"story-leaf-body-image\"><img decoding=\"async\" class=\"img-responsive\" src=\"https:\/\/www.lavanguardia.com\/r\/GODO\/LV\/p5\/WebSite\/2018\/09\/26\/Recortada\/20180924-636733913534142370_20180924131138912-kpgD--656x436@LaVanguardia-Web.jpg\" alt=\"Pensionistas vizca\u00ednos durante su concentraci\u00f3n semanal en Bilbao, en demanda de unas pensiones p\u00fablicas dignas\" \/><\/p>\n<div class=\"seedtag-gohan seedtag-adunit\"><\/div><figcaption>Pensionistas vizca\u00ednos durante su concentraci\u00f3n semanal en Bilbao, en demanda de unas pensiones p\u00fablicas dignas (Javier Zorrilla \/ EFE)<\/figcaption><\/figure>\n<p>La comisi\u00f3n afirma que la sostenibilidad del sistema exige que s\u00f3lo se financien con cargo a los recursos de la Seguridad Social los gastos correspondientes al estricto mantenimiento del poder adquisitivo, y que toda subida por encima del IPC sea sufragada con cargo a otros recursos financieros. Entre las alternativas, un pr\u00e9stamo como el otorgado por el Tesoro para los pagos de este a\u00f1o.<\/p>\n<\/div>\n<\/div>","protected":false},"excerpt":{"rendered":"<p>SOMOS MAYORES PERO NO SOMOS TONT@S PUES EST\u00c1N MUY, MUY EQUIVOCADOS. El Pacto de Toledo acuerda que las pensiones vuelvan a subir con el IPC Tras casi dos a\u00f1os de negociaciones, se retoma una de las recomendaciones aprobadas en 2011 Manifestaci\u00f3n de Jubilados contra la medidas del gobierno sobre la Pensiones (Dani Duch) EFE,\u00a0MADRID 26\/09\/2018&hellip;&nbsp;<a href=\"https:\/\/mareapensionista.org\/ca\/2021\/03\/07\/como-ve-la-vanguardia-la-revalorizacion-del-i-p-c\/\" class=\"\" rel=\"bookmark\">Read More &raquo;<span class=\"screen-reader-text\">COMO VE LA VANGUARDIA LA REVALORIZACI\u00d3N DEL I.P.C.<\/span><\/a><\/p>","protected":false},"author":1,"featured_media":0,"comment_status":"open","ping_status":"open","sticky":false,"template":"","format":"standard","meta":{"neve_meta_sidebar":"","neve_meta_container":"","neve_meta_enable_content_width":"","neve_meta_content_width":0,"neve_meta_title_alignment":"","neve_meta_author_avatar":"","neve_post_elements_order":"","neve_meta_disable_header":"","neve_meta_disable_footer":"","neve_meta_disable_title":"","_ti_tpc_template_sync":false,"_ti_tpc_template_id":"","footnotes":""},"categories":[],"tags":[],"class_list":["post-1281","post","type-post","status-publish","format-standard","hentry"],"_links":{"self":[{"href":"https:\/\/mareapensionista.org\/ca\/wp-json\/wp\/v2\/posts\/1281","targetHints":{"allow":["GET"]}}],"collection":[{"href":"https:\/\/mareapensionista.org\/ca\/wp-json\/wp\/v2\/posts"}],"about":[{"href":"https:\/\/mareapensionista.org\/ca\/wp-json\/wp\/v2\/types\/post"}],"author":[{"embeddable":true,"href":"https:\/\/mareapensionista.org\/ca\/wp-json\/wp\/v2\/users\/1"}],"replies":[{"embeddable":true,"href":"https:\/\/mareapensionista.org\/ca\/wp-json\/wp\/v2\/comments?post=1281"}],"version-history":[{"count":0,"href":"https:\/\/mareapensionista.org\/ca\/wp-json\/wp\/v2\/posts\/1281\/revisions"}],"wp:attachment":[{"href":"https:\/\/mareapensionista.org\/ca\/wp-json\/wp\/v2\/media?parent=1281"}],"wp:term":[{"taxonomy":"category","embeddable":true,"href":"https:\/\/mareapensionista.org\/ca\/wp-json\/wp\/v2\/categories?post=1281"},{"taxonomy":"post_tag","embeddable":true,"href":"https:\/\/mareapensionista.org\/ca\/wp-json\/wp\/v2\/tags?post=1281"}],"curies":[{"name":"wp","href":"https:\/\/api.w.org\/{rel}","templated":true}]}}