{"id":1324,"date":"2021-03-07T07:50:49","date_gmt":"2021-03-07T07:50:49","guid":{"rendered":"https:\/\/mareapensionista.org\/2021\/03\/07\/trampa-en-el-pacto-de-toledo\/"},"modified":"2022-04-30T07:54:21","modified_gmt":"2022-04-30T07:54:21","slug":"trampa-en-el-pacto-de-toledo","status":"publish","type":"post","link":"https:\/\/mareapensionista.org\/ca\/2021\/03\/07\/trampa-en-el-pacto-de-toledo\/","title":{"rendered":"\u00abTRAMPA\u00bb EN EL PACTO DE TOLEDO"},"content":{"rendered":"<p>La diputada de Unidos Podemos-En Com\u00fa Podem-En Marea Yolanda D\u00edaz ha alertado a los pensionistas de que lo que se decidi\u00f3 en el Pacto de Toledo fue todo \u00abmenos un acuerdo\u00bb y que si llega a hacerse realidad ser\u00e1 una \u00abtrampa\u00bb que provocar\u00e1 que las pensiones pierdan poder adquisitivo.<\/p>\n<div class=\"text_exposed_show\">\n<p>En declaraciones en el Congreso antes de reunirse con representantes de la Plataforma Garanticemos las Pensiones, D\u00edaz se refer\u00eda a la reuni\u00f3n mantenida en la Comisi\u00f3n del Pacto de Toledo en la que se ratific\u00f3 que las pensiones se ligar\u00e1n al IPC pero con la posibilidad de dejar abierta la f\u00f3rmula con la que se revalorizar\u00e1n las m\u00e1ximas en \u00e9pocas de crisis y de contar con la opini\u00f3n de los agentes sociales.<\/p>\n<p>La diputada de En Marea ha asegurado que no se lleg\u00f3 a ning\u00fan acuerdo respecto a la revalorizaci\u00f3n de las pensiones, y ha lanzado un llamamiento a todos los pensionistas para que no se dejen enga\u00f1ar \u00abuna vez m\u00e1s\u00bb.<\/p>\n<p>Seg\u00fan Yolanda D\u00edaz, la nueva f\u00f3rmula para revalorizar las pensiones que se discuti\u00f3 mezcla el IPC con otros factores, lo que rechaza Unidos Podemos, que cree que va a suponer una p\u00e9rdida de poder adquisitivo si sale adelante.<\/p>\n<p>El grupo confederal defiende que las pensiones se revaloricen conforme al IPC, como plantea en su propuesta de reforma integral del sistema de pensiones, y lanza tambi\u00e9n un llamamiento a la ministra de Trabajo, Magdalena Valerio, para que el PSOE \u00abcumpla lo que ha defendido hasta ahora\u00bb.<\/p>\n<p>Y esto es: \u00abRevalorizar las pensiones de conformidad con el IPC y no una nueva formula en la que en una cesta mezclemos distintos factores nunca permitir\u00e1n ganar poder adquisitivo\u00bb, seg\u00fan ha dicho.<\/p>\n<p>En concreto, ha criticado la propuesta de \u00abla derecha liderada por el PDeCAT\u00bb y su portavoz, Carles Campuzano, de diferenciar la revalorizaci\u00f3n entre las pensiones peque\u00f1as y las m\u00e1s altas, porque cree que es contrario al mandato constitucional.<\/p>\n<p>Tambi\u00e9n critica que entre los factores a considerar pueda incluirse el crecimiento salarial o que se proponga contemplar el IPC \u00abde manera medular\u00bb. \u00ab\u00bfPero cu\u00e1nto de medular?\u00bb, ha ironizado D\u00edaz, que ha pedido que las negociaciones y reuniones del Pacto de Toledo dejen de ser a puerta cerrada y cuenten con la m\u00e1xima transparencia.<\/p>\n<p>Por \u00faltimo, se ha felicitado de que se haya levantado el veto a las dos propuestas sobre el sistema p\u00fablico de pensiones que hab\u00eda presentado Podemos, que podr\u00e1n as\u00ed ser debatidas por el Congreso, y ha avanzado que \u00aben breve\u00bb su grupo presentar\u00e1 otra iniciativa relacionada con las pensiones.<\/p>\n<\/div>","protected":false},"excerpt":{"rendered":"<p>La diputada de Unidos Podemos-En Com\u00fa Podem-En Marea Yolanda D\u00edaz ha alertado a los pensionistas de que lo que se decidi\u00f3 en el Pacto de Toledo fue todo \u00abmenos un acuerdo\u00bb y que si llega a hacerse realidad ser\u00e1 una \u00abtrampa\u00bb que provocar\u00e1 que las pensiones pierdan poder adquisitivo. En declaraciones en el Congreso antes&hellip;&nbsp;<a href=\"https:\/\/mareapensionista.org\/ca\/2021\/03\/07\/trampa-en-el-pacto-de-toledo\/\" class=\"\" rel=\"bookmark\">Read More &raquo;<span class=\"screen-reader-text\">\u00abTRAMPA\u00bb EN EL PACTO DE TOLEDO<\/span><\/a><\/p>","protected":false},"author":3,"featured_media":0,"comment_status":"open","ping_status":"open","sticky":false,"template":"","format":"standard","meta":{"neve_meta_sidebar":"","neve_meta_container":"","neve_meta_enable_content_width":"","neve_meta_content_width":0,"neve_meta_title_alignment":"","neve_meta_author_avatar":"","neve_post_elements_order":"","neve_meta_disable_header":"","neve_meta_disable_footer":"","neve_meta_disable_title":"","_ti_tpc_template_sync":false,"_ti_tpc_template_id":"","footnotes":""},"categories":[1],"tags":[],"class_list":["post-1324","post","type-post","status-publish","format-standard","hentry","category-sin-categoria"],"_links":{"self":[{"href":"https:\/\/mareapensionista.org\/ca\/wp-json\/wp\/v2\/posts\/1324","targetHints":{"allow":["GET"]}}],"collection":[{"href":"https:\/\/mareapensionista.org\/ca\/wp-json\/wp\/v2\/posts"}],"about":[{"href":"https:\/\/mareapensionista.org\/ca\/wp-json\/wp\/v2\/types\/post"}],"author":[{"embeddable":true,"href":"https:\/\/mareapensionista.org\/ca\/wp-json\/wp\/v2\/users\/3"}],"replies":[{"embeddable":true,"href":"https:\/\/mareapensionista.org\/ca\/wp-json\/wp\/v2\/comments?post=1324"}],"version-history":[{"count":1,"href":"https:\/\/mareapensionista.org\/ca\/wp-json\/wp\/v2\/posts\/1324\/revisions"}],"predecessor-version":[{"id":3259,"href":"https:\/\/mareapensionista.org\/ca\/wp-json\/wp\/v2\/posts\/1324\/revisions\/3259"}],"wp:attachment":[{"href":"https:\/\/mareapensionista.org\/ca\/wp-json\/wp\/v2\/media?parent=1324"}],"wp:term":[{"taxonomy":"category","embeddable":true,"href":"https:\/\/mareapensionista.org\/ca\/wp-json\/wp\/v2\/categories?post=1324"},{"taxonomy":"post_tag","embeddable":true,"href":"https:\/\/mareapensionista.org\/ca\/wp-json\/wp\/v2\/tags?post=1324"}],"curies":[{"name":"wp","href":"https:\/\/api.w.org\/{rel}","templated":true}]}}