{"id":1370,"date":"2021-03-07T07:50:53","date_gmt":"2021-03-07T07:50:53","guid":{"rendered":"https:\/\/mareapensionista.org\/2021\/03\/07\/la-desigualdad-descontrolada-de-nuestro-companero-prudenci-vidal\/"},"modified":"2022-04-30T07:53:07","modified_gmt":"2022-04-30T07:53:07","slug":"la-desigualdad-descontrolada-de-nuestro-companero-prudenci-vidal","status":"publish","type":"post","link":"https:\/\/mareapensionista.org\/ca\/2021\/03\/07\/la-desigualdad-descontrolada-de-nuestro-companero-prudenci-vidal\/","title":{"rendered":"LA DESIGUALDAD DESCONTROLADA. DE NUESTRO COMPA\u00d1ERO PRUDENCI VIDAL"},"content":{"rendered":"<p><strong><u>LA DESIGUALDAD DESCONTROLADA<\/u><\/strong><\/p>\n<p>Los recientes informes de OXFAM INTERMON sobre la desigualdad creciente en el mundo en general y en Espa\u00f1a en particular erizan los pelos de nuestra sensibilidad y acongojan el alma de los creyentes en el ideal republicano, que fija la igualdad como uno de los tres objetivos fundamentales de la configuraci\u00f3n de la soberan\u00eda popular de la que deben emanar TODOS los poderes del estado.<\/p>\n<p>Dice el informe :\u201d<em> En Espa\u00f1a la desigualdad se desboc\u00f3 durante la crisis y <strong>a\u00fan no hemos conseguido controlarla<\/strong>. No s\u00f3lo somos el cuarto pa\u00eds m\u00e1s desigual de la UE, sino que, tras Bulgaria somos el segundo pa\u00eds europeo en el que la distancia entre ricos y personas empobrecidas ha aumentado m\u00e1s. Mientras que, en 2008, el 10% de los hogares m\u00e1s ricos contaban con 9,7 veces m\u00e1s ingresos que el 10% de los m\u00e1s pobres, en 2017 tienen 12,8 veces m\u00e1s<\/em>.\u201d<\/p>\n<p>Y es que el sector econ\u00f3mico\u00a0 privado tiene como fundamental objetivo amasar riqueza. De su legitimidad habr\u00eda que hablar largo y tendido, puesto que las legislaciones o deslegizaciones no siempre buscan ni el equilibrio ni la justicia en el reparto de la riqueza. Podemos hacernos la pregunta sobre qui\u00e9n recae el control y el equilibrio para no caer en esta creciente desigualdad. La respuesta es sencilla: en el estado a trav\u00e9s de los impuestos primeramente para dotarse de recursos y poder destinarlos a esas 617.000 familias que no tienen ingreso alguno (en el a\u00f1o 2018 aumentaron en 16.500) y en la atenci\u00f3n social de forma creciente seg\u00fan las necesidades.<\/p>\n<p>Hemos escuchado, visto y le\u00eddo en todos los medios que Espa\u00f1a necesita una reforma fiscal que proporcione al estado los recursos suficientes para atender todas las necesidades, y que dinero hay m\u00e1s que suficiente, pero esta reforma no acaba de llegar a pesar de los informes de los t\u00e9cnicos de Hacienda que ponen frecuentemente hincapi\u00e9 en la necesidad imperiosa para restablecer el equilibrio social no s\u00f3lo roto por la crisis, sino que se arrastra desde tiempos lejanos. Basten los siguientes datos:\u201d <em>Desde el inicio de la recuperaci\u00f3n, el crecimiento econ\u00f3mico ha beneficiado desproporcionadamente a las rentas altas. Durante el \u00faltimo a\u00f1o, el <u>1% m\u00e1s rico de Espa\u00f1a acapar\u00f3 12 de cada 100 euros creados<\/u>; mientras que el <u>50% m\u00e1s pobre se reparti\u00f3 9 de cada 100.<\/u> La desigualdad en riqueza tambi\u00e9n ha aumentado especialmente por un incremento del acaparamiento de la misma en las manos de los m\u00e1s ricos, algo que apenas ha variado desde el inicio de la recuperaci\u00f3n. <strong>El 1% m\u00e1s rico tiene el 24,42 de cada 100 euros de riqueza, mientras que el 50% m\u00e1s pobre se tiene que repartir 7 euros de cada 100<\/strong>.\u201d<\/em><\/p>\n<p><em>Por la que se refiere a las rentas de trabajo estas han disminuido un 0\u20198%, mientras que la producci\u00f3n (PIB) en esta \u00e9poca de recuperaci\u00f3n ha generado unos 130.000 millones \u20ac, que por supuesto no han ido a parar, como vemos por la que publica OXFAM, a la distribuci\u00f3n de esta riqueza generada.<\/em><\/p>\n<p>Hasta la CRISIS se fue cimentando paulatinamente y sin pausa alguna\u00a0 reduc\u00edamos la pobreza y la desigualdad gracias a cohesionarnos por el medio del trabajo. Pr\u00e1cticamente 7 de cada 10 personas formaban parte de las llamada clase media (criterio establecido a trav\u00e9s de los ingresos). Hoy hay menos clase media y con menos ingresos. <em>\u201cUno de cada 6 hogares de clase media entr\u00f3 en la pobreza durante la crisis y no hemos bajado las tasas de pobreza<\/em>.\u201d<\/p>\n<p>El actual sistema de protecci\u00f3n social se ha mostrado absolutamente incapaz de rescatar a la poblaci\u00f3n y reducir la pobreza. Se ha mostrado intelectualmente incapaz de asumir la realidad y ha perdido la sensibilidad hacia los m\u00e1s desfavorecidos. Se ha hecho caer todo el peso de la crisis sobre las clases medias sin dejar de favorecer las rentas m\u00e1s elevadas. La tasa de pobreza ha aumentado un 5\u20198% hasta llegar al 24,6% de la poblaci\u00f3n y s\u00f3lo ha subido un 1\u20194% en la llamada recuperaci\u00f3n.<\/p>\n<p>Determinados grupos han sido especialmente maltratados durante la crisis y excluidos desde la recuperaci\u00f3n: mujeres, pensionistas, migrantes y personas sin estudios. Esta sistema obediente con las pol\u00edticas neoliberales del FMI, BCE y de la UE no es capaz de reducir la pobreza, es m\u00e1s con sus pol\u00edticas de austericidio \u00e9sta ha aumentado haci\u00e9ndola cr\u00f3nica y m\u00e1s aguda. En el otro extremo de la poblaci\u00f3n: los ricos son cada vez m\u00e1s ricos y m\u00e1s numerosos. Acumulan 1 de cada 4 euros ( mayor que en los a\u00f1os 70 en que se fragu\u00f3 el estado del bienestar en nuestro pa\u00eds) y habiendo aumentado en n\u00famero de multimillonarios su renta ha aumentado a\u00fan m\u00e1s proporcionalmente.<\/p>\n<p><strong>\u00bfQui\u00e9nes van a ser los m\u00e1s perjudicados?<\/strong> Es notorio que Europa cada vez que aparece una crisis de estos calados tiende hacia soluciones extremas: aparecen partidos de corte fascista, se radicalizan posiciones pol\u00edticas, se pierden derechos laborales y se da la alarma social para que sea la caridad y no la justicia social quien ponga remedio a tales desmanes. Por lo tanto, quien pierde primeramente es <strong>la cohesi\u00f3n social\u00a0 y la calidad democr\u00e1tica de un pa\u00eds<\/strong>.<\/p>\n<p><strong>En segundo lugar<\/strong>: los ni\u00f1os y ni\u00f1as. El nivel de ingresos del hogar en que nacieron condicionar\u00e1 las oportunidades que tengan. As\u00ed los padres y madres situados en unos ingresos econ\u00f3micos \u201csuficientes\u201d son capaces de dotar a sus hijos de herramientas de formaci\u00f3n y de recursos que les permitir\u00e1n mantener el estatus conseguido por sus padres. La igualdad de oportunidades desaparece de la escena y se perpet\u00faan las diferencias sociales. A un hijo de una familia de clase media le ser\u00e1 m\u00e1s dif\u00edcil hacerse con un trabajo que genere unos ingresos parecidos a los de sus padres, mientras que el hijo de unos padres de ingresos altos ganar\u00e1 un 40% m\u00e1s que uno de clase media (en Noruega, Dinamarca o Finlandia esta diferencia se sit\u00faa en un 20%). OXFAM\u00a0 cita\u00a0 a la OCDE : <strong>\u201cLa OCDE estima que en Espa\u00f1a hacen falta 4 generaciones para que una familia del 10% m\u00e1s pobre llegue a los ingresos medios, unos 120 a\u00f1os.\u201d<\/strong><\/p>\n<p><strong>En tercer lugar:<\/strong> las mujeres. El rostro de la precariedad tiene facciones femeninas.<\/p>\n<p>A pesar de los avances de las mujeres en el mundo laboral en las \u00faltimas d\u00e9cadas, ellas siguen siendo mayor\u00eda en los puestos peor remunerados y m\u00e1s precarios. Una de las razones fundamentales se debe a la segregaci\u00f3n ocupacional; las mujeres se concentran en sectores menos valorados, peor retribuidos y con m\u00e1s precariedad. El 70,8% de las personas con un contrato parcial no deseado son mujeres. Las ideas, valores y creencias acerca de lo qui\u00e9n debe hacer qu\u00e9 en el mundo laboral y familiar, est\u00e1n detr\u00e1s de esta situaci\u00f3n y de que sean ellas las sobrecargadas con trabajo de cuidados en el hogar. El 53% de las mujeres con empleo aseguran que la maternidad ha recortado su proyecci\u00f3n profesional. El mundo del feminismo ha de ganar la batalla de la desigualdad y de la precariedad. Todos hemos de ser feministas porque la lucha por la igualdad dentro de una sociedad democr\u00e1tica ha de ser impulsada desde abajo; nunca lo har\u00e1n las clases privilegiadas<\/p>\n<p><strong>En cuarto lugar:<\/strong> los pensionistas. Sobre todo las mujeres trabajadoras y las viudas. Tambi\u00e9n aqu\u00ed la precariedad tiene rostro de mujer. La brecha de g\u00e9nero en las rentas del trabajo es desproporcionada masculinizando, no s\u00f3lo los puestos directivos y los salarios, tambi\u00e9n en las carreras laborales mucho m\u00e1s cortas de las mujeres a causa de crianza y de la atenci\u00f3n familiar que siempre ha reca\u00eddo tradicionalmente por nuestra cultura patriarcal sobre las mujeres.<\/p>\n<p>Un mundo de reflexi\u00f3n profunda al que el informe de OXFAM INTERM\u00d3N nos invita. Mover conciencias no es dirigirnos hacia la caridad con algunas aportaciones econ\u00f3micas, es tambi\u00e9n una invitaci\u00f3n al an\u00e1lisis pol\u00edtico de nuestro pa\u00eds, un afianzamiento en nuestras convicciones sociales a la hora de votar y de unirnos a los movimientos sociales que reclaman una verdadera protecci\u00f3n social\u00a0 en educaci\u00f3n, sanidad, pensiones, dependencia y asistencia.<\/p>\n<p>No podemos permanecer impasibles ante el sufrimiento de los dem\u00e1s, no podemos permanecer impasibles ante la injusticia, no podemos permanecer impasibles ante la inactividad de nuestros pol\u00edticos. Hay que tomar ya medidas salariales y de empleo, reducir la pobreza mediante un sistema de garant\u00eda de ingresos y un sistema de recaudaci\u00f3n fiscal que dote al estado de los recursos combatiendo la evasi\u00f3n fiscal, las bonificaciones y exenciones.<\/p>\n<p><strong>\u00a1GOBIERNE QUIEN GOBIERNE, LAS PENSIONES SE DEFIENDEN!<\/strong><\/p>\n<p><strong>Prudenci Vidal Marcos<\/strong><\/p>\n<p><strong>Miembro de La Marea Pensionista<\/strong><\/p>","protected":false},"excerpt":{"rendered":"<p>LA DESIGUALDAD DESCONTROLADA Los recientes informes de OXFAM INTERMON sobre la desigualdad creciente en el mundo en general y en Espa\u00f1a en particular erizan los pelos de nuestra sensibilidad y acongojan el alma de los creyentes en el ideal republicano, que fija la igualdad como uno de los tres objetivos fundamentales de la configuraci\u00f3n de&hellip;&nbsp;<a href=\"https:\/\/mareapensionista.org\/ca\/2021\/03\/07\/la-desigualdad-descontrolada-de-nuestro-companero-prudenci-vidal\/\" class=\"\" rel=\"bookmark\">Read More &raquo;<span class=\"screen-reader-text\">LA DESIGUALDAD DESCONTROLADA. DE NUESTRO COMPA\u00d1ERO PRUDENCI VIDAL<\/span><\/a><\/p>","protected":false},"author":3,"featured_media":0,"comment_status":"closed","ping_status":"open","sticky":false,"template":"","format":"standard","meta":{"neve_meta_sidebar":"","neve_meta_container":"","neve_meta_enable_content_width":"","neve_meta_content_width":0,"neve_meta_title_alignment":"","neve_meta_author_avatar":"","neve_post_elements_order":"","neve_meta_disable_header":"","neve_meta_disable_footer":"","neve_meta_disable_title":"","_ti_tpc_template_sync":false,"_ti_tpc_template_id":"","footnotes":""},"categories":[1],"tags":[],"class_list":["post-1370","post","type-post","status-publish","format-standard","hentry","category-sin-categoria"],"_links":{"self":[{"href":"https:\/\/mareapensionista.org\/ca\/wp-json\/wp\/v2\/posts\/1370","targetHints":{"allow":["GET"]}}],"collection":[{"href":"https:\/\/mareapensionista.org\/ca\/wp-json\/wp\/v2\/posts"}],"about":[{"href":"https:\/\/mareapensionista.org\/ca\/wp-json\/wp\/v2\/types\/post"}],"author":[{"embeddable":true,"href":"https:\/\/mareapensionista.org\/ca\/wp-json\/wp\/v2\/users\/3"}],"replies":[{"embeddable":true,"href":"https:\/\/mareapensionista.org\/ca\/wp-json\/wp\/v2\/comments?post=1370"}],"version-history":[{"count":1,"href":"https:\/\/mareapensionista.org\/ca\/wp-json\/wp\/v2\/posts\/1370\/revisions"}],"predecessor-version":[{"id":2521,"href":"https:\/\/mareapensionista.org\/ca\/wp-json\/wp\/v2\/posts\/1370\/revisions\/2521"}],"wp:attachment":[{"href":"https:\/\/mareapensionista.org\/ca\/wp-json\/wp\/v2\/media?parent=1370"}],"wp:term":[{"taxonomy":"category","embeddable":true,"href":"https:\/\/mareapensionista.org\/ca\/wp-json\/wp\/v2\/categories?post=1370"},{"taxonomy":"post_tag","embeddable":true,"href":"https:\/\/mareapensionista.org\/ca\/wp-json\/wp\/v2\/tags?post=1370"}],"curies":[{"name":"wp","href":"https:\/\/api.w.org\/{rel}","templated":true}]}}