{"id":1374,"date":"2021-03-07T07:50:54","date_gmt":"2021-03-07T07:50:54","guid":{"rendered":"https:\/\/mareapensionista.org\/2021\/03\/07\/porque-nos-tienen-tanta-fobia-los-de-el-periodicucho-de-el-mundo-ladran-luego-cabalgamos-vamos-bien\/"},"modified":"2022-04-30T07:47:42","modified_gmt":"2022-04-30T07:47:42","slug":"porque-nos-tienen-tanta-fobia-los-de-el-periodicucho-de-el-mundo-ladran-luego-cabalgamos-vamos-bien","status":"publish","type":"post","link":"https:\/\/mareapensionista.org\/ca\/2021\/03\/07\/porque-nos-tienen-tanta-fobia-los-de-el-periodicucho-de-el-mundo-ladran-luego-cabalgamos-vamos-bien\/","title":{"rendered":"\u00bfPORQUE NOS TIENEN TANTA FOBIA LOS DE EL PERIODICUCHO DE \u00abEL MUNDO\u00bb&#8230; LADRAN, LUEGO CABALGAMOS, VAMOS BIEN."},"content":{"rendered":"<div class=\"titles\">\n<h1 class=\"js-headline\">DIGO YO: \u00bfPORQUE NOS TIENEN TANTA FOBIA LOS DE EL PERIODICUCHO DE \u00abEL MUNDO\u00bb<\/h1>\n<h1 class=\"js-headline\"><\/h1>\n<h1 class=\"js-headline\">Podemos y Bildu se adue\u00f1an del movimiento de los pensionistas vascos un a\u00f1o despu\u00e9s de su nacimiento<\/h1>\n<div class=\"kicker\">\n<h2>PENSIONES<\/h2>\n<\/div>\n<\/div>\n<div class=\"row content sharing-tools\">\n<ul>\n<li class=\"signatures-container\">\n<address class=\"news-author\">\n<ul class=\"author\">\n<li class=\"author-twitter\"><a href=\"https:\/\/twitter.com\/DanielVianaR\" target=\"_blank\" rel=\"noopener noreferrer\"><i class=\"icon-twitter_14x11_a\"><\/i>DANIEL VIA\u00d1A<\/a><\/li>\n<li class=\"author-city\">Madrid<\/li>\n<li class=\"author-twitter\"><a href=\"https:\/\/twitter.com\/cesarurrutiasj\" target=\"_blank\" rel=\"noopener noreferrer\"><i class=\"icon-twitter_14x11_a\"><\/i>C\u00c9SAR URRUTIA<\/a><\/li>\n<li class=\"author-city\">Madrid<\/li>\n<\/ul>\n<\/address>\n<ul class=\"js_socialMedia\">\n<li><time class=\"date\" datetime=\"2019-01-27T01:36:33Z\">27 ENE. 2019\u00a0<strong>02:36<\/strong><\/time><\/li>\n<\/ul>\n<\/li>\n<\/ul>\n<\/div>\n<div class=\"row content cols-70-30\">\n<figure class=\"multimedia-item image\">\n<div class=\"container-image\">\n<p><img decoding=\"async\" class=\"full-image\" src=\"https:\/\/e00-elmundo.uecdn.es\/assets\/multimedia\/imagenes\/2019\/01\/24\/15483596278195.jpg\" alt=\"\" \/><\/p>\n<div class=\"seedtag-gohan seedtag-adunit st-in-image\"><\/div>\n<\/div><figcaption class=\"caption\">Un numeroso grupo de pensionistas y jubilados se manifiesta en Bilbao la pasada semana.\u00a0ARABA PRESS<\/figcaption><\/figure>\n<aside class=\"aside-tools byline-tools\">\n<div class=\"content-ad\"><\/div>\n<aside class=\"aside-block js_fixed\">\n<div class=\"content-ad\"><\/div>\n<\/aside>\n<div class=\"js_espacioFijo\">\u00a0<a href=\"https:\/\/www.elmundo.es\/economia\/macroeconomia\/2019\/01\/21\/5c45c263fc6c83e7148b468c.html\">Las pensiones en Espa\u00f1a: entre las m\u00e1s generosas de la UE y los pensionistas reciben m\u00e1s de lo que aportan<\/a><\/div>\n<\/aside>\n<div class=\"subtitle-items\">\n<p class=\"summary-lead\"><a href=\"https:\/\/www.elmundo.es\/economia\/macroeconomia\/2019\/01\/17\/5c3f9bbf21efa0b45f8b456e.html\">El Congreso estudia fijar 2025 para acabar de sanear el sistema de pensiones<\/a><\/p>\n<p class=\"summary-lead\"><a href=\"https:\/\/www.elmundo.es\/economia\/macroeconomia\/2019\/01\/12\/5c38f3eb21efa082148b46ab.html\">As\u00ed quiere el Gobierno endurecer la jubilaci\u00f3n anticipada para garantizar el sistema de pensiones<\/a><\/p>\n<\/div>\n<p>El 15 de enero de 2018, un reducido grupo de pensionistas y jubilados del Pa\u00eds Vasco se manifestaba por primera vez ante el Ayuntamiento de Bilbao para exigir la vinculaci\u00f3n de las pensiones al IPC. Un a\u00f1o despu\u00e9s, y a pesar de que \u00abse ha conseguido el objetivo\u00bb y \u00abse ha desterrado el 0,25%\u00bb, las protestas se suceden lunes tras lunes. La exigencia ha crecido y el ambicioso -y dif\u00edcilmente viable- objetivo ahora es que el Gobierno establezca una pensi\u00f3n m\u00ednima de 1.080 euros. Y por el camino, adem\u00e1s, lo que comenz\u00f3 siendo una llamativa y potente protesta de los jubilados y pensionistas con las prestaciones m\u00e1s altas de Espa\u00f1a, se ha convertido en una movilizaci\u00f3n de la que<strong>\u00a0Podemos y Bildu se quieren adue\u00f1ar en busca de r\u00e9ditos electorales<\/strong>.<\/p>\n<p>\u00abYo no le veo sentido seguir aqu\u00ed, esto\u00a0<strong>hay que pararlo ya porque si no, vamos a hacerle la campa\u00f1a electoral a Bildu o a Podemos<\/strong>. Me gustar\u00eda que despu\u00e9s de un a\u00f1o pasando fr\u00edo, calor y lluvia, esto acabe como debe acabar, con el sabor del triunfo que supone desterrar el 0,25%. Pero ya se ha convertido en algo pol\u00edtico\u00bb, explica explica Josele Fern\u00e1ndez, una de las voces m\u00e1s autorizadas del del movimiento de los pensionistas vascos, no en vano su vinculaci\u00f3n con el mismo se remonta hasta el d\u00eda en el que tuvo lugar la primera concentraci\u00f3n.<\/p>\n<p>\u00abEl 15 de enero de 2018 hab\u00eda una convocatoria a trav\u00e9s de las redes sociales y acudimos unas 400 personas ante el Ayuntamiento de Bilbao. El llamamiento era para manifestarse contra la subida del 0,25%, y cuando la gente empez\u00f3 a disolverse,<strong>\u00a0utilizando las manos como meg\u00e1fono, propuse que nos congreg\u00e1semos al lunes siguiente<\/strong>. Un tiempo despu\u00e9s recib\u00ed un aviso de la Polic\u00eda Municipal de Bilbao avis\u00e1ndome de que me iban a multar con 70.000 euros. Luego la Ertzaintza me advirti\u00f3 de otra sanci\u00f3n de 60.000 euros,&#8230; Hasta que vino un polic\u00eda auton\u00f3mico a decirme que fuese lo antes posible a una comisar\u00eda para crear una asociaci\u00f3n, y evitar as\u00ed las sanciones\u00bb, prosigue Fern\u00e1ndez.<\/p>\n<aside class=\"summary-item\">\n<figure id=\"graphic-5c4a1a5721efa020628b467b\" class=\"multimedia-item graphic\">\n<div><img decoding=\"async\" src=\"https:\/\/e00-elmundo.uecdn.es\/elmundo\/2019\/graficos\/ene\/pensiones660.jpg\" \/><\/div>\n<\/figure>\n<\/aside>\n<p>Aquello fue el embri\u00f3n de lo que hoy es la Plataforma de Jubilados y Pensionistas de Bizkaia, en la que se integran diferentes movimientos pero respetando siempre \u00abque no se puede hablar de siglas o de partidos\u00bb. \u00abAqu\u00ed hay que hablar de pensionistas y nada m\u00e1s\u00bb. Sin embargo, ese compromiso no escrito se ha quebrantado y en los \u00faltimos meses la izquierda\u00a0<em>abertzale\u00a0<\/em>y la formaci\u00f3n populista han empezado a adue\u00f1arse del movimiento. \u00abYo ahora me quedo sin discurso, empieza la campa\u00f1a y\u00a0<strong>tengo muy claro que est\u00e1n preparando para lanzarse a ser concejal de un pueblo, o un puesto en la Diputaci\u00f3n<\/strong>\u00bb, a\u00f1ade Fern\u00e1ndez.<\/p>\n<p>De hecho, no es s\u00f3lo que algunos quieran postularse a un cargo p\u00fablico sino que muchos ya lo hicieron en el pasado. Es el caso, por ejemplo, de Luis Alejos, n\u00famero dos de la Ejecutiva de\u00a0<strong>Roberto Uriarte<\/strong>\u00a0en Podemos Euskadi;\u00a0<strong>Andrea U\u00f1a Barrientos<\/strong>, que form\u00f3 parte de Ezker Batua-Berdeak; o\u00a0<strong>Jon Fano<\/strong>, ex portavoz de la asociaci\u00f3n de familiares de presos terroristas Etxerat e integrante en el pasado de Euskal Herritarrok (EH). Todos ellos se han implicado de manera muy activa en el movimiento de los pensionistas y jubilados vascos, autoproclam\u00e1ndose incluso los portavoces de los manifestantes. Y todos ellos, evidentemente, tienen un marcado pasado pol\u00edtico.<\/p>\n<p>La denuncia de politizaci\u00f3n de las protestas es compartida tambi\u00e9n por grupos pol\u00edticos como PNV y PP, que refrendan que Podemos y Bildu tratan de hacer suyas las protestas de los pensionistas. \u00ab<strong>Hay una manipulaci\u00f3n evidente por parte de Podemos y la izquierda\u00a0<em>abertzale<\/em><\/strong>\u00bb, aseguran fuentes del partido dirigido por Andoni Ortuzar, que apuntan tambi\u00e9n que ambas formaciones \u00abse descolgaron\u00bb pidiendo una pensi\u00f3n m\u00ednima de 1.080 euros. \u00abHay un inter\u00e9s evidente por mantener viva esta reivindicaci\u00f3n\u00bb ante la cercan\u00eda de las elecciones auton\u00f3micas y locales, a\u00f1aden desde el Partido Nacionalista Vasco.<\/p>\n<p>En el Partido Popular del Pa\u00eds Vasco, por su parte, se apunta que la izquierda abertzale y el partido de Pablo Iglesias \u00ab<strong>est\u00e1n intentando capitalizar el movimiento<\/strong>\u00bb. \u00abNo es tan espont\u00e1neo como parece. Hay una parte de los manifestantes que protestan por lo que consideran que es suyo y por sus derechos. Pero tambi\u00e9n hay otra parte importante quiere utilizar el movimiento en su beneficio pol\u00edtico\u00bb.<\/p>\n<aside class=\"summary-item\">\n<figure id=\"graphic-5c4a1a7421efa03a048b465b\" class=\"multimedia-item graphic\">\n<div><img decoding=\"async\" src=\"https:\/\/e00-elmundo.uecdn.es\/elmundo\/2019\/graficos\/ene\/factura660.jpg\" \/><\/div>\n<\/figure>\n<\/aside>\n<p>Pero m\u00e1s all\u00e1 del uso electoral que se le quiere dar, el movimiento de pensionistas vascos llama la atenci\u00f3n por dos hechos ya se\u00f1alados: la constancia en las protestas y que\u00a0<strong>los m\u00e1s reivindicativos hayan sido precisamente de los que tienen una prestaci\u00f3n m\u00e1s alta<\/strong>. La pensi\u00f3n media del sistema en el Pa\u00eds Vasco roza los 1.200 euros al mes, seg\u00fan los datos del Ministerio de Trabajo relativos al pasado mes de diciembre, mientras que la prestaci\u00f3n por jubilaci\u00f3n alcanza los 1.367 euros.<\/p>\n<p>Las cifras contrastan con las de territorios como Andaluc\u00eda, Extremadura o Galicia, en donde las prestaciones son hasta un 50% m\u00e1s bajas. Y, sin embargo, las protestas tanto en Bilbao como en el conjunto de Euskadi han sido tan intensas y multitudinarias que obligaron a que el PNV exigiese al Gobierno de Mariano Rajoy una mayor subida de las pensiones para apoyar sus Presupuestos.<\/p>\n<p>El voto de los pensionistas y jubilados tiene un gran peso electoral en todo Espa\u00f1a y, por supuesto, tambi\u00e9n en el Pa\u00eds Vasco<strong>. Esta situaci\u00f3n hizo temer al PNV un posible castigo en las urnas<\/strong>\u00a0al no haber obtenido un acuerdo de subida para los pensionistas, y por ello a\u00f1adieron una \u00faltima exigencia para dar su apoyo a las cuentas del anterior Gobierno: que las pensionistas experimentasen una subida m\u00ednima del 1,6% en 2018 y 2019, adem\u00e1s de mejoras para las prestaciones por viudedad y las pensiones m\u00ednimas.<\/p>\n<aside class=\"summary-item\">\n<figure id=\"graphic-5c4a1abd21efa0e63d8b4690\" class=\"multimedia-item graphic\">\n<div><img decoding=\"async\" src=\"https:\/\/e00-elmundo.uecdn.es\/elmundo\/2019\/graficos\/ene\/edad660.jpg\" \/><\/div><figcaption class=\"caption\">20190124 pensiones edad y sexo<\/figcaption><\/figure>\n<\/aside>\n<p>El actual Ejecutivo de Pedro S\u00e1nchez refrend\u00f3 e incluso mejor\u00f3 esos incrementos, adquiriendo tambi\u00e9n en su caso un compromiso electoral con los pensionistas. Pero el origen de estas subidas, uno de los grandes motivos por los que probablemente las pensiones se volver\u00e1n a ligar al IPC, habr\u00e1 que buscarlo siempre en las protestas de los pensionistas m\u00e1s ricos.<\/p>\n<\/div>","protected":false},"excerpt":{"rendered":"<p>DIGO YO: \u00bfPORQUE NOS TIENEN TANTA FOBIA LOS DE EL PERIODICUCHO DE \u00abEL MUNDO\u00bb Podemos y Bildu se adue\u00f1an del movimiento de los pensionistas vascos un a\u00f1o despu\u00e9s de su nacimiento PENSIONES DANIEL VIA\u00d1A Madrid C\u00c9SAR URRUTIA Madrid 27 ENE. 2019\u00a002:36 Un numeroso grupo de pensionistas y jubilados se manifiesta en Bilbao la pasada semana.\u00a0ARABA&hellip;&nbsp;<a href=\"https:\/\/mareapensionista.org\/ca\/2021\/03\/07\/porque-nos-tienen-tanta-fobia-los-de-el-periodicucho-de-el-mundo-ladran-luego-cabalgamos-vamos-bien\/\" class=\"\" rel=\"bookmark\">Read More &raquo;<span class=\"screen-reader-text\">\u00bfPORQUE NOS TIENEN TANTA FOBIA LOS DE EL PERIODICUCHO DE \u00abEL MUNDO\u00bb&#8230; LADRAN, LUEGO CABALGAMOS, VAMOS BIEN.<\/span><\/a><\/p>","protected":false},"author":3,"featured_media":0,"comment_status":"closed","ping_status":"open","sticky":false,"template":"","format":"standard","meta":{"neve_meta_sidebar":"","neve_meta_container":"","neve_meta_enable_content_width":"","neve_meta_content_width":0,"neve_meta_title_alignment":"","neve_meta_author_avatar":"","neve_post_elements_order":"","neve_meta_disable_header":"","neve_meta_disable_footer":"","neve_meta_disable_title":"","_ti_tpc_template_sync":false,"_ti_tpc_template_id":"","footnotes":""},"categories":[1],"tags":[],"class_list":["post-1374","post","type-post","status-publish","format-standard","hentry","category-sin-categoria"],"_links":{"self":[{"href":"https:\/\/mareapensionista.org\/ca\/wp-json\/wp\/v2\/posts\/1374","targetHints":{"allow":["GET"]}}],"collection":[{"href":"https:\/\/mareapensionista.org\/ca\/wp-json\/wp\/v2\/posts"}],"about":[{"href":"https:\/\/mareapensionista.org\/ca\/wp-json\/wp\/v2\/types\/post"}],"author":[{"embeddable":true,"href":"https:\/\/mareapensionista.org\/ca\/wp-json\/wp\/v2\/users\/3"}],"replies":[{"embeddable":true,"href":"https:\/\/mareapensionista.org\/ca\/wp-json\/wp\/v2\/comments?post=1374"}],"version-history":[{"count":1,"href":"https:\/\/mareapensionista.org\/ca\/wp-json\/wp\/v2\/posts\/1374\/revisions"}],"predecessor-version":[{"id":2517,"href":"https:\/\/mareapensionista.org\/ca\/wp-json\/wp\/v2\/posts\/1374\/revisions\/2517"}],"wp:attachment":[{"href":"https:\/\/mareapensionista.org\/ca\/wp-json\/wp\/v2\/media?parent=1374"}],"wp:term":[{"taxonomy":"category","embeddable":true,"href":"https:\/\/mareapensionista.org\/ca\/wp-json\/wp\/v2\/categories?post=1374"},{"taxonomy":"post_tag","embeddable":true,"href":"https:\/\/mareapensionista.org\/ca\/wp-json\/wp\/v2\/tags?post=1374"}],"curies":[{"name":"wp","href":"https:\/\/api.w.org\/{rel}","templated":true}]}}