{"id":1381,"date":"2021-03-07T07:50:54","date_gmt":"2021-03-07T07:50:54","guid":{"rendered":"https:\/\/mareapensionista.org\/2021\/03\/07\/evento-dia-15-de-marzo-calabria-66\/"},"modified":"2021-12-18T12:28:01","modified_gmt":"2021-12-18T12:28:01","slug":"evento-dia-15-de-marzo-calabria-66","status":"publish","type":"post","link":"https:\/\/mareapensionista.org\/ca\/2021\/03\/07\/evento-dia-15-de-marzo-calabria-66\/","title":{"rendered":"Evento d\u00eda 15 de Marzo Calabria 66"},"content":{"rendered":"<p><a href=\"https:\/\/mareapensionista.org\/wp-content\/uploads\/2019\/03\/Evento-d\u00eda-15.jpeg\"><img loading=\"lazy\" decoding=\"async\" class=\"alignnone size-full wp-image-3898\" src=\"https:\/\/mareapensionista.org\/wp-content\/uploads\/2019\/03\/Evento-d\u00eda-15.jpeg\" alt=\"\" width=\"720\" height=\"960\" \/><\/a><\/p>\n<p>Marea Pensionista de Catalu\u00f1a.<\/p>\n<p>Debate sobre la propuesta que la Marea Pensionista hace a los partidos pol\u00edticos con representaci\u00f3n parlamentaria.<\/p>\n<p>Marea Pensionista de Catalunya.<br \/>\nDebat sobre la proposta que la Marea Pensionista fa als partits pol\u00edtics amb representaci\u00f3 parlament\u00e0ria.<\/p>","protected":false},"excerpt":{"rendered":"<p>Marea Pensionista de Catalu\u00f1a. Debate sobre la propuesta que la Marea Pensionista hace a los partidos pol\u00edticos con representaci\u00f3n parlamentaria. Marea Pensionista de Catalunya. Debat sobre la proposta que la Marea Pensionista fa als partits pol\u00edtics amb representaci\u00f3 parlament\u00e0ria.<\/p>","protected":false},"author":1,"featured_media":0,"comment_status":"closed","ping_status":"open","sticky":false,"template":"","format":"standard","meta":{"neve_meta_sidebar":"","neve_meta_container":"","neve_meta_enable_content_width":"","neve_meta_content_width":0,"neve_meta_title_alignment":"","neve_meta_author_avatar":"","neve_post_elements_order":"","neve_meta_disable_header":"","neve_meta_disable_footer":"","neve_meta_disable_title":"","_ti_tpc_template_sync":false,"_ti_tpc_template_id":"","footnotes":""},"categories":[1],"tags":[],"class_list":["post-1381","post","type-post","status-publish","format-standard","hentry","category-sin-categoria"],"_links":{"self":[{"href":"https:\/\/mareapensionista.org\/ca\/wp-json\/wp\/v2\/posts\/1381","targetHints":{"allow":["GET"]}}],"collection":[{"href":"https:\/\/mareapensionista.org\/ca\/wp-json\/wp\/v2\/posts"}],"about":[{"href":"https:\/\/mareapensionista.org\/ca\/wp-json\/wp\/v2\/types\/post"}],"author":[{"embeddable":true,"href":"https:\/\/mareapensionista.org\/ca\/wp-json\/wp\/v2\/users\/1"}],"replies":[{"embeddable":true,"href":"https:\/\/mareapensionista.org\/ca\/wp-json\/wp\/v2\/comments?post=1381"}],"version-history":[{"count":1,"href":"https:\/\/mareapensionista.org\/ca\/wp-json\/wp\/v2\/posts\/1381\/revisions"}],"predecessor-version":[{"id":2513,"href":"https:\/\/mareapensionista.org\/ca\/wp-json\/wp\/v2\/posts\/1381\/revisions\/2513"}],"wp:attachment":[{"href":"https:\/\/mareapensionista.org\/ca\/wp-json\/wp\/v2\/media?parent=1381"}],"wp:term":[{"taxonomy":"category","embeddable":true,"href":"https:\/\/mareapensionista.org\/ca\/wp-json\/wp\/v2\/categories?post=1381"},{"taxonomy":"post_tag","embeddable":true,"href":"https:\/\/mareapensionista.org\/ca\/wp-json\/wp\/v2\/tags?post=1381"}],"curies":[{"name":"wp","href":"https:\/\/api.w.org\/{rel}","templated":true}]}}