{"id":1384,"date":"2021-03-07T07:50:54","date_gmt":"2021-03-07T07:50:54","guid":{"rendered":"https:\/\/mareapensionista.org\/2021\/03\/07\/votar-en-defensa-propia\/"},"modified":"2022-04-30T07:53:07","modified_gmt":"2022-04-30T07:53:07","slug":"votar-en-defensa-propia","status":"publish","type":"post","link":"https:\/\/mareapensionista.org\/ca\/2021\/03\/07\/votar-en-defensa-propia\/","title":{"rendered":"VOTAR EN DEFENSA PROPIA"},"content":{"rendered":"<p><strong><u>VOTAR EN DEFENSA PROPIA<\/u><\/strong><\/p>\n<p>La derecha espa\u00f1ola se ha partido en tres y ha radicalizado su mensaje, exhibiendo estilos impropios de la democracia y pareci\u00e9ndose cada vez m\u00e1s a una ultraderecha radical, hom\u00f3foba, ultra liberal y amenazadora del estado del bienestar por su visi\u00f3n individualista de la vida, de los servicios p\u00fablicos y con un lenguaje que, lejos de la conciliaci\u00f3n y del respeto, se acercan mucho m\u00e1s al insulto y a la descalificaci\u00f3n del adversario sin argumentos: es la palabra vac\u00eda que se llena la boca de improperios.<\/p>\n<p>Ante este panorama, la poblaci\u00f3n debe estar prevenida y defenderse de los posibles ataques y ,ante la m\u00e1s que probable ingobernabilidad, porque el empate entre bloques parece muy posible seg\u00fan el resultado previsto en las encuestas. Vaticinar que, por segunda vez, debamos acudir a las urnas de nuevo, lo cual significar\u00eda no ya solo la divisi\u00f3n del pa\u00eds ideol\u00f3gicamente, si no la m\u00e1s palpable realidad de la incapacidad de los pol\u00edticos de realizar su trabajo, que es el pacto. Cuando la sociedad impide el pacto, el consenso, el com\u00fan acuerdo para el bienestar de los ciudadanos, es que la democracia est\u00e1 muy enferma. Tal vez, de ocurrir lo predicho, deber\u00edamos pensar que ser\u00eda mejor volver a un periodo constituyente que aclarara los procesos y que uniera la sociedad en un proyecto com\u00fan, que no puede ser otro que el garantizar la igualdad, y el bienestar de la poblaci\u00f3n en los cuatro ejes fundamentales y que han unido en sus proyectos pol\u00edticos a esas democracias n\u00f3rdicas que tanto admiramos, como son: la sanidad p\u00fablica de calidad, la pensiones suficientes para la vida, una educaci\u00f3n p\u00fablica desde el nacimiento y un trabajo que siendo suficiente para vivir dignamente en su remuneraci\u00f3n, concilie la vida familia, y, para terminar con un auxilio a la dependencia que garantice la integraci\u00f3n en la vida social a todos aquellos que necesitan esta protecci\u00f3n.<\/p>\n<p>Ir a votar en defensa propia significa hoy, m\u00e1s que nunca, conseguir un triunfo n\u00edtido de las izquierdas frente a ese tripartito derechista que pone en riesgo al feminismo, no s\u00f3lo como ideolog\u00eda, sino la propia vida de las mujeres en cuestiones como el aborto y la violencia de g\u00e9nero. Ir a votar en defensa propia, significa acabar con las legislaciones laborales que han sumergido en las profundidades abismales de la indigencia a la clase trabajadora con contratos temporales, insuficiencia salarial y especulaci\u00f3n laboral. No puede tolerarse que quien trabaja no perciba un salario suficiente para llegar a final de mes.<\/p>\n<p>Ir a votar en defensa propia significa hacer que los programas de la izquierda se unifiquen en un proyecto de gobierno que dote a la sanidad de los recursos suficientes para que la atenci\u00f3n primaria, la hospitalaria y la suficiencia econ\u00f3mica para estos m\u00e9dicos, enfermeras y personal sanitario sea una realidad con una subida de impuestos equitativa. Admirar a Suecia en sus programas sociales est\u00e1 muy bien, pero tambi\u00e9n deber\u00edamos fijarnos en su sistema impositivo. Si lo aplic\u00e1ramos en Espa\u00f1a subir\u00eda la recaudaci\u00f3n en m\u00e1s de 150.000 m\u20ac.<\/p>\n<p>Ir a votar en defensa propia significar\u00e1, y no es un asunto menor, asegurar las pensiones actuales y futuras con la dotaci\u00f3n de recursos suficientes. La Marea Pensionista ya ha propuesto, y desde hace a\u00f1os, d\u00f3nde residen los recursos necesarios para las pensiones: inversi\u00f3n social a la media europea, cotizaciones, fraude a la Seguridad Social, falsos aut\u00f3nomos, subvenciones, jubilaciones anticipadas, gastos de gesti\u00f3n, pensiones de viudedad y no contributivas etc.<\/p>\n<p>Ir a votar en defensa propia significar\u00e1 defender la democracia, porque ya no se han sonrojado por el uso de eufemismos disfrazadores de la realidad. Proclaman sin rubor alguno el final de la educaci\u00f3n, de la sanidad p\u00fablicas, el recorte de libertades y la vuelta a un estado del que nos libramos combati\u00e9ndolo hace ya demasiados a\u00f1os para que ahora se caiga en la tentaci\u00f3n de volver a \u00e9l.<\/p>\n<p>Votar propuestas de izquierda en defensa propia significar\u00e1 resolver la pregunta m\u00e1s acuciante de la actualidad: \u00bfpor qu\u00e9 una democracia puede albergar dentro de s\u00ed a quienes la destruir\u00edan si llegaran al poder? Porque su amenaza de ilegalizaci\u00f3n de partidos se parece demasiado a una depuraci\u00f3n ideol\u00f3gica de la sociedad y tal perspectiva nos recuerda a tiempos pasados. Y resulta parad\u00f3jico que quienes pretenden actuar democr\u00e1ticamente la eliminaci\u00f3n de sus opositores sea su objetivo pol\u00edtico primordial. Unidad de pensamiento, unidad de acci\u00f3n, unidad pero sin diversidad. Las campanas de fascismo repicaron de la misma manera. Quienes o\u00edmos esas campanadas, rompimos el badajo ensordecedor para dotar al campanario de m\u00e1s campanas, con sonidos diferentes y que dieran las horas al comp\u00e1s de todas ellas en un carrill\u00f3n acompasado, no podemos dejar de ser aludidos en esta convocatoria electoral del d\u00eda 28 de abril.<\/p>\n<p>Votar en defensa propia significar\u00e1 el d\u00eda 28 otorgar a la ciudadan\u00eda la riendas de la direcci\u00f3n democr\u00e1tica del pa\u00eds para resolver, mediante el consenso, la persuasi\u00f3n, el di\u00e1logo, el pacto\u2026 la problem\u00e1tica real de nuestras vidas y de nuestra dignidad como ciudadanos.<\/p>\n<p>De no ser as\u00ed, nos arriesgamos a que el futuro m\u00e1s inmediato se llene de nubarrones que pongan en peligro todo aquello que nos ha permitido una igualdad de oportunidades ante la vida, que la crisis merm\u00f3, y que ahora, determinados tripartitos quieren perpetuar.<\/p>\n<p>No nos dejemos deslumbrar por los apellidos que se pongan. El liberalismo acent\u00faa la concepci\u00f3n individualista de la sociedad, instaura el darwinismo selectivo, persigue la desigualdad y perpet\u00faa el dominio de una clase sobre todas las dem\u00e1s clases sociales. Un ejemplo de ello es la instauraci\u00f3n del mal llamado FACTOR DE SOTENIBILIDAD de las pensiones ligada a la esperanza de vida. Las clases pudientes viven de promedio 15 a\u00f1os m\u00e1s que las clases laborantes; el barrio de Pedralbes-Sarri\u00e0 vive un promedio mucho mayor que Ciutat Vella.<\/p>\n<p>Votar en defensa propia en las elecciones del 28 de abril significar\u00e1, no una victoria contra el rival; m\u00e1s bien que la defensa del estado del bienestar podr\u00e1 consolidarse mejor, m\u00e1s democr\u00e1ticamente, m\u00e1s justamente y con mayor colaboraci\u00f3n pol\u00edtica de la ciudadan\u00eda. A este proyecto deber\u00edamos dedicar todas nuestras fuerzas de convencimiento en nuestras familias, amistades y, en mi caso, lectores.<\/p>\n<p><strong>Prudenci Vidal Marcos<\/strong><\/p>\n<p><strong>Miembro de La Marea Pensionista<\/strong><\/p>","protected":false},"excerpt":{"rendered":"<p>VOTAR EN DEFENSA PROPIA La derecha espa\u00f1ola se ha partido en tres y ha radicalizado su mensaje, exhibiendo estilos impropios de la democracia y pareci\u00e9ndose cada vez m\u00e1s a una ultraderecha radical, hom\u00f3foba, ultra liberal y amenazadora del estado del bienestar por su visi\u00f3n individualista de la vida, de los servicios p\u00fablicos y con un&hellip;&nbsp;<a href=\"https:\/\/mareapensionista.org\/ca\/2021\/03\/07\/votar-en-defensa-propia\/\" class=\"\" rel=\"bookmark\">Read More &raquo;<span class=\"screen-reader-text\">VOTAR EN DEFENSA PROPIA<\/span><\/a><\/p>","protected":false},"author":3,"featured_media":0,"comment_status":"closed","ping_status":"open","sticky":false,"template":"","format":"standard","meta":{"neve_meta_sidebar":"","neve_meta_container":"","neve_meta_enable_content_width":"","neve_meta_content_width":0,"neve_meta_title_alignment":"","neve_meta_author_avatar":"","neve_post_elements_order":"","neve_meta_disable_header":"","neve_meta_disable_footer":"","neve_meta_disable_title":"","_ti_tpc_template_sync":false,"_ti_tpc_template_id":"","footnotes":""},"categories":[1],"tags":[],"class_list":["post-1384","post","type-post","status-publish","format-standard","hentry","category-sin-categoria"],"_links":{"self":[{"href":"https:\/\/mareapensionista.org\/ca\/wp-json\/wp\/v2\/posts\/1384","targetHints":{"allow":["GET"]}}],"collection":[{"href":"https:\/\/mareapensionista.org\/ca\/wp-json\/wp\/v2\/posts"}],"about":[{"href":"https:\/\/mareapensionista.org\/ca\/wp-json\/wp\/v2\/types\/post"}],"author":[{"embeddable":true,"href":"https:\/\/mareapensionista.org\/ca\/wp-json\/wp\/v2\/users\/3"}],"replies":[{"embeddable":true,"href":"https:\/\/mareapensionista.org\/ca\/wp-json\/wp\/v2\/comments?post=1384"}],"version-history":[{"count":1,"href":"https:\/\/mareapensionista.org\/ca\/wp-json\/wp\/v2\/posts\/1384\/revisions"}],"predecessor-version":[{"id":2512,"href":"https:\/\/mareapensionista.org\/ca\/wp-json\/wp\/v2\/posts\/1384\/revisions\/2512"}],"wp:attachment":[{"href":"https:\/\/mareapensionista.org\/ca\/wp-json\/wp\/v2\/media?parent=1384"}],"wp:term":[{"taxonomy":"category","embeddable":true,"href":"https:\/\/mareapensionista.org\/ca\/wp-json\/wp\/v2\/categories?post=1384"},{"taxonomy":"post_tag","embeddable":true,"href":"https:\/\/mareapensionista.org\/ca\/wp-json\/wp\/v2\/tags?post=1384"}],"curies":[{"name":"wp","href":"https:\/\/api.w.org\/{rel}","templated":true}]}}