{"id":731,"date":"2021-03-07T07:50:06","date_gmt":"2021-03-07T07:50:06","guid":{"rendered":"https:\/\/mareapensionista.org\/2021\/03\/07\/en-defensa-del-sistema-publico-de-pensiones\/"},"modified":"2021-03-07T07:50:06","modified_gmt":"2021-03-07T07:50:06","slug":"en-defensa-del-sistema-publico-de-pensiones","status":"publish","type":"post","link":"https:\/\/mareapensionista.org\/ca\/2021\/03\/07\/en-defensa-del-sistema-publico-de-pensiones\/","title":{"rendered":"\u00a1EN DEFENSA DEL SISTEMA P\u00daBLICO DE PENSIONES!"},"content":{"rendered":"<p><strong>\u00a1EN DEFENSA DEL SISTEMA P\u00daBLICO DE PENSIONES!<\/strong><\/p>\n<p>En el \u00a0a\u00f1o 2011 con la congelaci\u00f3n de las pensiones (- 3%)\u00a0 impuesta por Gobierno de PSOE, al someterse a los dictados de la \u201cTroika\u201d Europea se inici\u00f3 en nuestro pa\u00eds, la mayor cadena de agresiones\u00a0 contra el Sistema P\u00fablico de Pensiones de toda su historia. A esta\u00a0 agresi\u00f3n sigui\u00f3 la Reforma de Pensiones de agosto de 2011, la no revalorizaci\u00f3n de\u00a0 la diferencia del IPC de 2012 (- 1,9%), las 3 reformas de pensiones del gobierno del PP, las reformas laborales de los gobiernos del PSOE y del PP y de otras muchas medidas que repercuten en un grave\u00a0 deterioro de nuestras pensiones.<\/p>\n<p><strong>PLATAFORMA DE LA MAREA PENSIONISTA<\/strong><\/p>\n<ol>\n<li><strong>A) Derogaci\u00f3n de las siguientes normativas<\/strong><\/li>\n<\/ol>\n<ul>\n<li><em>Real Decreto-ley 10\/2010, de 16 de junio<\/em>, de medidas urgentes para la reforma del mercado de trabajo.<\/li>\n<li><em>Ley 27\/2011, de 1 de agosto<\/em>, sobre actualizaci\u00f3n, adecuaci\u00f3n y modernizaci\u00f3n del sistema de Seguridad Social<strong>, excepto los art\u00edculos por cuidados de hijos\/as, cotizaci\u00f3n durante el servicio militar\u00a0 y la cotizaci\u00f3n de becarios.<\/strong><\/li>\n<li><em>Real del Decreto-ley 3\/2012, de 10 de febrero<\/em>, de medidas urgentes para la reforma del mercado laboral.<\/li>\n<li><em>Real Decreto-ley 20\/2012, de 13 de julio,<\/em>de medidas para garantizar la estabilidad presupuestaria y de fomento de la competitividad.<\/li>\n<li><em>Real Decreto-Ley 28\/2012, de 30 de noviembre<\/em>. Aceptando en su lugar la revalorizaci\u00f3n de las pensiones con efectos retroactivos, desde 1 de enero de 2012, a aquellos pensionistas que antes de 1 de enero de 2012 tuvieran reconocida una pensi\u00f3n contributiva de la Seguridad Social y su consolidaci\u00f3n en su nivel salarial.<\/li>\n<li><em>Real Decreto-ley 5\/2013, de 15 de marzo<\/em>, de medidas para favorecer la continuidad de la vida laboral de los trabajadores de mayor edad y promover el envejecimiento activo.<\/li>\n<li><em>Ley 23\/2013, de 23 de diciembre<\/em>, reguladora del Factor de Sostenibilidad y del \u00cdndice de Revalorizaci\u00f3n del Sistema de Pensiones de la Seguridad Social.<\/li>\n<\/ul>\n<ol>\n<li><strong>B) Desarrollo de nuevas iniciativas normativas<\/strong><\/li>\n<\/ol>\n<ul>\n<li>Establecer la pensi\u00f3n m\u00ednima de jubilaci\u00f3n en:<strong>1000 \u20ac\/mensuales<\/strong>.<\/li>\n<li>Incorporar al R\u00e9gimen General de la Seguridad Social a las\/os empleadas\/os de Hogar con todas consecuencias incluida la prestaci\u00f3n por desempleo y la cobertura de lagunas de cotizaci\u00f3n a partir del 1 de enero de 2016.<\/li>\n<li>Que el Presupuesto de la Seguridad Social forme parte, sin ninguna distinci\u00f3n, de los Presupuestos Generales del Estado y que las fuentes de financiaci\u00f3n del Sistema P\u00fablico de Pensiones (SPP) sea financiado por la imposici\u00f3n general manteniendo y mejorando las actuales cotizaciones sociales<strong>.<\/strong><\/li>\n<li>Todas\u00a0 estas peticiones\u00a0 has sido tambi\u00e9n trasladadas\u00a0 a la mayor\u00eda de\u00a0 los partidos que se presentan a las pr\u00f3ximas Elecciones Generales.<\/li>\n<\/ul>","protected":false},"excerpt":{"rendered":"<p>\u00a1EN DEFENSA DEL SISTEMA P\u00daBLICO DE PENSIONES! En el \u00a0a\u00f1o 2011 con la congelaci\u00f3n de las pensiones (- 3%)\u00a0 impuesta por Gobierno de PSOE, al someterse a los dictados de la \u201cTroika\u201d Europea se inici\u00f3 en nuestro pa\u00eds, la mayor cadena de agresiones\u00a0 contra el Sistema P\u00fablico de Pensiones de toda su historia. A esta\u00a0&hellip;&nbsp;<a href=\"https:\/\/mareapensionista.org\/ca\/2021\/03\/07\/en-defensa-del-sistema-publico-de-pensiones\/\" class=\"\" rel=\"bookmark\">Read More &raquo;<span class=\"screen-reader-text\">\u00a1EN DEFENSA DEL SISTEMA P\u00daBLICO DE PENSIONES!<\/span><\/a><\/p>","protected":false},"author":1,"featured_media":0,"comment_status":"open","ping_status":"open","sticky":false,"template":"","format":"standard","meta":{"neve_meta_sidebar":"","neve_meta_container":"","neve_meta_enable_content_width":"","neve_meta_content_width":0,"neve_meta_title_alignment":"","neve_meta_author_avatar":"","neve_post_elements_order":"","neve_meta_disable_header":"","neve_meta_disable_footer":"","neve_meta_disable_title":"","_ti_tpc_template_sync":false,"_ti_tpc_template_id":"","footnotes":""},"categories":[],"tags":[],"class_list":["post-731","post","type-post","status-publish","format-standard","hentry"],"_links":{"self":[{"href":"https:\/\/mareapensionista.org\/ca\/wp-json\/wp\/v2\/posts\/731","targetHints":{"allow":["GET"]}}],"collection":[{"href":"https:\/\/mareapensionista.org\/ca\/wp-json\/wp\/v2\/posts"}],"about":[{"href":"https:\/\/mareapensionista.org\/ca\/wp-json\/wp\/v2\/types\/post"}],"author":[{"embeddable":true,"href":"https:\/\/mareapensionista.org\/ca\/wp-json\/wp\/v2\/users\/1"}],"replies":[{"embeddable":true,"href":"https:\/\/mareapensionista.org\/ca\/wp-json\/wp\/v2\/comments?post=731"}],"version-history":[{"count":0,"href":"https:\/\/mareapensionista.org\/ca\/wp-json\/wp\/v2\/posts\/731\/revisions"}],"wp:attachment":[{"href":"https:\/\/mareapensionista.org\/ca\/wp-json\/wp\/v2\/media?parent=731"}],"wp:term":[{"taxonomy":"category","embeddable":true,"href":"https:\/\/mareapensionista.org\/ca\/wp-json\/wp\/v2\/categories?post=731"},{"taxonomy":"post_tag","embeddable":true,"href":"https:\/\/mareapensionista.org\/ca\/wp-json\/wp\/v2\/tags?post=731"}],"curies":[{"name":"wp","href":"https:\/\/api.w.org\/{rel}","templated":true}]}}