{"id":741,"date":"2021-03-07T07:50:07","date_gmt":"2021-03-07T07:50:07","guid":{"rendered":"https:\/\/mareapensionista.org\/2021\/03\/07\/dia-10-05-2016-a-las-1030-concentracion-ante-el-tribunal-superior-de-justicia-de-catalunya\/"},"modified":"2021-03-07T07:50:07","modified_gmt":"2021-03-07T07:50:07","slug":"dia-10-05-2016-a-las-1030-concentracion-ante-el-tribunal-superior-de-justicia-de-catalunya","status":"publish","type":"post","link":"https:\/\/mareapensionista.org\/ca\/2021\/03\/07\/dia-10-05-2016-a-las-1030-concentracion-ante-el-tribunal-superior-de-justicia-de-catalunya\/","title":{"rendered":"d\u00eda 10\/05\/2016 a las 10,30 concentraci\u00f3n ante el Tribunal Superior de Justicia de Catalunya"},"content":{"rendered":"<p>EN DEFENSA DEL SISTEMA P\u00daBLICO DE PENSIONES \u00a1NO A LAS SENTENCIAS POL\u00cdTICAS!<\/p>\n<p>D\u00eda 10 de Mayo a las 10,30 horas: Concentraci\u00f3n ante el Tribunal Superior de Justicia de Catalunya, Passeig de Llu\u00eds, Companys,14 (BCN)<\/p>\n<p>Compa\u00f1eros\/ compa\u00f1eras:<\/p>\n<p>El 30\/11\/2012 el gobierno del PP aprob\u00f3 un Real Decreto Ley en el que se establec\u00eda \u201cDejar sin efecto para el ejercicio 2012 la actualizaci\u00f3n de las pensiones de la Seguridad Social y las de Clases Pasivas del Estado.\u201d.<\/p>\n<p>Este Decreto, vulneraba el art\u00edculo 48 de la Ley General de la Seguridad Social, que regulaba el derecho de los pensionistas a la revalorizaci\u00f3n anual de su pensi\u00f3n y establec\u00eda que \u00ablas pensiones&#8230;ser\u00e1n revalorizadas al comienzo de cada a\u00f1o, en funci\u00f3n del correspondiente \u00edndice de precios al consumo\u00bb. Asimismo vulneraba la Constituci\u00f3n Espa\u00f1ola y lo establecido en la normativa europea e internacional ratificada por Espa\u00f1a. Esta decisi\u00f3n del Gobierno del PP supuso que el a\u00f1o 2012 a los pensionistas nos robaran un 1,9% de nuestro poder adquisitivo. Posteriormente el Gobierno del PP en Diciembre de 2013 suprimi\u00f3 la Ley de revisi\u00f3n autom\u00e1tica de las pensiones con el IPC del a\u00f1o anterior y estableci\u00f3 una nueva ley reguladora introduciendo el factor de sostenibilidad y del \u00edndice de revalorizaci\u00f3n de las pensiones fijando unilateralmente un 0,25% de incremento anual, con independencia de lo que el IPC pueda subir anualmente.<\/p>\n<p>Para responder a esta agresi\u00f3n los pensionistas empezamos a organizarnos en distintas poblaciones del Estado, interponiendo miles de demandas ante los juzgados de lo Social. En respuesta a nuestras demandas y movilizaciones se nos respondi\u00f3 por parte del Poder Judicial con la paralizaci\u00f3n de las demandas en espera de la decisi\u00f3n de Tribunal Constitucional, que se pronunci\u00f3 en marzo de 2014 con una Sentencia en contra de nuestras justas demandas, contando la misma con cuatro votos particulares en contra. Posteriormente, varios Tribunales Superiores de varias Comunidades Aut\u00f3nomas, tambi\u00e9n se han pronunciado en contra, el de Catalunya, que lo ha hecho por unanimidad, contado incluso con el aval de los llamados jueces \u201cprogresistas\u201d.<\/p>\n<p>Cuando a los colectivos sociales se nos agrede con la implantaci\u00f3n de la pol\u00edtica neoliberal que pretende apropiarse de todos nuestros derechos sociales; cuando la pobreza amenaza extenderse de forma irreparable a todo nuestro colectivo de PENSIONSITAS actuales y futuros; cuando se vulneran nuestros derechos de forma sistem\u00e1tica con decretos-ley que recortan los pactos establecidos anteriormente, porque nuestras pensiones no son un regalo, ni una concesi\u00f3n del Gobierno, las pensiones forman parte de nuestro salario que se detrajo de nuestra renta para pagar las pensiones de entonces y mantener este sistema de solidaridad en el futuro; cuando todo esto sucede, pens\u00e1bamos que siempre quedaba la ventana abierta de recurrir a la Justicia, aquella instituci\u00f3n que equilibra a las sociedades en sus conflictos porque por definici\u00f3n debe ser imparcial y objetiva.<\/p>\n<p>Pues bien, compa\u00f1eros y compa\u00f1eras, estamos aqu\u00ed para gritar hasta que llegue a los o\u00eddos de quien corresponda y se d\u00e9 por aludido que \u201c BASTA YA DE SENTENCIAS POL\u00cdTICAS\u201d a nuestras justas reivindicaciones,\u201d BASTA YA\u201d de ajustes ideol\u00f3gicos entre los jueces \u201cpara aunar criterios\u201d e imponer a la libre conciencia y saber de los magistrados consignas dictadas desde esferas gubernamentales que unos siguen porque la obediencia es requisito para progresar en la carrera judicial, otros, sin embargo, aplican su libre criterio judicial.<\/p>\n<p>\u201cLa Marea Pensionista\u201d tiene un objetivo de presente y de futuro y grita fuerte y para que nos oigan: \u201cPENSIONES DIGNAS PARA UNA VIDA DIGNA\u201d; seguridad jur\u00eddica en todo el proceso de valoraci\u00f3n, otorgaci\u00f3n y mantenimiento de nuestras pensiones a lo largo de nuestra vida. No vamos a permitir que se vulneren nuestros derechos y los derechos de nuestros padres que lucharon en las f\u00e1bricas, en el campo, en las oficinas, en las calles, para poder vivir dignamente y tener una vejez a\u00fan m\u00e1s digna. Que no sea la DEMOCRACIA la que nos robe lo<\/p>\n<p>que le arrancamos a la dictadura. En aquellos tiempos, todos los miembros de todas las administraciones pertenec\u00edan al mismo saco de clientelismo fascista, pero hoy, en pleno siglo XXI, en la Espa\u00f1a democr\u00e1tica por la que luchamos junto con nuestros padres y abuelos, no vamos a permitir que la justicia SE DICTE SEG\u00daN CRITERIOS POL\u00cdTICOS, SIGUIENDO INTERESES CREADOS DE DETERMINADOS ESTAMENTOS QUE QUIEREN APROPIARSE DEL SISTEMA DE SERVICIOS SOCIALES DE NUESTROS PA\u00cdSES EN LA UNI\u00d3N EUROPEA.<\/p>\n<p>Si se reiteran en sus afirmaciones , aqu\u00ed nos encontrar\u00e1n, porque nuestra voz no podr\u00e1 ser silenciada.<\/p>\n<p>Si hacen caso omiso a nuestros gritos desesperados, elevaremos a\u00fan m\u00e1s nuestra voz. Si tratan de descalificarnos, no caeremos en el des\u00e1nimo, porque sabemos m\u00e1s que ellos del EMPODERAMIENTO que tenemos.<\/p>\n<p>Si nos ignoran; llenaremos las calles con nuestras reivindicaciones.<\/p>\n<p>Por todo eso, compa\u00f1eros y compa\u00f1eras, que sois trabajadores de la dignidad social, luchadores natos contra la injusticia, defensores de la igualdad de derechos entre hombres y mujeres, os garantizo que frente a estos atropellos en pensiones, en sanidad, en educaci\u00f3n, en dependencia, en igualdad de g\u00e9nero, en derechos laborales, en igualdad ante la justicia NO CEDEREMOS, NO NOS LO PODR\u00cdAMOS PERDONAR. NOSOTROS Y NUESTROS NIETOS MERECEMOS UN PA\u00cdS DIGNO.<\/p>\n<p>Son los jueces y fiscales quienes deber\u00edan ser los paladines defensores de los derechos establecidos en nuestras leyes y por eso estamos aqu\u00ed, para reclamarles que act\u00faen seg\u00fan una recta conciencia porque la justicia debe estar por encima de la ley, y cambiarla si es preciso.<\/p>\n<p>Empoder\u00e9monos, reclamemos nuestros derechos, echemos fuera de lo p\u00fablico a quienes se lucran por venderse a los intereses privados; marquemos una l\u00ednea roja entre lo p\u00fablico y lo privado y que sea una l\u00ednea recta y continua, sin interferencias. No admitiremos que los representantes p\u00fablicos \u201ccobren\u201d planes de jubilaciones privadas pagadas con el dinero de todos, mientras existen pensionistas que deben elegir entre comer o medicarse, comer a pagar la luz, el gas o el agua; mientras se queman viviendas por encender cajas de madera de la fruta para poder soportar el fr\u00edo o guisar unas patatas.<\/p>\n<p>A los medios de comunicaci\u00f3n social les pedimos tambi\u00e9n que sean fieles a la verdad, a la verdadera situaci\u00f3n de empobrecimiento de las clases populares de nuestro pa\u00eds. Que todos somos personas no solo n\u00fameros que engrosan estad\u00edsticas que los pol\u00edticos vapulean los unos contra los otros pero utilizando las mismas pol\u00edticas hip\u00f3critas. Que mantengan ese compromiso de ser voceros de la realidad y no s\u00f3lo porteadores de sombras como en la caverna plat\u00f3nica. Id por todo el mundo pregonando las verg\u00fcenzas del neoliberalismo, que forma guerras para dejar morir despu\u00e9s a los refugiados excluy\u00e9ndolos con el pacto m\u00e1s ignominioso jam\u00e1s conocido por la humanidad. Id y pregonad bien alto c\u00f3mo se pretende destruir el llamado estado del bienestar para acaparar cuanta m\u00e1s riqueza sea posible. Hoy el capitalismo se ha vestido de consensos, falsas libertades, unidades monetarias, deudas, pero no sociales, ni fiscales ni laborales. Hoy el capitalismo se ha revestido con una moneda, el Euro. Pero aprendimos de nuestros mayores la lucha por los derechos y libertades. Hoy renovamos todos juntos la misma promesa de compromiso con las libertades pol\u00edticas y los derechos sociales y por eso gritamos, como lo hicieron nuestros padres y nuestros abuelos clamando justicia.<\/p>\n<p>Pedimos a los jueces de esta instituci\u00f3n que se unan a nosotros en defensa de la justicia social que ejercen en nombre del pueblo por el pueblo y para el pueblo y rechacen las influencias pol\u00edticas en sus sentencias.<\/p>\n<p>Compa\u00f1eros y compa\u00f1eras, gritad conmigo: \u00a1VIVA LA JUSTICIA SOCIAL!<\/p>\n<p>Marea Pensionista de Catalunya<\/p>\n<p>Email: mareapensionista@gmail.com<\/p>\n<p>Web: ttp:\/\/mareapensionista.org<\/p>","protected":false},"excerpt":{"rendered":"<p>EN DEFENSA DEL SISTEMA P\u00daBLICO DE PENSIONES \u00a1NO A LAS SENTENCIAS POL\u00cdTICAS! D\u00eda 10 de Mayo a las 10,30 horas: Concentraci\u00f3n ante el Tribunal Superior de Justicia de Catalunya, Passeig de Llu\u00eds, Companys,14 (BCN) Compa\u00f1eros\/ compa\u00f1eras: El 30\/11\/2012 el gobierno del PP aprob\u00f3 un Real Decreto Ley en el que se establec\u00eda \u201cDejar sin efecto&hellip;&nbsp;<a href=\"https:\/\/mareapensionista.org\/ca\/2021\/03\/07\/dia-10-05-2016-a-las-1030-concentracion-ante-el-tribunal-superior-de-justicia-de-catalunya\/\" class=\"\" rel=\"bookmark\">Read More &raquo;<span class=\"screen-reader-text\">d\u00eda 10\/05\/2016 a las 10,30 concentraci\u00f3n ante el Tribunal Superior de Justicia de Catalunya<\/span><\/a><\/p>","protected":false},"author":1,"featured_media":0,"comment_status":"open","ping_status":"open","sticky":false,"template":"","format":"standard","meta":{"neve_meta_sidebar":"","neve_meta_container":"","neve_meta_enable_content_width":"","neve_meta_content_width":0,"neve_meta_title_alignment":"","neve_meta_author_avatar":"","neve_post_elements_order":"","neve_meta_disable_header":"","neve_meta_disable_footer":"","neve_meta_disable_title":"","_ti_tpc_template_sync":false,"_ti_tpc_template_id":"","footnotes":""},"categories":[],"tags":[],"class_list":["post-741","post","type-post","status-publish","format-standard","hentry"],"_links":{"self":[{"href":"https:\/\/mareapensionista.org\/ca\/wp-json\/wp\/v2\/posts\/741","targetHints":{"allow":["GET"]}}],"collection":[{"href":"https:\/\/mareapensionista.org\/ca\/wp-json\/wp\/v2\/posts"}],"about":[{"href":"https:\/\/mareapensionista.org\/ca\/wp-json\/wp\/v2\/types\/post"}],"author":[{"embeddable":true,"href":"https:\/\/mareapensionista.org\/ca\/wp-json\/wp\/v2\/users\/1"}],"replies":[{"embeddable":true,"href":"https:\/\/mareapensionista.org\/ca\/wp-json\/wp\/v2\/comments?post=741"}],"version-history":[{"count":0,"href":"https:\/\/mareapensionista.org\/ca\/wp-json\/wp\/v2\/posts\/741\/revisions"}],"wp:attachment":[{"href":"https:\/\/mareapensionista.org\/ca\/wp-json\/wp\/v2\/media?parent=741"}],"wp:term":[{"taxonomy":"category","embeddable":true,"href":"https:\/\/mareapensionista.org\/ca\/wp-json\/wp\/v2\/categories?post=741"},{"taxonomy":"post_tag","embeddable":true,"href":"https:\/\/mareapensionista.org\/ca\/wp-json\/wp\/v2\/tags?post=741"}],"curies":[{"name":"wp","href":"https:\/\/api.w.org\/{rel}","templated":true}]}}