{"id":767,"date":"2021-03-07T07:50:08","date_gmt":"2021-03-07T07:50:08","guid":{"rendered":"https:\/\/mareapensionista.org\/2021\/03\/07\/acta-dia-05-de-julio-de-2-016-baixador-de-valvidriera\/"},"modified":"2021-03-07T07:50:08","modified_gmt":"2021-03-07T07:50:08","slug":"acta-dia-05-de-julio-de-2-016-baixador-de-valvidriera","status":"publish","type":"post","link":"https:\/\/mareapensionista.org\/ca\/2021\/03\/07\/acta-dia-05-de-julio-de-2-016-baixador-de-valvidriera\/","title":{"rendered":"ACTA DIA 05 DE JULIO DE 2.016 (BAIXADOR DE VALVIDRIERA)"},"content":{"rendered":"<p><strong>ACTA DE LA COORDINADORA DE LA MAREA PENSIONISTA.<\/strong><\/p>\n<p><strong>DIA 05 DE JULIO DE 2.016 (BAIXADOR DE VALVIDRIERA)<\/strong><\/p>\n<p>Con la finalidad de mantener un contacto distendido entre los diferentes componentes de la Coordinadora de la Marea Pensionista, se convoca una comida para este d\u00eda 5 de julio, que sirva a la vez como cierre de temporada antes de las vacaciones, y como informaci\u00f3n y debate de la tarea realizada, a la vez que se informa de los contactos mantenidos con los territorios de Galicia y Valencia, Prat de Llobregat, y diversas reuniones mantenidas con diferentes partidos pol\u00edticos.<\/p>\n<p>Se abre un debate en torno a los resultados electorales de las pasadas elecciones, en el transcurso del que surgen diferentes opiniones, sobre lo dif\u00edcil que resulta asumir un resultado como este donde se ve claramente, que el sistema solo se ha preocupado de crear una especie de ciudadanos\/as, poco formados pol\u00edticamente, con la \u00fanica finalidad de mantener el bipartidismo y que voten una y otra vez a los corruptos que les han estado robando durante todos estos a\u00f1os.<\/p>\n<p>Se debate sobre la conveniencia de aumentar las asambleas en pueblos y barrios, para hacer llegar nuestros argumentos a cuanta m\u00e1s gente mejor, ya que est\u00e1 claro que los derechos se defienden o se pierden, y se defienden gobierne la derecha o gobierne la izquierda.<\/p>\n<p>Seguidamente surge el comentario de que una persona ha salido en el Parlament con la camiseta de la Marea (se trata de Joan Giner, de CSQP). Alg\u00fan compa\u00f1ero de Cornella realiza comentarios poco respetuosos sobre este Sr., comentarios que por ser personales no se reflejaran en \u00e9l acta, ya que esa no es la opini\u00f3n de la Marea Pensionista. Tambi\u00e9n se producen comentarios favorables a su actuaci\u00f3n en la Plaza de Catalu\u00f1a, y al apoyo que tanto El personalmente, como su grupo han \u00a0tenido con la Marea Pensionista. Esto provoca un debate sobre si es posible que determinadas fuerzas pol\u00edticas o sindicales, puedan utilizar los s\u00edmbolos nuestros con fines partidistas, por lo que la opini\u00f3n que prevalece es de que el que quiera llevar nuestra camiseta en actos p\u00fablicos partidistas, nos deber\u00eda pedir permiso a la Marera.<\/p>\n<p>Se considera muy importante mantener en septiembre una reuni\u00f3n de la Marea a nivel Estatal, ya que se considera un tema bastante abandonado, que hemos de reactivar con cierta urgencia.<\/p>\n<p>Surge la idea de conseguir una reuni\u00f3n en Madrid de Marea de Mareas.<\/p>\n<p>Se produce una intervenci\u00f3n en el sentido de que todos sabemos lo que pasa con las pensiones, por lo que es importante que nos centremos en lo que queremos hacer nosotros.<\/p>\n<p>En este sentido, se apunta a la necesidad de reforzar el trabajo de base, estudiar formas eficaces de llegar a los j\u00f3venes, ya que es aqu\u00ed donde se nos presenta un trabajo duro; reforzar a partir de septiembre la recogida de firmas; fomentar sin descanso, las asambleas p\u00fablicas de barrios, para poder educar la voluntad (en este punto se acuerda modificar la forma de asambleas que venimos celebrando, pas\u00e1ndolas de lugares cerrados a lugares p\u00fablicos y abiertos); tambi\u00e9n se manifiesta una opini\u00f3n en el sentido de endurecer las protestas.<\/p>\n<p>A CONTINUACION LOS DIFERENTES COMPA\u00d1EROS INFORMAN DE LOS \u00daLTIMOS CONTACTOS DE LA MAREA.<\/p>\n<p>Galicia: Se ha contactado con compa\u00f1eros\/as de Vigo y Pontevedra; ya funcionan bastante bien, aunque con nombre diferente: MODEPEN (Movemento pola defensa das pensions), ya han organizado charlas, tanto desde el punto de vista legal como social. El tema de Galicia se considera muy positivo. Se legalizaran en marzo. En este tema, la Marea agradece al compa\u00f1ero Ferran el trabajo realizado.<\/p>\n<p>Empresas: el compa\u00f1ero responsable del tema informa de que Telef\u00f3nica ya nos ha pasado las firmas. Ve dif\u00edcil realizar una asamblea solo con Telef\u00f3nica, pero si conseguimos sumar m\u00e1s empresas lo ve bastante factible. En este caso, ya se est\u00e1 en contacto con el Comit\u00e9 de Empresa del Hospital de San Pablo. Se espera que algunos miembros de la Marea, se puedan entrevistar con el Comit\u00e9 de Empresa de Seat en el mes de septiembre.<\/p>\n<p>Surgen varias propuestas y comentarios, sobre las elecciones pasadas, sobre la dispersi\u00f3n de los diferentes movimientos, o de conseguir una gran manifestaci\u00f3n de cara al mes de octubre.<\/p>\n<p>Se prev\u00e9 hacer una acci\u00f3n contra una entidad financiera para el mes de agosto.<\/p>\n<p>Una compa\u00f1era hace una intervenci\u00f3n en el sentido de poder realizar alg\u00fan contacto entre la Marea Blanca Estatal, y la Marea Pensionista.<\/p>\n<p>Un compa\u00f1ero se queja en el sentido de que se habla mucho de la Unidad de Acci\u00f3n, pero que luego no la practicamos, y de modificar el tema de la participaci\u00f3n en las reuniones que la Marea mantiene con el Josep Manel Busqueta.<\/p>\n<p>Se hace la consideraci\u00f3n de si en la pro\u00f3ima reuni\u00f3n que mantengamos en este grupo, no ser\u00eda conveniente desmarcarse de este grupo, o al menos de algunas de sus actuaciones.<\/p>\n<p>Un compa\u00f1ero hace la oportuna apreciaci\u00f3n de que en el caso de tirar adelante con la redacci\u00f3n de las nuevas Leyes de Seguridad Social y Pensiones, estas han de recoger la garant\u00eda de que el nuevo estado respetar\u00e1 los tratados internacionales sobre la materia, y los derechos adquiridos por los pensionistas en otros estados.<\/p>\n<p>Los pr\u00f3ximos d\u00edas 20 y 21 de julio se celebra en Copenhague una conferencia del Sindicato Mundial de Pensionistas y Jubilados. Ante la invitaci\u00f3n recibida por parte de la organizaci\u00f3n, y muy especialmente nuestro compa\u00f1ero Quin Boix, una compa\u00f1era se ofrece para estar presente en dicha conferencia como observadora por parte de la Marea Pensionista. Se somete a debate el pago de su billete de avi\u00f3n, y la inmensa mayor\u00eda se manifiesta a favor. Se elaborar\u00e1 un documento por parte nuestra que se leer\u00e1 en dicha conferencia, a la vez que se le pide a la compa\u00f1era que mire de establecer cuanto m\u00e1s contactos mejor, para avanzar en la l\u00ednea de crear un movimiento social en Europa en defensa de nuestras pensiones y las del futuro.<\/p>\n<p>&nbsp;<\/p>\n<p>Sin m\u00e1s temas que tratar, a las 18,00 horas se levanta la sesi\u00f3n de trabajo.<\/p>\n<p>&nbsp;<\/p>\n<p>Domiciano.<\/p>","protected":false},"excerpt":{"rendered":"<p>ACTA DE LA COORDINADORA DE LA MAREA PENSIONISTA. DIA 05 DE JULIO DE 2.016 (BAIXADOR DE VALVIDRIERA) Con la finalidad de mantener un contacto distendido entre los diferentes componentes de la Coordinadora de la Marea Pensionista, se convoca una comida para este d\u00eda 5 de julio, que sirva a la vez como cierre de temporada&hellip;&nbsp;<a href=\"https:\/\/mareapensionista.org\/ca\/2021\/03\/07\/acta-dia-05-de-julio-de-2-016-baixador-de-valvidriera\/\" class=\"\" rel=\"bookmark\">Read More &raquo;<span class=\"screen-reader-text\">ACTA DIA 05 DE JULIO DE 2.016 (BAIXADOR DE VALVIDRIERA)<\/span><\/a><\/p>","protected":false},"author":1,"featured_media":0,"comment_status":"open","ping_status":"open","sticky":false,"template":"","format":"standard","meta":{"neve_meta_sidebar":"","neve_meta_container":"","neve_meta_enable_content_width":"","neve_meta_content_width":0,"neve_meta_title_alignment":"","neve_meta_author_avatar":"","neve_post_elements_order":"","neve_meta_disable_header":"","neve_meta_disable_footer":"","neve_meta_disable_title":"","_ti_tpc_template_sync":false,"_ti_tpc_template_id":"","footnotes":""},"categories":[],"tags":[],"class_list":["post-767","post","type-post","status-publish","format-standard","hentry"],"_links":{"self":[{"href":"https:\/\/mareapensionista.org\/ca\/wp-json\/wp\/v2\/posts\/767","targetHints":{"allow":["GET"]}}],"collection":[{"href":"https:\/\/mareapensionista.org\/ca\/wp-json\/wp\/v2\/posts"}],"about":[{"href":"https:\/\/mareapensionista.org\/ca\/wp-json\/wp\/v2\/types\/post"}],"author":[{"embeddable":true,"href":"https:\/\/mareapensionista.org\/ca\/wp-json\/wp\/v2\/users\/1"}],"replies":[{"embeddable":true,"href":"https:\/\/mareapensionista.org\/ca\/wp-json\/wp\/v2\/comments?post=767"}],"version-history":[{"count":0,"href":"https:\/\/mareapensionista.org\/ca\/wp-json\/wp\/v2\/posts\/767\/revisions"}],"wp:attachment":[{"href":"https:\/\/mareapensionista.org\/ca\/wp-json\/wp\/v2\/media?parent=767"}],"wp:term":[{"taxonomy":"category","embeddable":true,"href":"https:\/\/mareapensionista.org\/ca\/wp-json\/wp\/v2\/categories?post=767"},{"taxonomy":"post_tag","embeddable":true,"href":"https:\/\/mareapensionista.org\/ca\/wp-json\/wp\/v2\/tags?post=767"}],"curies":[{"name":"wp","href":"https:\/\/api.w.org\/{rel}","templated":true}]}}