{"id":770,"date":"2021-03-07T07:50:08","date_gmt":"2021-03-07T07:50:08","guid":{"rendered":"https:\/\/mareapensionista.org\/2021\/03\/07\/espana-obligada-a-bajar-las-pensiones-en-la-proxima-legislatura-2\/"},"modified":"2021-03-07T07:50:08","modified_gmt":"2021-03-07T07:50:08","slug":"espana-obligada-a-bajar-las-pensiones-en-la-proxima-legislatura-2","status":"publish","type":"post","link":"https:\/\/mareapensionista.org\/ca\/2021\/03\/07\/espana-obligada-a-bajar-las-pensiones-en-la-proxima-legislatura-2\/","title":{"rendered":"Espa\u00f1a, obligada a bajar las pensiones en la pr\u00f3xima legislatura"},"content":{"rendered":"<div id=\"gallery\" class=\"ad-gallery\">\n<div class=\"ad-image-wrapper\">\n<div class=\"ad-image\"><img decoding=\"async\" src=\"http:\/\/www.e6d.es\/fotos\/78201615090769188.jpg\" alt=\"\" width=\"373.3333333333333\" height=\"280\" \/><\/div>\n<div class=\"ad-next\"><\/div>\n<div class=\"ad-prev\"><\/div>\n<\/div>\n<div class=\"ad-nav\">\n<div class=\"ad-forward\"><\/div>\n<\/div>\n<\/div>\n<div class=\"contenidoarticulo\">\n<h1 class=\"tart\">Espa\u00f1a, obligada a bajar las pensiones en la pr\u00f3xima legislatura<\/h1>\n<h2 class=\"subtit\">Peligro de colapso en la seguridad social en dos o tres a\u00f1os<\/h2>\n<p><center><\/center><br \/>\nLos datos no mienten. Mientras los cotizantes se encuentran en m\u00ednimos y la devaluaci\u00f3n salarial se traduce en una recaudaci\u00f3n menor, los pensiones aumentan a\u00f1o tras a\u00f1o. La situaci\u00f3n de d\u00e9ficit (15.000 millones en 2014) podr\u00eda agravarse en apenas unos a\u00f1os dejando la \u2018hucha\u2019 de las pensiones sin fondos, en ese momento, los pol\u00edticos deber\u00e1n tomar la decisi\u00f3n de reducir de forma considerable la cuant\u00eda de las pensiones o reducir el gasto p\u00fablico para compensar el coste.<br \/>\nEl futuro de las pensiones espa\u00f1olas es m\u00e1s que incierto. Los pol\u00edticos suelen hablar de las pensiones futuras pero la situaci\u00f3n afecta a las que se pagan ahora, las recibidas en apenas un par de a\u00f1os. En ese momento, los pol\u00edticos espa\u00f1oles deber\u00e1n tomar la decisi\u00f3n de bajarlas. El actual sistema se encuentra quebrado, solo salvado por el Fondo de la Seguridad Social que se quedara sin fondos en poco m\u00e1s de dos o tres a\u00f1os al ritmo actual. Hay cerca de 2,5 millones de personas entre 59 y 63 a\u00f1os \u00bfSer\u00e1 Espa\u00f1a capaz de crear tantos puestos de trabajo en apenas 4 a\u00f1os como para absorber ese crecimiento? Y no solo para compensarlo sino para mejorar el ratio y acabar con el d\u00e9ficit.<br \/>\nLa tormenta perfecta se acerca abruptamente. Los ingresos de las cotizaciones son insuficientes para el pago de las pensiones. Por un lado, porque el n\u00famero de cotizantes ha ca\u00eddo y el n\u00famero de pensionistas crece cada a\u00f1o. En junio de 2015 hab\u00eda 9.293.058 pensiones un 1,1% m\u00e1s que en junio de 2014 y hasta un 2,6% m\u00e1s que en el mismo mes de 2013. En mayo de 2015 esa cifra era de un ratio de 2,29 cotizantes por pensionista, uno de los m\u00e1s bajos de la serie hist\u00f3rica.<br \/>\nPor otro lado, porque la brutal devaluaci\u00f3n salarial que se ha producido en Espa\u00f1a lastra los ingresos de los nuevos cotizantes que se unen gracias a la mejora del mercado laboral. Uno de los \u00faltimos informes del Instituto Nacional de Estad\u00edstica (INE) explicaba que el sueldo m\u00e1s frecuente en Espa\u00f1a era de poco m\u00e1s de 15.000 euros brutos al a\u00f1o, as\u00ed ha sido durante 2012, 2013 y 2014 todos ellos a\u00f1os de d\u00e9ficit en la Seguridad Social. Eso se traduce en que no se recaude lo suficiente como ocurri\u00f3 en 2014 y ocurrir\u00e1 en 2015.<br \/>\nMariano Rajoy ya ha recomendado a los j\u00f3venes que ahorren porque el futuro de sus pensiones no est\u00e1 garantizado. Aunque no ha sido el primero, ya que, el gobernador del Banco de Espa\u00f1a, Luis Mar\u00eda Linde, fue el primero en abrir la caja de tuenos. En una conferencia en Pamplona Linde advirti\u00f3 de que \u201ccon este Gobierno y con cualquier gobierno, va a llevar de modo inevitable a un sistema de pensiones en el que la pensi\u00f3n media ser\u00e1 cada vez m\u00e1s baja. Esto es as\u00ed, por razones demogr\u00e1ficas, es inevitable\u201d. Recientemente, en el congreso el gobernador volvi\u00f3 a ratificarse, otras voces como la de Juan Rosell, presidente de la CEOE, tambi\u00e9n se han sumado. Aunque el verdadero problema es ahora, en apenas un par de a\u00f1os<br \/>\nEl actual sistema de pensiones tiene la forma de las grandes estafas piramidales como ha denunciado en m\u00e1s de una ocasi\u00f3n el director del Instituto Juan de Mariana, Juan Ram\u00f3n Rallo. Las pensiones actuales se pagan gracias a la recaudaci\u00f3n de los nuevos cotizantes, no por la riqueza generada por cada pensionista a lo largo de su vida laboral. Su quiebra, al igual que el de esas estafas, llega cuando los nuevos ingresos no pueden cubrir todos los pagos. Leer noticia completa en <a href=\"http:\/\/www.estrelladigital.es\/articulo\/economia\/espana-estara-obligara-bajar-drasticamente-pensiones-anos\/20150624190824244058.html\">estrelladigital.es<\/a>.\u00a0Foto y art\u00edculo relacionado en <a href=\"http:\/\/www.bolsamania.com\/noticias\/economia\/como-hacer-sostenible-el-sistema-de-pensiones-los-expertos-envidian-a-suecia--776107.html\">bolsamania.com<\/a>.<\/div>","protected":false},"excerpt":{"rendered":"<p>Espa\u00f1a, obligada a bajar las pensiones en la pr\u00f3xima legislatura Peligro de colapso en la seguridad social en dos o tres a\u00f1os Los datos no mienten. Mientras los cotizantes se encuentran en m\u00ednimos y la devaluaci\u00f3n salarial se traduce en una recaudaci\u00f3n menor, los pensiones aumentan a\u00f1o tras a\u00f1o. La situaci\u00f3n de d\u00e9ficit (15.000 millones&hellip;&nbsp;<a href=\"https:\/\/mareapensionista.org\/ca\/2021\/03\/07\/espana-obligada-a-bajar-las-pensiones-en-la-proxima-legislatura-2\/\" class=\"\" rel=\"bookmark\">Read More &raquo;<span class=\"screen-reader-text\">Espa\u00f1a, obligada a bajar las pensiones en la pr\u00f3xima legislatura<\/span><\/a><\/p>","protected":false},"author":1,"featured_media":0,"comment_status":"open","ping_status":"open","sticky":false,"template":"","format":"standard","meta":{"neve_meta_sidebar":"","neve_meta_container":"","neve_meta_enable_content_width":"","neve_meta_content_width":0,"neve_meta_title_alignment":"","neve_meta_author_avatar":"","neve_post_elements_order":"","neve_meta_disable_header":"","neve_meta_disable_footer":"","neve_meta_disable_title":"","_ti_tpc_template_sync":false,"_ti_tpc_template_id":"","footnotes":""},"categories":[],"tags":[],"class_list":["post-770","post","type-post","status-publish","format-standard","hentry"],"_links":{"self":[{"href":"https:\/\/mareapensionista.org\/ca\/wp-json\/wp\/v2\/posts\/770","targetHints":{"allow":["GET"]}}],"collection":[{"href":"https:\/\/mareapensionista.org\/ca\/wp-json\/wp\/v2\/posts"}],"about":[{"href":"https:\/\/mareapensionista.org\/ca\/wp-json\/wp\/v2\/types\/post"}],"author":[{"embeddable":true,"href":"https:\/\/mareapensionista.org\/ca\/wp-json\/wp\/v2\/users\/1"}],"replies":[{"embeddable":true,"href":"https:\/\/mareapensionista.org\/ca\/wp-json\/wp\/v2\/comments?post=770"}],"version-history":[{"count":0,"href":"https:\/\/mareapensionista.org\/ca\/wp-json\/wp\/v2\/posts\/770\/revisions"}],"wp:attachment":[{"href":"https:\/\/mareapensionista.org\/ca\/wp-json\/wp\/v2\/media?parent=770"}],"wp:term":[{"taxonomy":"category","embeddable":true,"href":"https:\/\/mareapensionista.org\/ca\/wp-json\/wp\/v2\/categories?post=770"},{"taxonomy":"post_tag","embeddable":true,"href":"https:\/\/mareapensionista.org\/ca\/wp-json\/wp\/v2\/tags?post=770"}],"curies":[{"name":"wp","href":"https:\/\/api.w.org\/{rel}","templated":true}]}}