{"id":773,"date":"2021-03-07T07:50:10","date_gmt":"2021-03-07T07:50:10","guid":{"rendered":"https:\/\/mareapensionista.org\/2021\/03\/07\/un-grupo-de-expertos-recomienda-bajar-las-pensiones-el-3-para-el-ano-que-viene\/"},"modified":"2021-03-07T07:50:10","modified_gmt":"2021-03-07T07:50:10","slug":"un-grupo-de-expertos-recomienda-bajar-las-pensiones-el-3-para-el-ano-que-viene","status":"publish","type":"post","link":"https:\/\/mareapensionista.org\/ca\/2021\/03\/07\/un-grupo-de-expertos-recomienda-bajar-las-pensiones-el-3-para-el-ano-que-viene\/","title":{"rendered":"Un grupo de expertos recomienda bajar las pensiones el 3% para el a\u00f1o que viene"},"content":{"rendered":"<p>El Grupo de Investigaci\u00f3n en Pensiones y Protecci\u00f3n Social de la Universidad de Valencia cree que la salud de la Seguridad Social exige una bajada de las prestaciones p\u00fablicas del 3,11% para el pr\u00f3ximo ejercicio mientras que la Autoridad Independiente Fiscal, la Airef, da por descontado que en 2017 se habr\u00e1 agotado el Fondo de Reserva que actualmente cuenta con 22.000 millones de euros. Ese es el desolador panorama que trazan los expertos en lo que a pensiones se refiere. Un asunto que deber\u00e1 centrar la atenci\u00f3n del pr\u00f3ximo gobierno, pero tambi\u00e9n de la oposici\u00f3n parlamentaria y de los sindicatos.<\/p>\n<p>El resultado al que llegan los expertos de la Universidad de Valencia se basa en los deslizamientos que hay que introducir en el mecanismo del c\u00e1lculo de la revalorizaci\u00f3n de las pensiones que desde 2014 sustituy\u00f3 a la actualizaci\u00f3n seg\u00fan el \u00edndice de precios al consumo, IPC.<\/p>\n<p>La f\u00f3rmula dise\u00f1ada para efectuar dicho c\u00e1lculo tiene en cuenta distintos par\u00e1metros del sistema: evoluci\u00f3n de los ingresos, aumento del n\u00famero de pensiones, efecto sustituci\u00f3n (relaci\u00f3n entre altas y bajas de pensiones) y, por \u00faltimo, la correcci\u00f3n del d\u00e9ficit. El resultado viene siendo determinante para la subida de las pensiones de cada a\u00f1o.<\/p>\n<p>A\u00fan as\u00ed, nunca se utiliza estos criterios porque la Ley se\u00f1ala que el m\u00ednimo a subir debe ser del 0,25%. Pero si se aplicase su tenor literal, la cuant\u00eda de las pensiones, seg\u00fan los resultados de 2015, deber\u00eda de haber bajado un 2,52%, y este a\u00f1o, esos par\u00e1metros indican que la reducci\u00f3n deber\u00eda ser del 3,11%. Eso si se aplican los criterios plasmados en la Ley al pi\u00e9 de la letra. Cosa que ning\u00fan grupo pol\u00edtico se atreve a hacer por las razones de todos conocidas.<\/p>\n<p>Estos expertos advierten que, en estas condiciones, el sistema corre verdadero peligro de quiebra. De ah\u00ed que los grupos representados en el Congreso est\u00e9n elaborando propuestas para que, una vez se haya superado el periodo de investidura si es que se supera, se convoque al Pacto de Toledo para buscar una soluci\u00f3n al menos a corto plazo.<\/p>\n<p>Los sindicatos vuelven a insistir en que todos estos argumentos que manejan los expertos \u201cson falacias\u201d. En UGT se\u00f1alan que \u201cRajoy deber\u00e1 justificar por qu\u00e9 parte del dinero del Fondo de Garant\u00eda, que se utiliz\u00f3 para comprar deuda p\u00fablica, no ha vuelto a retornarse en el momento en que el Banco Central Europeo ha tomado cartas en el asunto de dicha deuda\u201d.<\/p>\n<p>Seg\u00fan los datos de la Contabilidad Nacional, hay invertidos en deuda p\u00fablica 56.500 millones de euros procedentes de la \u201chucha\u201d de las pensiones. Los sindicatos denuncian que \u201cse ha hecho un uso indebido del Fondo\u201d. En una reuni\u00f3n de la comisi\u00f3n de seguimiento del Fondo de Reserva, mantenida el pasado 11 de julio, Mari Carmen Barrera, secretaria de pol\u00edticas sociales, empleo y seguridad social de la UGT, dijo que \u201cno se deber\u00edan otorgar futuras habilitaciones que permitan disponer del Fondo de Reserva para financiar<strong>reducciones de los ingresos por cotizaciones<\/strong> derivados del fomento de la contrataci\u00f3n, as\u00ed como ninguna otra medida ajena a la naturaleza del sistema de pensiones\u201d.<\/p>\n<p>Tanto los sindicatos como la izquierda progresista, frente a los argumentos utilizados por los expertos, denuncian que de la crisis del sistema tienen la culpa los incentivos para el fomento del empleo, las famosas tarifas planas de las cotizaciones, que han reducido sensiblemente los ingresos y cuyo desfase se debe compensar \u201cv\u00eda impuestos y no mediante el Fondo, que es para otras cosas\u201d, concluye Barrero.<\/p>\n<p>posdata: Porqu\u00e9 todos estos grupos de hijos de puta expertos no se fijan en otras cosas que se podr\u00edan recortar.<\/p>","protected":false},"excerpt":{"rendered":"<p>El Grupo de Investigaci\u00f3n en Pensiones y Protecci\u00f3n Social de la Universidad de Valencia cree que la salud de la Seguridad Social exige una bajada de las prestaciones p\u00fablicas del 3,11% para el pr\u00f3ximo ejercicio mientras que la Autoridad Independiente Fiscal, la Airef, da por descontado que en 2017 se habr\u00e1 agotado el Fondo de&hellip;&nbsp;<a href=\"https:\/\/mareapensionista.org\/ca\/2021\/03\/07\/un-grupo-de-expertos-recomienda-bajar-las-pensiones-el-3-para-el-ano-que-viene\/\" class=\"\" rel=\"bookmark\">Read More &raquo;<span class=\"screen-reader-text\">Un grupo de expertos recomienda bajar las pensiones el 3% para el a\u00f1o que viene<\/span><\/a><\/p>","protected":false},"author":1,"featured_media":0,"comment_status":"open","ping_status":"open","sticky":false,"template":"","format":"standard","meta":{"neve_meta_sidebar":"","neve_meta_container":"","neve_meta_enable_content_width":"","neve_meta_content_width":0,"neve_meta_title_alignment":"","neve_meta_author_avatar":"","neve_post_elements_order":"","neve_meta_disable_header":"","neve_meta_disable_footer":"","neve_meta_disable_title":"","_ti_tpc_template_sync":false,"_ti_tpc_template_id":"","footnotes":""},"categories":[],"tags":[],"class_list":["post-773","post","type-post","status-publish","format-standard","hentry"],"_links":{"self":[{"href":"https:\/\/mareapensionista.org\/ca\/wp-json\/wp\/v2\/posts\/773","targetHints":{"allow":["GET"]}}],"collection":[{"href":"https:\/\/mareapensionista.org\/ca\/wp-json\/wp\/v2\/posts"}],"about":[{"href":"https:\/\/mareapensionista.org\/ca\/wp-json\/wp\/v2\/types\/post"}],"author":[{"embeddable":true,"href":"https:\/\/mareapensionista.org\/ca\/wp-json\/wp\/v2\/users\/1"}],"replies":[{"embeddable":true,"href":"https:\/\/mareapensionista.org\/ca\/wp-json\/wp\/v2\/comments?post=773"}],"version-history":[{"count":0,"href":"https:\/\/mareapensionista.org\/ca\/wp-json\/wp\/v2\/posts\/773\/revisions"}],"wp:attachment":[{"href":"https:\/\/mareapensionista.org\/ca\/wp-json\/wp\/v2\/media?parent=773"}],"wp:term":[{"taxonomy":"category","embeddable":true,"href":"https:\/\/mareapensionista.org\/ca\/wp-json\/wp\/v2\/categories?post=773"},{"taxonomy":"post_tag","embeddable":true,"href":"https:\/\/mareapensionista.org\/ca\/wp-json\/wp\/v2\/tags?post=773"}],"curies":[{"name":"wp","href":"https:\/\/api.w.org\/{rel}","templated":true}]}}