{"id":780,"date":"2021-03-07T07:50:10","date_gmt":"2021-03-07T07:50:10","guid":{"rendered":"https:\/\/mareapensionista.org\/2021\/03\/07\/festival-marea-de-mareas\/"},"modified":"2021-03-07T07:50:10","modified_gmt":"2021-03-07T07:50:10","slug":"festival-marea-de-mareas","status":"publish","type":"post","link":"https:\/\/mareapensionista.org\/ca\/2021\/03\/07\/festival-marea-de-mareas\/","title":{"rendered":"FESTIVAL MAREA DE MAREAS"},"content":{"rendered":"<p class=\"x_MsoNormal\">El d\u00eda 1 de Octubre se celebra el d\u00eda Mundial del Jubilado y Pensionista.<\/p>\n<p class=\"x_MsoNormal\">Ese mismo d\u00eda, la Marea de Mareas se dar\u00e1 a conocer a la ciudadan\u00eda en general organizando una jornada de ma\u00f1ana y tarde, con comida incluida, donde se instalar\u00e1n carpas para todas las Mareas participantes, escenario para actuaciones l\u00fadicas y conferencias, talleres donde cada Marea expondr\u00e1 sus preocupaciones de forma espec\u00edfica y espacios \u00a0para informaciones concretas.<\/p>\n<p class=\"x_MsoNormal\">Adjunto el cartel y os esperamos en el PARC NOU de EL PRAT DE LLOBRAGAT.<\/p>\n<p class=\"x_MsoNormal\">Nota: Si no quer\u00e9is recibir correos de este tema, solo ten\u00e9is que contestar a \u00e9ste diciendo \u201cLo siento, no tengo tiempo\u201d. Gracias.<\/p>\n<p class=\"x_MsoNormal\">Y si\u00a0pod\u00e9is\u00a0reenviarlo a vuestras amistades, os lo agradeceros.<\/p>\n<p class=\"x_MsoNormal\">Queremos organizar un ciclo de conferencias:<\/p>\n<p class=\"x_MsoNormal\">&#8211; El Fondo de\u00a0Pensiones,<\/p>\n<p class=\"x_MsoNormal\">&#8211; Que hay\u00a0detr\u00e1s\u00a0de\u00a0los\u00a0Planes privados de Pensiones,<\/p>\n<p class=\"x_MsoNormal\">&#8211; No hay dinero para Pensiones pero para la OTAN, o para los Bancos, o para &#8230;<\/p>\n<p class=\"x_MsoNormal\">Acabamos de unirnos en Madrid (el pasado s\u00e1bado d\u00eda 10) y constituir la <a href=\"https:\/\/mareapensionista.org\/wp-content\/uploads\/2016\/09\/CARTEL-FESTIVAL.jpg\" rel=\"attachment wp-att-2023\"><img loading=\"lazy\" decoding=\"async\" class=\"alignnone size-full wp-image-2023\" src=\"https:\/\/mareapensionista.org\/wp-content\/uploads\/2016\/09\/CARTEL-FESTIVAL.jpg\" alt=\"cartel-festival\" width=\"679\" height=\"960\" \/><\/a><span style=\"font-size: large;\">Coordinadora Estatal Para la Defensa del Sistema P\u00fablico de Pensiones.<\/span><\/p>","protected":false},"excerpt":{"rendered":"<p>El d\u00eda 1 de Octubre se celebra el d\u00eda Mundial del Jubilado y Pensionista. Ese mismo d\u00eda, la Marea de Mareas se dar\u00e1 a conocer a la ciudadan\u00eda en general organizando una jornada de ma\u00f1ana y tarde, con comida incluida, donde se instalar\u00e1n carpas para todas las Mareas participantes, escenario para actuaciones l\u00fadicas y conferencias,&hellip;&nbsp;<a href=\"https:\/\/mareapensionista.org\/ca\/2021\/03\/07\/festival-marea-de-mareas\/\" class=\"\" rel=\"bookmark\">Read More &raquo;<span class=\"screen-reader-text\">FESTIVAL MAREA DE MAREAS<\/span><\/a><\/p>","protected":false},"author":1,"featured_media":0,"comment_status":"open","ping_status":"open","sticky":false,"template":"","format":"standard","meta":{"neve_meta_sidebar":"","neve_meta_container":"","neve_meta_enable_content_width":"","neve_meta_content_width":0,"neve_meta_title_alignment":"","neve_meta_author_avatar":"","neve_post_elements_order":"","neve_meta_disable_header":"","neve_meta_disable_footer":"","neve_meta_disable_title":"","_ti_tpc_template_sync":false,"_ti_tpc_template_id":"","footnotes":""},"categories":[],"tags":[],"class_list":["post-780","post","type-post","status-publish","format-standard","hentry"],"_links":{"self":[{"href":"https:\/\/mareapensionista.org\/ca\/wp-json\/wp\/v2\/posts\/780","targetHints":{"allow":["GET"]}}],"collection":[{"href":"https:\/\/mareapensionista.org\/ca\/wp-json\/wp\/v2\/posts"}],"about":[{"href":"https:\/\/mareapensionista.org\/ca\/wp-json\/wp\/v2\/types\/post"}],"author":[{"embeddable":true,"href":"https:\/\/mareapensionista.org\/ca\/wp-json\/wp\/v2\/users\/1"}],"replies":[{"embeddable":true,"href":"https:\/\/mareapensionista.org\/ca\/wp-json\/wp\/v2\/comments?post=780"}],"version-history":[{"count":0,"href":"https:\/\/mareapensionista.org\/ca\/wp-json\/wp\/v2\/posts\/780\/revisions"}],"wp:attachment":[{"href":"https:\/\/mareapensionista.org\/ca\/wp-json\/wp\/v2\/media?parent=780"}],"wp:term":[{"taxonomy":"category","embeddable":true,"href":"https:\/\/mareapensionista.org\/ca\/wp-json\/wp\/v2\/categories?post=780"},{"taxonomy":"post_tag","embeddable":true,"href":"https:\/\/mareapensionista.org\/ca\/wp-json\/wp\/v2\/tags?post=780"}],"curies":[{"name":"wp","href":"https:\/\/api.w.org\/{rel}","templated":true}]}}