{"id":797,"date":"2021-03-07T07:50:11","date_gmt":"2021-03-07T07:50:11","guid":{"rendered":"https:\/\/mareapensionista.org\/2021\/03\/07\/hem-de-fer-entendre-als-joves-que-la-pensio-no-es-un-regal\/"},"modified":"2021-03-07T07:50:11","modified_gmt":"2021-03-07T07:50:11","slug":"hem-de-fer-entendre-als-joves-que-la-pensio-no-es-un-regal","status":"publish","type":"post","link":"https:\/\/mareapensionista.org\/ca\/2021\/03\/07\/hem-de-fer-entendre-als-joves-que-la-pensio-no-es-un-regal\/","title":{"rendered":"Hem de fer entendre als joves que la pensi\u00f3 no \u00e9s un regal"},"content":{"rendered":"<header>\n<h1 class=\"pg-headline\"><\/h1>\n<h1 class=\"pg-headline\">Demanarem als jubilats que votin per formacions pol\u00edtiques que defensen el sistema p\u00fablic de pensions\u201d<\/h1>\n<div class=\"subtitle bkn mce sk2\">\n<p>\u201cEl que ha passat a Gr\u00e8cia amb Syriza ens ha desmuntat les mobilitzacions, almenys a mig termini\u201d<\/p>\n<p>\u201cNo es mantenen la Casa Real, l\u2019Esgl\u00e9sia Cat\u00f2lica i l\u2019Ex\u00e8rcit amb els Pressupostos Generals? Doncs amb m\u00e9s motius s\u2019han de mantenir les pensions\u201d<\/p>\n<\/div>\n<section class=\"cp-tools md cf\">\n<address class=\"bkn dateline fl\"><small class=\"byline\"><a class=\"lnk\" title=\"Cristina Palomar\" href=\"http:\/\/www.eldiario.es\/autores\/cristina_palomar\/\">Cristina Palomar<\/a>\u00a0<\/small><\/address>\n<div class=\"md-social md cl\">\n<p><time class=\"bkn dateline fl\" datetime=\"2015-07-25T22:02:08+02:00\"><span class=\"date\">25\/07\/2015 &#8211; <\/span><span class=\"time\">22:02h<\/span><\/time><\/p>\n<\/div>\n<\/section>\n<div class=\"inset cf\">\n<figure class=\"media-holder\"><img loading=\"lazy\" decoding=\"async\" src=\"http:\/\/images.eldiario.es\/catalunyaplural\/Domiciano-Sandoval-Veins-ENRIC-CATALA_EDIIMA20150717_0592_5.jpg\" alt=\"Domiciano Sandoval devant del local de l'Associaci\u00f3 de Ve\u00efns del Clot \/ ENRIC CATAL\u00c0\" width=\"643\" height=\"428\" \/><figcaption class=\"caption-inside\">Domiciano Sandoval devant del local de l&#8217;Associaci\u00f3 de Ve\u00efns del Clot \/ ENRIC CATAL\u00c0 <\/figcaption><\/figure>\n<\/div>\n<\/header>\n<div class=\"pg-body\">\n<div id=\"edi-body\" class=\"mce-body mce no-sticky-adv-socios\">\n<p class=\"mce\">La Marea Pensionista porta des del 2013 lluitant contra la congelaci\u00f3 de les pensions. El seu portaveu, Domiciano Sandoval, insisteix que \u00e9s un problema que afecta tota la societat i anuncia noves mobilitzacions de la plataforma de cara a aquesta tardor.<\/p>\n<p class=\"mce\"><strong class=\"mce\">La Marea Pensionista es va constituir a Barcelona l\u2019any 2013. Dos anys despr\u00e9s segueixen sent vigents les seves reivindicacions?<\/strong><\/p>\n<div class=\"no-adv-socios\"><\/div>\n<p class=\"mce\">Estem en un moment crucial. El dilluns 13 de juliol ens vam reunir a Madrid amb representants de plataformes similars de vuit comunitats aut\u00f2nomes per presentar a finals de setembre o principis d\u2019octubre el programa de mobilitzacions de la Marea Pensionista de cara a la tardor. L\u2019objectiu \u00e9s fer-ho de forma coordinada a nivell estatal tot i que sabem que els jubilats s\u00f3n molt dif\u00edcils de mobilitzar. Molts tenen molta por a perdre la pensi\u00f3 o tenen limitacions per raons de salut, per exemple. De totes formes confio que aix\u00f2 comen\u00e7ar\u00e0 a canviar quan l\u2019IPC comenci a pujar i les seves pensions es mantinguin al 0,25%.<\/p>\n<p class=\"mce\"><strong class=\"mce\">S\u2019han atrevit a denunciar el govern Rajoy per haver retallat les pensions l\u2019any 2012, per\u00f2 portem m\u00e9s de trenta anys de reformes del sistema p\u00fablic de pensions al marge del color del partit pol\u00edtic que ha governat. \u00bfPer qu\u00e8 no s\u2019han mobilitzat abans?<\/strong><\/p>\n<p class=\"mce\">Jo voldria desmuntar els t\u00f2pics al voltant d\u2019aquest tema. Quan parles de la retallada de les pensions la gent es pensa que \u00e9s un problema que nom\u00e9s afecta els pensionistes i no \u00e9s veritat. Els pensionistes ja tenim reconeguda la nostra pensi\u00f3, sigui m\u00e9s gran o m\u00e9s petita. Ens la poden congelar o ens la poden retallar com han fet a Gr\u00e8cia o a Portugal seguint els mandats austericides de la Uni\u00f3 Europea. Els que s\u00ed que han d\u2019estar realment preocupats s\u00f3n els que s\u2019incorporin al sistema p\u00fablic de pensions a partir d\u2019ara i, sobretot, a partir del 2019.\u00a0 \u00c9s un t\u00f2pic pensar que nom\u00e9s ens afecta a nosaltres. \u00c9s un problema de tota la ciutadania perqu\u00e8 m\u00e9s d\u2019hora o m\u00e9s tard afectar\u00e0 tothom.<\/p>\n<p class=\"mce\"><strong class=\"mce\">Per qu\u00e8 diu que a partir del 2019 encara ser\u00e0 pitjor?<\/strong><\/p>\n<p class=\"mce\">Perqu\u00e8 l\u2019any 2019 entrar\u00e0 en vigor la cl\u00e0usula d\u2019estabilitat aprovada en l\u2019\u00faltima reforma del govern Rajoy que introdueix per primera vegada un element nou a l\u2019hora de recon\u00e8ixer la pensi\u00f3 que li correspon al treballador: l\u2019esperan\u00e7a de vida. Aix\u00f2 fins ara no es tenia en compte. Fins ara t\u2019incorporaves al sistema a partir dels 65 anys i en funci\u00f3 dels anys cotitzats et calculaven la base reguladora. A partir del 2019, l\u2019esperan\u00e7a de vida de la societat ser\u00e0 un dels factors m\u00e9s importants per fixar el criteri de la pensi\u00f3. Ara, l\u2019esperan\u00e7a de vida a Espanya es considera que est\u00e0 al voltant dels 85 anys per a les dones i dels 83 per als homes.<\/p>\n<div class=\"inset cf width643\">\n<figure class=\"media-holder\">\n<div class=\"mg\"><img loading=\"lazy\" decoding=\"async\" src=\"http:\/\/images.eldiario.es\/catalunyaplural\/Domiciano-Sandoval-reivindicacions-ENRIC-CATALA_EDIIMA20150717_0596_5.jpg\" alt=\"Domiciano Sandoval ensenya un auca que van fer desde la plataforma per explicar les seves reivindicacions\/ ENRIC CATAL\u00c0\" width=\"643\" height=\"428\" \/><\/div><figcaption class=\"caption-inside\">Domiciano Sandoval mostra un auca on s&#8217;expliquen les seves reivindicacions\/ ENRIC CATAL\u00c0 <\/figcaption><\/figure>\n<\/div>\n<p class=\"mce\"><strong class=\"mce\">Les dones viuen m\u00e9s. Significa aix\u00f2 que sortiran m\u00e9s mal parades a l\u2019hora de calcular les seves pensions?<\/strong><\/p>\n<p class=\"mce\">Efectivament. I aix\u00f2 ja \u00e9s un argument de pes per rebutjar la mesura del govern Rajoy perqu\u00e8 \u00e9s inconstitucional. La Constituci\u00f3 no permet discriminacions per raons de g\u00e8nere.<\/p>\n<p class=\"mce\"><strong class=\"mce\">\u00c9s per aquesta ra\u00f3 que s\u2019ha mobilitzat ara i no quan Felipe Gonz\u00e1lez va comen\u00e7ar amb les seves reformes?<\/strong><\/p>\n<p class=\"mce\">Des de fa quaranta anys que sentim que el sistema p\u00fablic de pensions \u00e9s insostenible i aix\u00f2 \u00e9s mentida. El que passa \u00e9s que sobre aquest sistema p\u00fablic de pensions existeixen moltes pressions. La ra\u00f3 principal de les mobilitzacions actuals \u00e9s la congelaci\u00f3 de les pensions a partir del 2012. Zapatero ja va introduir la jubilaci\u00f3 progressiva fins als 67 anys, per\u00f2 Rajoy va ser pitjor perqu\u00e8 va incomplir una de les seves promeses electorals estrella: va dir que no tocaria les pensions i al novembre les va congelar quan l\u2019IPC havia pujat un 2,9 %. Aix\u00f2 va provocar les primeres demandes de la m\u00e0 del Col\u00b7lectiu Ronda. La meva demanda va ser la primera. Ens mobilitzem per aturar-ho perqu\u00e8 nosaltres no ens creiem que el sistema p\u00fablic de pensions sigui insostenible. L\u2019exemple \u00e9s que fins al 2011 el fons de reserva del sistema segueix creixent fins als 70.000 milions d\u2019euros. Ara, el fons de reserva est\u00e0 en uns 38.000 milions d\u2019euros.<\/p>\n<p class=\"mce\"><strong class=\"mce\">Per qu\u00e8 aquesta disminuci\u00f3?<\/strong><\/p>\n<p class=\"mce\">Per una part pressiona la reforma laboral de Rajoy. El sistema p\u00fablic de pensions espanyol \u00e9s de repartiment: els que treballen cotitzen per als que cobren. Al aprovar la reforma laboral, els contractes han passat de ser fixes a ser temporals, de salaris dignes hem passat a salaris de mis\u00e8ria\u2026 Al disminuir les cotitzacions per aquesta precarietat, el sistema se\u2019n ressent i el govern ha de ficar la m\u00e0 al fons de reserva. L\u2019altre factor que pressiona sobre el sistema s\u00f3n els bancs. Sempre estan demanant al govern de torn que introdueixi mesures fiscals perqu\u00e8 augmentin les contribucions dels ciutadans als sistemes privats de pensions. La pregunta \u00e9s: com pretenen que els ciutadans tinguin plans de pensi\u00f3 privats amb els sous de mis\u00e8ria que s\u2019estan pagant? I amb quines garanties\u00a0? Perqu\u00e8 tenim els exemples de Xile o dels Estats Units on aquests sistemes privats han fet fallida i han obligat molts jubilats a tornar a treballar amb 75 anys perqu\u00e8 no tenen prou ingressos per viure.<\/p>\n<p class=\"mce\"><strong class=\"mce\">Quantes demandes han presentat fins ara\u00a0?<\/strong><\/p>\n<p class=\"mce\">No tenim xifres oficials, per\u00f2 calculem que a Catalunya hi ha unes 7.000 o 8.000. Tenim el problema que moltes de les demandes no tenen continu\u00eftat perqu\u00e8 hi ha pensionistes amb problemes de salut que ho deixen estar o directament han mort. Les demandes han de ser individuals, no col\u00b7lectives perqu\u00e8 estem parlant de quantitats i cada cas \u00e9s diferent. Nosaltres plantegem com a plataforma el suport col\u00b7lectiu als demandants i el col\u00b7lapse dels jutjats.<\/p>\n<div class=\"inset cf width643\">\n<figure class=\"media-holder\">\n<div class=\"mg\"><img loading=\"lazy\" decoding=\"async\" src=\"http:\/\/images.eldiario.es\/catalunyaplural\/Domiciano-Sandoval-Veins-ENRIC-CATALA_EDIIMA20150717_0594_5.jpg\" alt=\"Domiciano Sandoval ens reb a l'Associaci\u00f3 de Ve\u00efns del Clot \/ ENRIC CATAL\u00c0\" width=\"643\" height=\"428\" \/><\/div><figcaption class=\"caption-inside\">Domiciano Sandoval a l&#8217;Associaci\u00f3 de Ve\u00efns del Clot \/ ENRIC CATAL\u00c0 <\/figcaption><\/figure>\n<\/div>\n<p class=\"mce\"><strong class=\"mce\">Vost\u00e8 argumenta que les retallades de les pensions tenen una ra\u00f3 pol\u00edtica, no econ\u00f2mica. Tanmateix, el discurs oficial que el sistema \u00e9s insostenible ha arrelat en les noves generacions. Com es pot lluitar contra aix\u00f2?<\/strong><\/p>\n<p class=\"mce\">El discurs ha arrelat, lamentablement, per\u00f2 si es lluita es pot revertir la situaci\u00f3. El que \u00e9s un contrasentit \u00e9s que l\u2019Estat faciliti via impositiva l\u2019obertura de plans de pensi\u00f3 privats i digui alhora que no hi ha diners per pagar les pensions. O que faciliti als empresaris tarifes planes de 100 euros quan tothom sap que fent aix\u00f2 disminueixen les cotitzacions socials. Despr\u00e9s hi ha un tercer argument: per qu\u00e8 les pensions han de ser nom\u00e9s de cotitzacions socials? Per qu\u00e8 les pensions no contributives s\u2019han de finan\u00e7ar del sistema de la Seguretat Social? Si s\u00f3n no contributives, per qu\u00e8 no les financen els pressupostos de l\u2019Estat?. No es mantenen la Casa Real, l\u2019Esgl\u00e9sia Cat\u00f2lica i l\u2019Ex\u00e8rcit amb els Pressupostos Generals de l\u2019Estat? Doncs amb m\u00e9s motius s\u2019han de mantenir les pensions.<\/p>\n<p class=\"mce\"><strong class=\"mce\">Vost\u00e8s sostenen que hi ha un mili\u00f3 de fam\u00edlies que malviuen nom\u00e9s de la pensi\u00f3 dels avis.<\/strong><\/p>\n<p class=\"mce\">\u00c9s cert. No vull ni pensar qu\u00e8 passaria si aix\u00f2 s\u2019acab\u00e9s. A Espanya hi ha uns nou milions de jubilats i la mitjana de la pensi\u00f3 \u00e9s d\u2019uns 900 euros.<\/p>\n<p class=\"mce\"><strong class=\"mce\">I en aquest escenari de congelaci\u00f3, quin perfil de pensionista \u00e9s el que surt m\u00e9s perjudicat?<\/strong><\/p>\n<p class=\"mce\">Tots surten perjudicats, per\u00f2 les pensions de vidu\u00eftat encara m\u00e9s.<\/p>\n<p class=\"mce\"><strong class=\"mce\">Insisteix que cal implicar els joves en la lluita de La Marea Pensionista, conv\u00e8ncer-los que no \u00e9s una protesta d\u2019un grup de jubilats que es queixen de les seves pensions congelades. Per\u00f2 com aconseguir que facin seves les reivindicacions quan estan cobrant sous miserables\u00a0o no troben feina?<\/strong><\/p>\n<p class=\"mce\">Hem de fer-los entendre que la pensi\u00f3 no \u00e9s un regal, \u00e9s un dret adquirit despr\u00e9s de molts anys cotitzant.<\/p>\n<p class=\"mce\"><strong class=\"mce\">La plataforma exigeix que les pensions s\u2019actualitzin amb l\u2019IPC, que es restableixi l\u2019edat de jubilaci\u00f3 als 65 anys i que les jubilacions no baixin dels mil euros. Creu que s\u00f3n reivindicacions realistes en \u00e8poca de crisis\u00a0?<\/strong><\/p>\n<div class=\"inset cf width643\">\n<figure class=\"media-holder\">\n<div class=\"mg\"><img loading=\"lazy\" decoding=\"async\" src=\"http:\/\/images.eldiario.es\/catalunyaplural\/Domiciano-Sandoval-Pensionistas-ENRIC-CATALA_EDIIMA20150717_0593_5.jpg\" alt=\"Domiciano Sandoval ens parla sobre la Marea de Pensionistas \/ ENRIC CATAL\u00c0\" width=\"643\" height=\"428\" \/><\/div><figcaption class=\"caption-inside\">Domiciano Sandoval ens parla sobre la Marea de Pensionistas \/ ENRIC CATAL\u00c0 <\/figcaption><\/figure>\n<\/div>\n<p class=\"mce\">Nosaltres creiem que s\u00ed.<\/p>\n<p class=\"mce\"><strong class=\"mce\">La Marea Pensionista s\u2019emmiralla en Gr\u00e8cia com a laboratori europeu de tisorades socials. Ara que s\u2019han aprovat noves retallades que afectaran de nou les pensions els segueix preocupant que aquestes mesures s\u2019acabin aplicant tamb\u00e9 aqu\u00ed?<\/strong><\/p>\n<p class=\"mce\">Crec que el que ha passat a Gr\u00e8cia amb Syriza ens ha desmuntat la mobilitzaci\u00f3, almenys a mig termini. L\u2019escenari m\u00e9s real \u00e9s que es tornin a fer eleccions i que hi hagi un canvi de govern. La troika ha manifestat v\u00e0ries vegades com ent\u00e9n la democr\u00e0cia. Ho va fer quan va destituir Papandreu i Berlusconi, i ho ha tornat a fer amb Tsipras. Culpen els ciutadans del sud d\u2019Europa dels excessos, quan en realitat qui en t\u00e9 la culpa s\u00f3n els governs i les seves pol\u00edtiques.<\/p>\n<p class=\"mce\"><strong class=\"mce\">Estem en any d\u2019eleccions i els jubilats sempre han estat un col\u00b7lectiu prioritari per als partits.<\/strong><\/p>\n<p class=\"mce\">Nosaltres esperem fer fora Rajoy perqu\u00e8 qui decideix sobre les pensions \u00e9s el govern de Madrid. Per aix\u00f2 demanarem als jubilats que votin formacions que defensin el sistema p\u00fablic de pensions. A nivell municipal tamb\u00e9 es poden prendre decisions que ens ajudin com, per exemple, baixar impostos locals o establir ajuts per poder pagar el rebut de la llum. Tot ajuda.<\/p>\n<p class=\"mce\"><strong class=\"mce\">Els jubilats sembla que molesten. Creu que hi ha una conspiraci\u00f3 internacional per acabar amb ells?<\/strong><\/p>\n<p class=\"mce\">La directora del Fons Monetari Internacional va dir que el problema de les pensions era que els jubilats ara vivim molts anys, aix\u00ed que no m\u2019estranyaria. Potser va sent hora que fem <em class=\"mce\">lobbing<\/em> amb les farmac\u00e8utiques.<\/p>\n<p class=\"mce\">\n<\/div>\n<\/div>","protected":false},"excerpt":{"rendered":"<p>Demanarem als jubilats que votin per formacions pol\u00edtiques que defensen el sistema p\u00fablic de pensions\u201d \u201cEl que ha passat a Gr\u00e8cia amb Syriza ens ha desmuntat les mobilitzacions, almenys a mig termini\u201d \u201cNo es mantenen la Casa Real, l\u2019Esgl\u00e9sia Cat\u00f2lica i l\u2019Ex\u00e8rcit amb els Pressupostos Generals? Doncs amb m\u00e9s motius s\u2019han de mantenir les pensions\u201d&hellip;&nbsp;<a href=\"https:\/\/mareapensionista.org\/ca\/2021\/03\/07\/hem-de-fer-entendre-als-joves-que-la-pensio-no-es-un-regal\/\" class=\"\" rel=\"bookmark\">Read More &raquo;<span class=\"screen-reader-text\">Hem de fer entendre als joves que la pensi\u00f3 no \u00e9s un regal<\/span><\/a><\/p>","protected":false},"author":1,"featured_media":0,"comment_status":"open","ping_status":"open","sticky":false,"template":"","format":"standard","meta":{"neve_meta_sidebar":"","neve_meta_container":"","neve_meta_enable_content_width":"","neve_meta_content_width":0,"neve_meta_title_alignment":"","neve_meta_author_avatar":"","neve_post_elements_order":"","neve_meta_disable_header":"","neve_meta_disable_footer":"","neve_meta_disable_title":"","_ti_tpc_template_sync":false,"_ti_tpc_template_id":"","footnotes":""},"categories":[],"tags":[],"class_list":["post-797","post","type-post","status-publish","format-standard","hentry"],"_links":{"self":[{"href":"https:\/\/mareapensionista.org\/ca\/wp-json\/wp\/v2\/posts\/797","targetHints":{"allow":["GET"]}}],"collection":[{"href":"https:\/\/mareapensionista.org\/ca\/wp-json\/wp\/v2\/posts"}],"about":[{"href":"https:\/\/mareapensionista.org\/ca\/wp-json\/wp\/v2\/types\/post"}],"author":[{"embeddable":true,"href":"https:\/\/mareapensionista.org\/ca\/wp-json\/wp\/v2\/users\/1"}],"replies":[{"embeddable":true,"href":"https:\/\/mareapensionista.org\/ca\/wp-json\/wp\/v2\/comments?post=797"}],"version-history":[{"count":0,"href":"https:\/\/mareapensionista.org\/ca\/wp-json\/wp\/v2\/posts\/797\/revisions"}],"wp:attachment":[{"href":"https:\/\/mareapensionista.org\/ca\/wp-json\/wp\/v2\/media?parent=797"}],"wp:term":[{"taxonomy":"category","embeddable":true,"href":"https:\/\/mareapensionista.org\/ca\/wp-json\/wp\/v2\/categories?post=797"},{"taxonomy":"post_tag","embeddable":true,"href":"https:\/\/mareapensionista.org\/ca\/wp-json\/wp\/v2\/tags?post=797"}],"curies":[{"name":"wp","href":"https:\/\/api.w.org\/{rel}","templated":true}]}}