{"id":802,"date":"2021-03-07T07:50:11","date_gmt":"2021-03-07T07:50:11","guid":{"rendered":"https:\/\/mareapensionista.org\/2021\/03\/07\/los-expertos-calientan-el-debate-las-pensiones-bajaran-un-40-de-aqui-a-2050\/"},"modified":"2021-03-07T07:50:11","modified_gmt":"2021-03-07T07:50:11","slug":"los-expertos-calientan-el-debate-las-pensiones-bajaran-un-40-de-aqui-a-2050","status":"publish","type":"post","link":"https:\/\/mareapensionista.org\/ca\/2021\/03\/07\/los-expertos-calientan-el-debate-las-pensiones-bajaran-un-40-de-aqui-a-2050\/","title":{"rendered":"Los expertos calientan el debate: Las pensiones bajar\u00e1n un 40% de aqu\u00ed a 2050"},"content":{"rendered":"<div class=\"row-x100\">\n<div class=\"col-x100\">\n<h1 class=\"pg-bkn-headline\"><\/h1>\n<div class=\"inset-main\">\n<figure class=\"media-image r16-9\"><img loading=\"lazy\" decoding=\"async\" class=\"photo loaded\" src=\"http:\/\/images.vozpopuli.com\/2016\/11\/21\/politica\/Fatima-Banez_974012926_4600464_1020x574.jpg\" alt=\"F\u00e1tima B\u00e1\u00f1ez.\" width=\"1020\" height=\"574\" data-orig=\"http:\/\/images.vozpopuli.com\/2016\/11\/21\/politica\/Fatima-Banez_974012926_4600464_1020x574.jpg\" data-orig-dim=\"1020x574\" data-src=\"http:\/\/images.vozpopuli.com\/2016\/11\/21\/politica\/Fatima-Banez_974012926_4600464_1020x574.jpg\" \/><figcaption class=\"footnote\">F\u00e1tima B\u00e1\u00f1ez. <em class=\"source\">EFE<\/em><\/figcaption><\/figure>\n<\/div>\n<\/div>\n<\/div>\n<div class=\"row-x70-30 release-container\">\n<div class=\"col-x70\">\n<div class=\"metabar\">\n<footer class=\"pg-bkn-byline\">\n<address class=\"author-card-item author vcard\"><a class=\"url fn\" href=\"http:\/\/www.vozpopuli.com\/teresa_lazaro\/\"><span class=\"ico-b-author-image\"><img loading=\"lazy\" decoding=\"async\" src=\"http:\/\/www.vozpopuli.com\/2016\/11\/10\/TERE_LAZARO.png?hash=bb7b313473d1198fa2b39b97f1567dde410736d5\" alt=\"\" width=\"65\" height=\"65\" \/><\/span>TERESA L\u00c1ZARO<\/a><\/address>\n<address class=\"author-card-item author vcard\">\u00a0<\/address>\n<\/footer>\n<div class=\"release-container\">\n<p class=\"pg-bkn-dateline\"><time class=\"timestamp published updated\" datetime=\"2016-11-22T04:00\">22.11.2016 &#8211; 04:00<\/time><\/p>\n<div class=\"mce-body\">\n<p class=\"mce\">El <strong class=\"mce\">Pacto de Toledo<\/strong> arranca este martes sus trabajos para la esperada reforma de pensiones. La ministra de Empleo y Seguridad Social, F\u00e1tima B\u00e1\u00f1ez, ser\u00e1 la primera en desfilar por una Comisi\u00f3n que pretende trabajar a contrarreloj para plantear nuevas recomendaciones al Gobierno en primavera. Y mientras los expertos calientan el debate. El \u00faltimo ha sido el catedr\u00e1tico Santos Ruesga, uno de los expertos que ha participado en los grupos de trabajo previos a la \u00faltima reforma y que previsiblemente pasar\u00e1 por el Congreso para dar su opini\u00f3n. Ruesga ha enviado un mensaje muy claro: <strong class=\"mce\">las pensiones bajar\u00e1n un 40%<\/strong> de aqu\u00ed al a\u00f1o 2050 si no se mejoran los ingresos.<\/p>\n<div class=\"inset-R-w3\">\n<aside class=\"rel-more-info\">\n<h1 class=\"m-title-2\">M\u00c1S <abbr title=\"Informaci\u00f3n\">INFO<\/abbr><\/h1>\n<ul>\n<li class=\"item\">\n<figure class=\"media-image r4-3x2\"><img loading=\"lazy\" decoding=\"async\" class=\"photo loaded\" src=\"http:\/\/images.vozpopuli.com\/2016\/11\/01\/politica\/Fatima-Banez_968013362_4300747_470x352.jpg\" alt=\"F\u00e1tima B\u00e1\u00f1ez\" width=\"235\" height=\"176\" data-orig=\"http:\/\/images.vozpopuli.com\/2016\/11\/01\/politica\/Fatima-Banez_968013362_4300747_470x352.jpg\" data-orig-dim=\"470x352\" data-src=\"http:\/\/images.vozpopuli.com\/2016\/11\/01\/politica\/Fatima-Banez_968013362_4300747_470x352.jpg\" \/><a class=\"oop-link\" href=\"http:\/\/www.vozpopuli.com\/economia-y-finanzas\/PSOE-blindar-pensiones-evitar-PP_0_971003392.html\">El PSOE quiere blindar la \u2018hucha de las pensiones\u2019 para que el PP no la vac\u00ede en 2017<\/a><\/figure>\n<h2 class=\"headline\"><a class=\"lnk\" href=\"http:\/\/www.vozpopuli.com\/economia-y-finanzas\/PSOE-blindar-pensiones-evitar-PP_0_971003392.html\">El PSOE quiere blindar la \u2018hucha de las pensiones\u2019 para que el PP no la vac\u00ede en 2017<\/a><\/h2>\n<\/li>\n<li class=\"item\">\n<p class=\"kicker\"><a class=\"lnk lnk\" title=\"ECONOM\u00cdA\" href=\"http:\/\/www.vozpopuli.com\/tag\/economia\/\">ECONOM\u00cdA<\/a><\/p>\n<h2 class=\"headline\"><a class=\"lnk\" href=\"http:\/\/www.vozpopuli.com\/economia-y-finanzas\/economicos-Gobierno-consolidacion-financiacion-pensiones_0_967703579.html\">Los grandes retos econ\u00f3micos del nuevo Gobierno: El d\u00e9ficit, las pensiones, el empleo y la financiaci\u00f3n auton\u00f3mica<\/a><\/h2>\n<\/li>\n<li class=\"item\">\n<p class=\"kicker\"><a class=\"lnk lnk\" title=\"C\u00edrculo de empresarios\" href=\"http:\/\/www.vozpopuli.com\/tag\/circulo_de_empresarios\/\">C\u00cdRCULO DE EMPRESARIOS<\/a><\/p>\n<h2 class=\"headline\"><a class=\"lnk\" href=\"http:\/\/www.vozpopuli.com\/economia-y-finanzas\/Circulo-Empresarios-jubilacion-prestaciones-capitalizacion_0_965903912.html\">Los empresarios piden elevar la edad de jubilaci\u00f3n y bajar prestaciones<\/a><\/h2>\n<\/li>\n<\/ul>\n<\/aside>\n<\/div>\n<p class=\"mce\">\u00bfPor qu\u00e9 esta rebaja tan fuerte? Por las \u00faltimas reformas. El gasto actual de las pensiones ronda el 10,4% del PIB y, en la memoria econ\u00f3mica que se present\u00f3 junto a la reforma del a\u00f1o 2013, el Gobierno de <strong class=\"mce\">Mariano Rajoy<\/strong> plante\u00f3 que esta variable se mantendr\u00eda en el entorno del 10% en el a\u00f1o 2050. Teniendo en cuenta que el n\u00famero de jubilados va a aumentar considerablemente y que se va a reducir la fuerza laboral, har\u00e1 falta una rebaja fuerte de las prestaciones para mantener ese <strong class=\"mce\">nivel de gasto<\/strong>. Y es que <a class=\"mce\" href=\"http:\/\/www.vozpopuli.com\/actualidad\/nacional\/Espana-perdera-millones-habitantes-anos_0_964403702.html\">las previsiones demogr\u00e1ficas<\/a>\u00a0son demoledoras para el sistema. El INE estima que el porcentaje de poblaci\u00f3n de 65 a\u00f1os y m\u00e1s, que actualmente se sit\u00faa en el 18,7%, alcanzar\u00e1 el 25,6% en 2031 y el 34,6% en 2066.<\/p>\n<p class=\"mce\">Adem\u00e1s, las pensiones del futuro ser\u00e1n cada vez m\u00e1s elevadas y la natalidad seguir\u00e1 sin remontar. Es decir, m\u00e1s pensiones, m\u00e1s altas y <strong class=\"mce\">menos fuerza laboral<\/strong> para financiarlas. Pero, para Sesgo, el problema no es solo demogr\u00e1fico. Adem\u00e1s del dif\u00edcil panorama que dibuja el envejecimiento de la poblaci\u00f3n, el sistema sufre un problema econ\u00f3mico que tambi\u00e9n le est\u00e1 pasando factura: el tipo de crecimiento que est\u00e1 generando Espa\u00f1a, que influye mucho en la <strong class=\"mce\">calidad del empleo<\/strong>, la productividad y el nivel de salarios, variables fundamentales para las cotizaciones de las que se nutre el sistema de pensiones.<\/p>\n<blockquote class=\"mce-pullquote\"><p>Las dos \u00faltimas\u00a0reformas se centraron en recortar los gastos y garantizan el descenso de las prestaciones en el largo plazo<\/p><\/blockquote>\n<p class=\"mce\">Gran parte de la rebaja de las prestaciones ya est\u00e1 asegurada con las <strong class=\"mce\">\u00faltimas reformas<\/strong>, que se concentraron en recortar el gasto del sistema sin intentar mejorar los ingresos. La primera, fundamentalmente, elev\u00f3 la <strong class=\"mce\">edad legal de jubilaci\u00f3n<\/strong> y alarg\u00f3 el periodo de c\u00e1lculo que se utiliza para calcular la prestaci\u00f3n. La segunda se centr\u00f3 en la creaci\u00f3n de una nueva f\u00f3rmula de revalorizaci\u00f3n que desvinculaba las pensiones del IPC y en el desarrollo del <strong class=\"mce\">factor de sostenibilidad<\/strong>, que introduce un nuevo factor para calcular la pensi\u00f3n: el aumento de la esperanza de vida.<\/p>\n<p class=\"mce\">Todas estas reformas har\u00e1n que las prestaciones bajen mucho si no se hace nada para evitarlo. Un 40%, seg\u00fan Ruesga. Y as\u00ed, la <strong class=\"mce\">tasa de sustituci\u00f3n<\/strong> de las pensiones (la cantidad de pensi\u00f3n que se cobra en comparaci\u00f3n con el \u00faltimo salario), que actualmente ronda el 80%, tambi\u00e9n lo har\u00e1. Seg\u00fan el catedr\u00e1tico, esta tasa de sustituci\u00f3n es mucho menor si se atiende al sueldo medio (unos 2.000 euros) y la pensi\u00f3n media (unos 1.000 euros). De hecho, se queda en el 50%. Y tras las reformas, se quedar\u00e1 por debajo del 30%<\/p>\n<p class=\"mce\">En este contexto, Ruesga est\u00e1 convencido de que las propuestas del <strong class=\"mce\">Pacto de Toledo<\/strong> y la reforma del Gobierno tienen que ir por la v\u00eda de los ingresos para evitar que las prestaciones bajen tanto. Adem\u00e1s, hay que actuar por los ingresos porque la presi\u00f3n fiscal espa\u00f1ola es baja en comparaci\u00f3n con la de otros pa\u00edses, igual que lo es el gasto en general y el gasto en pensiones en particular. \u201cHay margen para avanzar en mecanismos de recaudaci\u00f3n que permitan acercarse al equilibrio en el a\u00f1o 2050\u201d, ha dicho en unas jornadas sobre pensiones organizadas por la Embajada de Francia en Espa\u00f1a.<\/p>\n<blockquote class=\"mce-pullquote\"><p>El\u00a0Gobierno quiere apostar por m\u00e1s incentivos para prolongar la vida\u00a0laboral<\/p><\/blockquote>\n<p class=\"mce\">En las jornadas tambi\u00e9n ha participado el secretario de Estado de Seguridad Social, <strong class=\"mce\">Tom\u00e1s Burgos<\/strong>, que, por el contrario, ha defendido la necesidad de seguir apostando por desarrollar m\u00e1s los incentivos a la prolongaci\u00f3n de la vida laboral. Adem\u00e1s, ha defendido con rotundidad las reformas que se han hecho hasta ahora al asegurar que hay que profundizar y respetar las \u201cmedidas del pasado\u201d, seguir racionalizando el gasto, mejorando los ingresos y luchar contra el empleo irregular. \u00abAunque queda mucho por hacer, las reformas que se han hecho en los \u00faltimos a\u00f1os han sido positivas\u00bb, ha indicado.<\/p>\n<p class=\"mce\">El economista y dem\u00f3grafo G\u00e9rard-Fran\u00e7ois Dumont ha centrado su intervenci\u00f3n en la necesidad de impulsar las <strong class=\"mce\">pol\u00edticas familiares<\/strong> para mejorar la natalidad en Espa\u00f1a. A su parecer, algunos pa\u00edses creen err\u00f3neamente que estas medidas no tienen efectos en los sistemas de pensiones, pero en Francia est\u00e1n funcionando muy bien y est\u00e1n haciendo que el pa\u00eds tenga una de las mejores tasas de natalidad del mundo. \u201cNo solo hay que pensar en las pol\u00edticas econ\u00f3micas y financieras\u201d, ha dicho.<\/p>\n<blockquote class=\"mce-pullquote\"><p>Valeriano G\u00f3mez dice que\u00a0la calidad del empleo est\u00e1 impidiendo que se recuperen los ingresos del sistema<\/p><\/blockquote>\n<p class=\"mce\">El que fuera ministro de Trabajo en el Gobierno de Jos\u00e9 Luis Rodr\u00edguez Zapatero, <strong class=\"mce\">Valeriano G\u00f3mez<\/strong>, ha denunciado el efecto que est\u00e1 generando el empleo de baja calidad en el sistema, que est\u00e1 provocando que los ingresos sigan 5.000 millones por debajo de los que hab\u00eda en 2011, a pesar de que ya hay m\u00e1s afiliados al sistema. \u00abEl empleo no est\u00e1 siendo suficiente\u201d, ha dicho, tras denunciar que la devaluaci\u00f3n salarial es uno de los grandes problemas del agujero en estos momentos.<\/p>\n<p class=\"mce\">En cambio, <strong class=\"mce\">Jos\u00e9 Ignacio Ech\u00e1niz<\/strong>, portavoz \u2018popular\u2019 en la Comisi\u00f3n de Empleo, ha centrado su intervenci\u00f3n en la necesidad de seguir apostando por el empleo, como lo est\u00e1 haciendo el Gobierno, porque es la mejor medida para garantizar la sostenibilidad de las pensiones en el futuro, mientras que <strong class=\"mce\">Mar\u00eda del Carmen Barrera<\/strong> (UGT) ha denunciado la precariedad del modelo de empleo del PP y ha pedido m\u00e1s calidad y m\u00e1s impuestos para financiar el sistema.<\/p>\n<p class=\"mce\">En lo que coinciden todos es en que el Pacto de Toledo tiene que trabajar sin descanso para poder presentar unas <strong class=\"mce\">recomendaciones consensuadas<\/strong>entre todos los partidos y los agentes sociales y econ\u00f3micos. La reforma de pensiones no puede esperar, y el Gobierno tiene que ponerse a trabajar cuanto antes en ella. Y si lo hace sobre unas recomendaciones que cuenten con el visto bueno de todos, el trabajo ser\u00e1 m\u00e1s sencillo y m\u00e1s r\u00e1pido. Eso s\u00ed, lo del consenso no ser\u00e1 sencillo.<\/p>\n<\/div>\n<\/div>\n<\/div>\n<\/div>\n<\/div>","protected":false},"excerpt":{"rendered":"<p>F\u00e1tima B\u00e1\u00f1ez. EFE TERESA L\u00c1ZARO \u00a0 22.11.2016 &#8211; 04:00 El Pacto de Toledo arranca este martes sus trabajos para la esperada reforma de pensiones. La ministra de Empleo y Seguridad Social, F\u00e1tima B\u00e1\u00f1ez, ser\u00e1 la primera en desfilar por una Comisi\u00f3n que pretende trabajar a contrarreloj para plantear nuevas recomendaciones al Gobierno en primavera. Y&hellip;&nbsp;<a href=\"https:\/\/mareapensionista.org\/ca\/2021\/03\/07\/los-expertos-calientan-el-debate-las-pensiones-bajaran-un-40-de-aqui-a-2050\/\" class=\"\" rel=\"bookmark\">Read More &raquo;<span class=\"screen-reader-text\">Los expertos calientan el debate: Las pensiones bajar\u00e1n un 40% de aqu\u00ed a 2050<\/span><\/a><\/p>","protected":false},"author":1,"featured_media":0,"comment_status":"open","ping_status":"open","sticky":false,"template":"","format":"standard","meta":{"neve_meta_sidebar":"","neve_meta_container":"","neve_meta_enable_content_width":"","neve_meta_content_width":0,"neve_meta_title_alignment":"","neve_meta_author_avatar":"","neve_post_elements_order":"","neve_meta_disable_header":"","neve_meta_disable_footer":"","neve_meta_disable_title":"","_ti_tpc_template_sync":false,"_ti_tpc_template_id":"","footnotes":""},"categories":[],"tags":[],"class_list":["post-802","post","type-post","status-publish","format-standard","hentry"],"_links":{"self":[{"href":"https:\/\/mareapensionista.org\/ca\/wp-json\/wp\/v2\/posts\/802","targetHints":{"allow":["GET"]}}],"collection":[{"href":"https:\/\/mareapensionista.org\/ca\/wp-json\/wp\/v2\/posts"}],"about":[{"href":"https:\/\/mareapensionista.org\/ca\/wp-json\/wp\/v2\/types\/post"}],"author":[{"embeddable":true,"href":"https:\/\/mareapensionista.org\/ca\/wp-json\/wp\/v2\/users\/1"}],"replies":[{"embeddable":true,"href":"https:\/\/mareapensionista.org\/ca\/wp-json\/wp\/v2\/comments?post=802"}],"version-history":[{"count":0,"href":"https:\/\/mareapensionista.org\/ca\/wp-json\/wp\/v2\/posts\/802\/revisions"}],"wp:attachment":[{"href":"https:\/\/mareapensionista.org\/ca\/wp-json\/wp\/v2\/media?parent=802"}],"wp:term":[{"taxonomy":"category","embeddable":true,"href":"https:\/\/mareapensionista.org\/ca\/wp-json\/wp\/v2\/categories?post=802"},{"taxonomy":"post_tag","embeddable":true,"href":"https:\/\/mareapensionista.org\/ca\/wp-json\/wp\/v2\/tags?post=802"}],"curies":[{"name":"wp","href":"https:\/\/api.w.org\/{rel}","templated":true}]}}