{"id":814,"date":"2021-03-07T07:50:12","date_gmt":"2021-03-07T07:50:12","guid":{"rendered":"https:\/\/mareapensionista.org\/2021\/03\/07\/el-futuro-de-las-pensiones-como-nos-enganan\/"},"modified":"2021-03-07T07:50:12","modified_gmt":"2021-03-07T07:50:12","slug":"el-futuro-de-las-pensiones-como-nos-enganan","status":"publish","type":"post","link":"https:\/\/mareapensionista.org\/ca\/2021\/03\/07\/el-futuro-de-las-pensiones-como-nos-enganan\/","title":{"rendered":"El futuro de las pensiones: \u00a1c\u00f3mo nos enga\u00f1an!"},"content":{"rendered":"<h1 class=\"pg-bkn-headline entry-title\">El futuro de las pensiones: \u00a1c\u00f3mo nos enga\u00f1an!<\/h1>\n<p class=\"pg-bkn-standfirst entry-summary\">Remediar el estancamiento de los salarios y la desigualdad salarial, unido a un crecimiento de la productividad son partes intr\u00ednsecas que permitir\u00edan solucionar los problemas de las pensiones p\u00fablicas bajo el sistema de reparto, sin necesidad de acudir a sistemas financiados y a sus efectos perversos.<\/p>\n<div class=\"row-x70-30 release-container\">\n<div class=\"col-x70\">\n<div class=\"inset-main\">\n<figure class=\"media-image r16-9\"><img loading=\"lazy\" decoding=\"async\" class=\"photo loaded\" src=\"http:\/\/images.vozpopuli.com\/2016\/12\/21\/desde_la_heterodoxia\/Pareja-jubilados_983011956_5057555_660x371.jpg\" alt=\"Pareja de jubilados.\" width=\"660\" height=\"371\" data-orig=\"http:\/\/images.vozpopuli.com\/2016\/12\/21\/desde_la_heterodoxia\/Pareja-jubilados_983011956_5057555_660x371.jpg\" data-orig-dim=\"660x371\" data-src=\"http:\/\/images.vozpopuli.com\/2016\/12\/21\/desde_la_heterodoxia\/Pareja-jubilados_983011956_5057555_660x371.jpg\" \/><figcaption class=\"footnote\">Pareja de jubilados. <em class=\"source\">Fede Racchi<\/em><\/figcaption><\/figure>\n<\/div>\n<div class=\"metabar\">\n<footer class=\"pg-bkn-byline\">\n<address class=\"author-card-item author vcard\"><a class=\"url fn\" href=\"http:\/\/www.vozpopuli.com\/j-_laborda\/\"><span class=\"ico-b-author-image\"><img loading=\"lazy\" decoding=\"async\" src=\"http:\/\/www.vozpopuli.com\/2016\/11\/10\/LABORDA.png?hash=1b6a49e7db2a30067eb0a596ea68d8fefc709a94\" alt=\"\" width=\"65\" height=\"65\" \/><\/span>JUAN LABORDA<\/a><\/address>\n<\/footer>\n<div class=\"release-container\">\n<p class=\"pg-bkn-dateline\"><time class=\"timestamp published updated\" datetime=\"2016-12-22T04:00\">22.12.2016 &#8211; 04:00<\/time><\/p>\n<div class=\"mce-body entry-content\">\n<p class=\"mce\">La controversia sobre el fondo de reserva de las pensiones, otra puesta en escena de esa interminable obra de teatro en que se ha convertido las diatribas pol\u00edticas entre PP y PSOE, al m\u00e1s puro estilo del barroco espa\u00f1ol. Un parip\u00e9. Todo es apariencia, nada es lo que parece. Es un absurdo <strong class=\"mce\">pretender que un fondo de reserva pague las pensiones futuras.<\/strong> Y ambos lo sab\u00edan, o deber\u00edan saberlo. Como se ha demostrado, las pensiones futuras no dependen de que se haya dotado un fondo de reserva en el pasado, <strong class=\"mce\">sino de que se obtengan excedentes reales en cada momento<\/strong><strong class=\"mce\">.<\/strong> Si dichos excedentes no existen, o no son suficientes, obviamente el fondo de reserva durar\u00e1 lo que tenga que durar, se ir\u00e1 vaciando. Y eso es lo que ha pasado. A\u00f1adan a ello el fiasco de los esquemas de pensiones privados, y que de manera tan generosa ambos partidos fueron incentivando fiscalmente, sin preocuparse en absoluto de los problemas reales asociados al actual sistema de pensiones p\u00fablico de reparto.<\/p>\n<blockquote class=\"mce-pullquote\"><p>El dise\u00f1o del fondo de reserva supone una restricci\u00f3n sobre el gasto p\u00fablico que obliga al Estado a gastar menos de lo que podr\u00eda o deber\u00eda<\/p><\/blockquote>\n<p class=\"mce\">Pero el problema subyacente al fondo de reserva es todav\u00eda m\u00e1s surrealista. El dise\u00f1o del fondo de reserva supone una restricci\u00f3n sobre el gasto p\u00fablico que obliga al Estado a gastar menos de lo que podr\u00eda o deber\u00eda. Forma parte de ese acuerdo t\u00e1cito entre las \u00e9lites patrias y for\u00e1neas de repudiar la pol\u00edtica fiscal. Manda narices que unos bancos alemanes y su gobierno, que hab\u00edan jugado al casino de la burbuja inmobiliaria hispana, acabaran imponi\u00e9ndonos constitucionalmente una estabilidad presupuestaria absurda. Pero las \u00e9lites econ\u00f3micas y pol\u00edticas patrias no alzaron su voz. Al rev\u00e9s, aprovecharon la ocasi\u00f3n para intentar eliminar la herramienta de pol\u00edtica econ\u00f3mica m\u00e1s efectiva, la pol\u00edtica fiscal. Pero al final, por razones estrictamente pol\u00edticas, y viendo los efectos perversos de la austeridad, levantaron el pi\u00e9 del acelerador. De ah\u00ed el crecimiento econ\u00f3mico desde la segunda mitad de 2014.<\/p>\n<h2 class=\"mce\">Los argumentos econ\u00f3micos de PP-PSOE, alarmantes<\/h2>\n<p class=\"mce\">Por eso resultan profundamente alarmantes los argumentos econ\u00f3micos del otrora principal partido de la oposici\u00f3n -ya no lo es-. Muestran, por un lado, un desconocimiento todav\u00eda m\u00e1s atrevido que el del actual ejecutivo del PP. Por otro, reflejan un alejamiento cada vez mayor de las ideas que manan de aquellas escuelas econ\u00f3micas que en la actualidad est\u00e1n dotando de contenido al paradigma alternativo a un neoliberalismo en crisis. Sin duda es un reflejo m\u00e1s de la profunda crisis de la socialdemocracia.<\/p>\n<p class=\"mce\">Al menos el actual secretario de Estado de Presupuestos y Gastos, Alberto Nadal, reconoce que el Fondo de Reserva se agota, lo cual es evidente, y que cuando desaparezca, \u00abel sistema seguir\u00eda garantizado porque habr\u00eda transferencias desde los Presupuestos al sistema de la Seguridad Social\u00bb. El problema es que su soluci\u00f3n, en ausencia de soberan\u00eda monetaria, genera m\u00e1s deuda soberana sin crear excedentes reales.<\/p>\n<p class=\"mce\">Cuando se analiza la sostenibilidad de las pensiones de reparto, en realidad nos enfrentamos a restricciones reales y no financieras. Es la productividad de los multifactores, es decir, del capital y del trabajo, la que permite generar los suficientes excedentes para atender a las personas dependientes. Pero si la producci\u00f3n real cae, bien porque disminuye la poblaci\u00f3n trabajadora, bien porque caiga su productividad, no se generaran tales excedentes. En este caso o se esquilma a\u00fan m\u00e1s al factor trabajo o se obliga a las personas en edad de jubilaci\u00f3n a seguir trabajando.<\/p>\n<blockquote class=\"mce-pullquote\"><p>Es en los pa\u00edses donde predominan los sistemas de pensiones de capitalizaci\u00f3n donde se est\u00e1 observando una din\u00e1mica preocupante en sus mercados laborales<\/p><\/blockquote>\n<p class=\"mce\">Resulta muy curioso observar, en este contexto, el fracaso m\u00e1s absoluto en aquellos pa\u00edses donde predominan los esquemas de pensiones privados -Chile y Estados Unidos-. Algunos de esos fondos de pensiones que se ocupan de las prestaciones de jubilaci\u00f3n para colectivos de trabajadores espec\u00edficos empiezan a presentar solicitudes para recortar los beneficios de sus part\u00edcipes. Y es en los pa\u00edses donde predominan los sistemas de pensiones de capitalizaci\u00f3n donde se est\u00e1 observando una din\u00e1mica preocupante en sus mercados laborales. Muchos trabajadores deber\u00edan estar disfrutando de la jubilaci\u00f3n, pero la situaci\u00f3n les obliga y, sobretodo, les obligar\u00e1, a continuar en el mercado laboral para complementar sus menguantes pensiones futuras, por debajo de lo inicialmente esperado.<\/p>\n<h2 class=\"mce\">La falacia de la competitividad v\u00eda devaluaci\u00f3n salarial<\/h2>\n<p class=\"mce\">De este an\u00e1lisis surgen dos reflexiones inmediatas. El hilo argumental del gobierno y sus adl\u00e1teres es que ante la imposibilidad de recurrir a una devaluaci\u00f3n cambiaria solo cabe afianzar la competitividad en precio de los productos espa\u00f1oles, conteniendo el alza de los salarios y aumentando la productividad. Por lo tanto, argumentan, que gracias a sus pol\u00edticas de oferta las empresas espa\u00f1olas son m\u00e1s competitivas, exportan m\u00e1s, y el sector exterior es nuestra tabla de salvaci\u00f3n. Sin embargo, no es cierto. La raz\u00f3n real del incremento de las exportaciones durante la crisis fue el hundimiento brutal de la demanda interna y la necesidad de nuestras empresas, haciendo de \u00e9sta virtud, de buscarse la vida allende nuestras fronteras. Pero es que adem\u00e1s, Espa\u00f1a jam\u00e1s perdi\u00f3 competitividad en las \u00faltimas dos d\u00e9cadas. Junto con Alemania el nuestro era el \u00fanico pa\u00eds que en los \u00faltimos 20 a\u00f1os mantuvo e increment\u00f3 su cuota de exportaciones, ya no solo por margen intensivo, sino tambi\u00e9n por aumentos en el margen extensivo, la exportaci\u00f3n de nuevos productos y hacia nuevos destinos. Siempre confundieron productividad aparente del trabajo con competitividad. Espa\u00f1a ten\u00eda una baja productividad por que el modelo de crecimiento propuesto por las \u00e9lites patrias \u2013pol\u00edticas, financieras, inmobiliarias, y oligopolistas- era intensivo en mano de obra, pero muy lucrativo para ellas.<\/p>\n<blockquote class=\"mce-pullquote\"><p>La soluci\u00f3n pasa por revertir la fracasada hoja de ruta neoliberal<\/p><\/blockquote>\n<p class=\"mce\">En realidad, los problemas asociados al actual sistema de pensiones p\u00fablico de reparto, y que se deber\u00edan atacar, son otros: el estancamiento del crecimiento de los salarios, la desigual distribuci\u00f3n de la renta, la ca\u00edda de la productividad y la pir\u00e1mide poblacional invertida. La soluci\u00f3n pasa por revertir la fracasada hoja de ruta neoliberal. Remediar el estancamiento de los salarios y la desigualdad salarial, unido a un crecimiento de la productividad son partes intr\u00ednsecas que permitir\u00edan solucionar los problemas de las pensiones p\u00fablicas bajo el sistema de reparto, sin necesidad de acudir a sistemas financiados y a sus efectos perversos. Y para ello son fundamentales las pol\u00edticas fiscales e industriales, ambas de la mano, exactamente aquellas que los distintos gobiernos del PP y del PSOE fueron desmontando a favor de especuladores y rentistas. Por eso resulta llamativo observar como a ambos partidos parece que les da igual la p\u00e9rdida inexorable de la propiedad patria de la industria exportadora espa\u00f1ola, tal como ya venimos denunciando desde estas l\u00edneas.<\/p>\n<p class=\"mce\">En el fondo lo que subyace es pura estrategia pol\u00edtica. C\u00f3mo garantizarse el voto de los pensionistas, cada d\u00eda m\u00e1s importante en t\u00e9rminos absolutos y relativos, aunque sea a costa de destrozar el futuro de los j\u00f3venes de este pa\u00eds. Lo dicho, \u00a1puro teatro del barroco!, \u00a1c\u00f3mo nos enga\u00f1an!<\/p>\n<\/div>\n<\/div>\n<\/div>\n<\/div>\n<\/div>","protected":false},"excerpt":{"rendered":"<p>El futuro de las pensiones: \u00a1c\u00f3mo nos enga\u00f1an! Remediar el estancamiento de los salarios y la desigualdad salarial, unido a un crecimiento de la productividad son partes intr\u00ednsecas que permitir\u00edan solucionar los problemas de las pensiones p\u00fablicas bajo el sistema de reparto, sin necesidad de acudir a sistemas financiados y a sus efectos perversos. Pareja&hellip;&nbsp;<a href=\"https:\/\/mareapensionista.org\/ca\/2021\/03\/07\/el-futuro-de-las-pensiones-como-nos-enganan\/\" class=\"\" rel=\"bookmark\">Read More &raquo;<span class=\"screen-reader-text\">El futuro de las pensiones: \u00a1c\u00f3mo nos enga\u00f1an!<\/span><\/a><\/p>","protected":false},"author":1,"featured_media":0,"comment_status":"open","ping_status":"open","sticky":false,"template":"","format":"standard","meta":{"neve_meta_sidebar":"","neve_meta_container":"","neve_meta_enable_content_width":"","neve_meta_content_width":0,"neve_meta_title_alignment":"","neve_meta_author_avatar":"","neve_post_elements_order":"","neve_meta_disable_header":"","neve_meta_disable_footer":"","neve_meta_disable_title":"","_ti_tpc_template_sync":false,"_ti_tpc_template_id":"","footnotes":""},"categories":[],"tags":[],"class_list":["post-814","post","type-post","status-publish","format-standard","hentry"],"_links":{"self":[{"href":"https:\/\/mareapensionista.org\/ca\/wp-json\/wp\/v2\/posts\/814","targetHints":{"allow":["GET"]}}],"collection":[{"href":"https:\/\/mareapensionista.org\/ca\/wp-json\/wp\/v2\/posts"}],"about":[{"href":"https:\/\/mareapensionista.org\/ca\/wp-json\/wp\/v2\/types\/post"}],"author":[{"embeddable":true,"href":"https:\/\/mareapensionista.org\/ca\/wp-json\/wp\/v2\/users\/1"}],"replies":[{"embeddable":true,"href":"https:\/\/mareapensionista.org\/ca\/wp-json\/wp\/v2\/comments?post=814"}],"version-history":[{"count":0,"href":"https:\/\/mareapensionista.org\/ca\/wp-json\/wp\/v2\/posts\/814\/revisions"}],"wp:attachment":[{"href":"https:\/\/mareapensionista.org\/ca\/wp-json\/wp\/v2\/media?parent=814"}],"wp:term":[{"taxonomy":"category","embeddable":true,"href":"https:\/\/mareapensionista.org\/ca\/wp-json\/wp\/v2\/categories?post=814"},{"taxonomy":"post_tag","embeddable":true,"href":"https:\/\/mareapensionista.org\/ca\/wp-json\/wp\/v2\/tags?post=814"}],"curies":[{"name":"wp","href":"https:\/\/api.w.org\/{rel}","templated":true}]}}