{"id":848,"date":"2021-03-07T07:50:13","date_gmt":"2021-03-07T07:50:13","guid":{"rendered":"https:\/\/mareapensionista.org\/2021\/03\/07\/poesia-dedicada-a-la-marea-pensionista-en-su-cuarto-aniversario-de-ramiro-perea-con-carino-a-todas-las-mujeres-y-hombres-de-la-marea-pensionista\/"},"modified":"2021-03-07T07:50:13","modified_gmt":"2021-03-07T07:50:13","slug":"poesia-dedicada-a-la-marea-pensionista-en-su-cuarto-aniversario-de-ramiro-perea-con-carino-a-todas-las-mujeres-y-hombres-de-la-marea-pensionista","status":"publish","type":"post","link":"https:\/\/mareapensionista.org\/ca\/2021\/03\/07\/poesia-dedicada-a-la-marea-pensionista-en-su-cuarto-aniversario-de-ramiro-perea-con-carino-a-todas-las-mujeres-y-hombres-de-la-marea-pensionista\/","title":{"rendered":"Poes\u00eda dedicada a la MAREA PENSIONISTA en su cuarto aniversario. De Ramiro Perea con cari\u00f1o a todas las mujeres y hombres de la  MAREA PENSIONISTA"},"content":{"rendered":"<p>Poes\u00eda dedicada a la MAREA PENSIONISTA en su cuarto aniversario<\/p>\n<p>Movimiento salidos unos del 15m, otros de los barrios con historia de lucha<br \/>\ny el resto mujeres<span class=\"text_exposed_show\"> y hombres que vivieran las luchas antifranquistas.<br \/>\nNos unimos y andamos. Sin prisas, pues queremos ir muy lejos.<br \/>\nNos espera un destino, que ser\u00e1 un nuevo principio.<\/span><\/p>\n<div class=\"text_exposed_show\">\n<p>Caminamos poco a poco,<br \/>\npues vamos a contracorriente de un mundo anclado en sus descalabros.<br \/>\nPaso a paso, sin pausa, por esta senda de las transformaciones sociales.<br \/>\nDe un mundo nuevo que se agita en nuestras cabezas<br \/>\ny se construye desde nuestros corazones.<\/p>\n<p>Avanzamos. Con sentir n\u00f3mada, empujados por el viento de la libertad<br \/>\nque agita los tormentos de un mundo acorralado por el miedo.<br \/>\nPor esa angustia, por esa violencia, por ese chantaje a la vida con que amenazan<br \/>\nnuestros cuerpos : la subordinaci\u00f3n voluntaria o el l\u00e1tigo del lacayo.<br \/>\nCon sus perros y sus rabias; con sus c\u00e1rceles y sus jueces;<br \/>\ncon esa Justicia de la Injusticia. All\u00e1 vamos.<\/p>\n<p>Pues no tenemos m\u00e1s que nuestra vida y nuestro camino.<br \/>\nY la queremos como nunca nos la hab\u00e9is vendido :<br \/>\nLibre, sin vuestros privilegios, sin nuestras cadenas.<br \/>\nVivida entre todos los que hemos tomado este rumbo,<br \/>\npues no queremos m\u00e1s que otro mundo.<\/p>\n<p>Caminamos empujados por la solidaridad de todo el grupo.<br \/>\nSin patr\u00f3n ni jerarqu\u00eda y por eso nos pusimos en marcha hace ya cuatro a\u00f1os,<br \/>\nporque creemos y queremos otro mundo mejor para nuestros hijos y nietos.<\/p>\n<p>De Ramiro Perea con cari\u00f1o a todas las mujeres y hombres de la<br \/>\nMAREA PENSIONISTA<\/p>\n<\/div>","protected":false},"excerpt":{"rendered":"<p>Poes\u00eda dedicada a la MAREA PENSIONISTA en su cuarto aniversario Movimiento salidos unos del 15m, otros de los barrios con historia de lucha y el resto mujeres y hombres que vivieran las luchas antifranquistas. Nos unimos y andamos. Sin prisas, pues queremos ir muy lejos. Nos espera un destino, que ser\u00e1 un nuevo principio. Caminamos&hellip;&nbsp;<a href=\"https:\/\/mareapensionista.org\/ca\/2021\/03\/07\/poesia-dedicada-a-la-marea-pensionista-en-su-cuarto-aniversario-de-ramiro-perea-con-carino-a-todas-las-mujeres-y-hombres-de-la-marea-pensionista\/\" class=\"\" rel=\"bookmark\">Read More &raquo;<span class=\"screen-reader-text\">Poes\u00eda dedicada a la MAREA PENSIONISTA en su cuarto aniversario. De Ramiro Perea con cari\u00f1o a todas las mujeres y hombres de la  MAREA PENSIONISTA<\/span><\/a><\/p>","protected":false},"author":1,"featured_media":0,"comment_status":"open","ping_status":"open","sticky":false,"template":"","format":"standard","meta":{"neve_meta_sidebar":"","neve_meta_container":"","neve_meta_enable_content_width":"","neve_meta_content_width":0,"neve_meta_title_alignment":"","neve_meta_author_avatar":"","neve_post_elements_order":"","neve_meta_disable_header":"","neve_meta_disable_footer":"","neve_meta_disable_title":"","_ti_tpc_template_sync":false,"_ti_tpc_template_id":"","footnotes":""},"categories":[],"tags":[],"class_list":["post-848","post","type-post","status-publish","format-standard","hentry"],"_links":{"self":[{"href":"https:\/\/mareapensionista.org\/ca\/wp-json\/wp\/v2\/posts\/848","targetHints":{"allow":["GET"]}}],"collection":[{"href":"https:\/\/mareapensionista.org\/ca\/wp-json\/wp\/v2\/posts"}],"about":[{"href":"https:\/\/mareapensionista.org\/ca\/wp-json\/wp\/v2\/types\/post"}],"author":[{"embeddable":true,"href":"https:\/\/mareapensionista.org\/ca\/wp-json\/wp\/v2\/users\/1"}],"replies":[{"embeddable":true,"href":"https:\/\/mareapensionista.org\/ca\/wp-json\/wp\/v2\/comments?post=848"}],"version-history":[{"count":0,"href":"https:\/\/mareapensionista.org\/ca\/wp-json\/wp\/v2\/posts\/848\/revisions"}],"wp:attachment":[{"href":"https:\/\/mareapensionista.org\/ca\/wp-json\/wp\/v2\/media?parent=848"}],"wp:term":[{"taxonomy":"category","embeddable":true,"href":"https:\/\/mareapensionista.org\/ca\/wp-json\/wp\/v2\/categories?post=848"},{"taxonomy":"post_tag","embeddable":true,"href":"https:\/\/mareapensionista.org\/ca\/wp-json\/wp\/v2\/tags?post=848"}],"curies":[{"name":"wp","href":"https:\/\/api.w.org\/{rel}","templated":true}]}}