{"id":849,"date":"2021-03-07T07:50:13","date_gmt":"2021-03-07T07:50:13","guid":{"rendered":"https:\/\/mareapensionista.org\/2021\/03\/07\/el-21-de-marzo-juzgaran-a-tres-personas-por-manifestarse-contra-el-pensionazo-en-2011\/"},"modified":"2021-03-07T07:50:13","modified_gmt":"2021-03-07T07:50:13","slug":"el-21-de-marzo-juzgaran-a-tres-personas-por-manifestarse-contra-el-pensionazo-en-2011","status":"publish","type":"post","link":"https:\/\/mareapensionista.org\/ca\/2021\/03\/07\/el-21-de-marzo-juzgaran-a-tres-personas-por-manifestarse-contra-el-pensionazo-en-2011\/","title":{"rendered":"El 21 de marzo juzgar\u00e1n a tres personas por manifestarse contra el \u201cpensionazo\u201d en 2011"},"content":{"rendered":"<h1 class=\"posttitle\">El 21 de marzo juzgar\u00e1n a tres personas por manifestarse contra el \u201cpensionazo\u201d en 2011<\/h1>\n<div class=\"addthis_toolbox addthis_default_style\">\n<div class=\"fb-like fb_iframe_widget\" data-layout=\"button_count\" data-show_faces=\"false\" data-share=\"false\" data-action=\"like\" data-width=\"90\" data-height=\"25\" data-font=\"arial\" data-href=\"http:\/\/kaosenlared.net\/el-21-de-marzo-juzgaran-a-tres-personas-por-manifestarse-contra-el-pensionazo-en-2011\/\" data-send=\"false\"><\/div>\n<div class=\"atclear\"><\/div>\n<\/div>\n<p><i>Por <\/i>Absoluci\u00f3n Detenidos Pensionazo 2011<\/p>\n<p><center><ins class=\"adsbygoogle\" data-ad-client=\"ca-pub-9881559329500520\" data-ad-slot=\"4846811633\" data-ad-format=\"auto\" data-adsbygoogle-status=\"done\"><ins id=\"aswift_0_expand\"><ins id=\"aswift_0_anchor\"><\/ins><\/ins><\/ins><\/center><\/p>\n<div class=\"entry\">\n<p>El 27 de enero de 2011, ante el \u201cPensionazo\u201d (la reforma en el sistema de pensiones que elev\u00f3 la edad de jubilaci\u00f3n a los 67 a\u00f1os) se celebr\u00f3 una manifestaci\u00f3n de protesta por el centro de Madrid. La asistencia a la manifestaci\u00f3n fue muy alta, en consonancia con el rechazo social que la reforma provoc\u00f3. [\u2026]<\/p>\n<div><a title=\"El 21 de marzo juzgar\u00e1n a tres personas por manifestarse contra el \u201cpensionazo\u201d en 2011\" href=\"http:\/\/kaosenlared.net\/wp-content\/uploads\/2017\/03\/pensionazo.jpg\"><img loading=\"lazy\" decoding=\"async\" class=\"attachment-medium size-medium wp-post-image\" src=\"http:\/\/kaosenlared.net\/wp-content\/uploads\/2017\/03\/pensionazo-300x167.jpg\" sizes=\"auto, (max-width: 300px) 100vw, 300px\" srcset=\"http:\/\/kaosenlared.net\/wp-content\/uploads\/2017\/03\/pensionazo-300x167.jpg 300w, http:\/\/kaosenlared.net\/wp-content\/uploads\/2017\/03\/pensionazo-768x428.jpg 768w, http:\/\/kaosenlared.net\/wp-content\/uploads\/2017\/03\/pensionazo.jpg 900w\" alt=\"\" width=\"300\" height=\"167\" \/><\/a><\/div>\n<div id=\"content\" class=\"site-content\">\n<div class=\"site-content-wrapper\">\n<div id=\"primary\" class=\"content-area\">\n<article id=\"post-45\" class=\"post-45 post type-post status-publish format-standard hentry category-sin-categoria\">\n<div class=\"hentry-wrapper\">\n<div class=\"entry-content\">\n<p>El 27 de enero de 2011, <strong>ante el \u201cPensionazo\u201d<\/strong> (la reforma en el sistema de pensiones que elev\u00f3 la edad de jubilaci\u00f3n a los 67 a\u00f1os) se celebr\u00f3 una manifestaci\u00f3n de protesta por el centro de Madrid.<\/p>\n<p>La asistencia a la manifestaci\u00f3n fue muy alta, en consonancia con el rechazo social que la reforma provoc\u00f3. De hecho, constituy\u00f3 parte del proceso que dio lugar, meses m\u00e1s tarde, al 15M.<\/p>\n<p>Al final del recorrido, en la Plaza de Canalejas, se produjeron momentos de tensi\u00f3n, con<strong> varias cargas policiales<\/strong>.<strong>Tres personas, cada una en una circunstancia distinta, fuimos detenidas.<\/strong> Las detenciones fueron completamente <strong>arbitrarias<\/strong>, entre el tumulto de personas que nos encontr\u00e1bamos all\u00ed. Se nos imputan los cargos de des\u00f3rdenes p\u00fablicos y atentado contra la autoridad. Nos piden penas de casi cuatro a\u00f1os, dos a\u00f1os y medio y un a\u00f1o y dos meses de c\u00e1rcel respectivamente. Adem\u00e1s, se nos carga una multa de Delegaci\u00f3n del Gobierno de 6.000 euros por los mismos hechos. Los tres estuvimos dos noches y tres d\u00edas en los calabozos. <strong>Los cargos aumentaron cuando solicitamos el parte de lesiones tras ser detenidos.<\/strong><\/p>\n<p>El pr\u00f3ximo 21 de marzo (a las 11 h. en el Juzgado de lo Penal n\u00ba 6 en c\/ Juli\u00e1n Camarillo), <strong>m\u00e1s de seis a\u00f1os despu\u00e9s,<\/strong> se celebrar\u00e1 por fin el juicio. Han sido seis a\u00f1os de retrasos sin justificaci\u00f3n; un per\u00edodo dilatado de tiempo que ha ahondado en la incertidumbre y desasosiego que todo el proceso est\u00e1 generando en nosotros y en nuestro entorno. Afrontamos el juicio con firmeza, con la seguridad de nuestra inocencia, pero igualmente queremos denunciar la situaci\u00f3n, exigimos nuestra absoluci\u00f3n y pedimos apoyo. Manifestarse no es un delito, sino un derecho que necesitamos ejercer.<\/p>\n<p><img decoding=\"async\" class=\"alignnone size-full wp-image-53\" src=\"https:\/\/absoluciondetenidospensionazo2011.files.wordpress.com\/2017\/03\/logo-final.jpg?w=900\" sizes=\"(max-width: 900px) 100vw, 900px\" srcset=\"https:\/\/absoluciondetenidospensionazo2011.files.wordpress.com\/2017\/03\/logo-final.jpg?w=900 900w, https:\/\/absoluciondetenidospensionazo2011.files.wordpress.com\/2017\/03\/logo-final.jpg?w=1800 1800w, https:\/\/absoluciondetenidospensionazo2011.files.wordpress.com\/2017\/03\/logo-final.jpg?w=150 150w, https:\/\/absoluciondetenidospensionazo2011.files.wordpress.com\/2017\/03\/logo-final.jpg?w=300 300w, https:\/\/absoluciondetenidospensionazo2011.files.wordpress.com\/2017\/03\/logo-final.jpg?w=768 768w, https:\/\/absoluciondetenidospensionazo2011.files.wordpress.com\/2017\/03\/logo-final.jpg?w=1024 1024w\" alt=\"LOGO final.jpg\" data-attachment-id=\"53\" data-permalink=\"https:\/\/absoluciondetenidospensionazo2011.wordpress.com\/2017\/03\/07\/45\/logo-final\/\" data-orig-file=\"https:\/\/absoluciondetenidospensionazo2011.files.wordpress.com\/2017\/03\/logo-final.jpg?w=900\" data-orig-size=\"6553,3657\" data-comments-opened=\"0\" data-image-meta=\"{&quot;aperture&quot;:&quot;0&quot;,&quot;credit&quot;:&quot;&quot;,&quot;camera&quot;:&quot;&quot;,&quot;caption&quot;:&quot;&quot;,&quot;created_timestamp&quot;:&quot;0&quot;,&quot;copyright&quot;:&quot;&quot;,&quot;focal_length&quot;:&quot;0&quot;,&quot;iso&quot;:&quot;0&quot;,&quot;shutter_speed&quot;:&quot;0&quot;,&quot;title&quot;:&quot;&quot;,&quot;orientation&quot;:&quot;0&quot;}\" data-image-title=\"LOGO final\" data-image-description=\"\" data-medium-file=\"https:\/\/absoluciondetenidospensionazo2011.files.wordpress.com\/2017\/03\/logo-final.jpg?w=900?w=300\" data-large-file=\"https:\/\/absoluciondetenidospensionazo2011.files.wordpress.com\/2017\/03\/logo-final.jpg?w=900?w=900\" \/><\/p>\n<\/div>\n<\/div>\n<\/article>\n<\/div>\n<\/div>\n<\/div>\n<\/div>","protected":false},"excerpt":{"rendered":"<p>El 21 de marzo juzgar\u00e1n a tres personas por manifestarse contra el \u201cpensionazo\u201d en 2011 Por Absoluci\u00f3n Detenidos Pensionazo 2011 El 27 de enero de 2011, ante el \u201cPensionazo\u201d (la reforma en el sistema de pensiones que elev\u00f3 la edad de jubilaci\u00f3n a los 67 a\u00f1os) se celebr\u00f3 una manifestaci\u00f3n de protesta por el centro&hellip;&nbsp;<a href=\"https:\/\/mareapensionista.org\/ca\/2021\/03\/07\/el-21-de-marzo-juzgaran-a-tres-personas-por-manifestarse-contra-el-pensionazo-en-2011\/\" class=\"\" rel=\"bookmark\">Read More &raquo;<span class=\"screen-reader-text\">El 21 de marzo juzgar\u00e1n a tres personas por manifestarse contra el \u201cpensionazo\u201d en 2011<\/span><\/a><\/p>","protected":false},"author":1,"featured_media":0,"comment_status":"open","ping_status":"open","sticky":false,"template":"","format":"standard","meta":{"neve_meta_sidebar":"","neve_meta_container":"","neve_meta_enable_content_width":"","neve_meta_content_width":0,"neve_meta_title_alignment":"","neve_meta_author_avatar":"","neve_post_elements_order":"","neve_meta_disable_header":"","neve_meta_disable_footer":"","neve_meta_disable_title":"","_ti_tpc_template_sync":false,"_ti_tpc_template_id":"","footnotes":""},"categories":[],"tags":[],"class_list":["post-849","post","type-post","status-publish","format-standard","hentry"],"_links":{"self":[{"href":"https:\/\/mareapensionista.org\/ca\/wp-json\/wp\/v2\/posts\/849","targetHints":{"allow":["GET"]}}],"collection":[{"href":"https:\/\/mareapensionista.org\/ca\/wp-json\/wp\/v2\/posts"}],"about":[{"href":"https:\/\/mareapensionista.org\/ca\/wp-json\/wp\/v2\/types\/post"}],"author":[{"embeddable":true,"href":"https:\/\/mareapensionista.org\/ca\/wp-json\/wp\/v2\/users\/1"}],"replies":[{"embeddable":true,"href":"https:\/\/mareapensionista.org\/ca\/wp-json\/wp\/v2\/comments?post=849"}],"version-history":[{"count":0,"href":"https:\/\/mareapensionista.org\/ca\/wp-json\/wp\/v2\/posts\/849\/revisions"}],"wp:attachment":[{"href":"https:\/\/mareapensionista.org\/ca\/wp-json\/wp\/v2\/media?parent=849"}],"wp:term":[{"taxonomy":"category","embeddable":true,"href":"https:\/\/mareapensionista.org\/ca\/wp-json\/wp\/v2\/categories?post=849"},{"taxonomy":"post_tag","embeddable":true,"href":"https:\/\/mareapensionista.org\/ca\/wp-json\/wp\/v2\/tags?post=849"}],"curies":[{"name":"wp","href":"https:\/\/api.w.org\/{rel}","templated":true}]}}