{"id":851,"date":"2021-03-07T07:50:13","date_gmt":"2021-03-07T07:50:13","guid":{"rendered":"https:\/\/mareapensionista.org\/2021\/03\/07\/seis-exdirectivos-de-caja-segovia-imputados-por-un-plan-de-prejubilaciones\/"},"modified":"2021-03-07T07:50:13","modified_gmt":"2021-03-07T07:50:13","slug":"seis-exdirectivos-de-caja-segovia-imputados-por-un-plan-de-prejubilaciones","status":"publish","type":"post","link":"https:\/\/mareapensionista.org\/ca\/2021\/03\/07\/seis-exdirectivos-de-caja-segovia-imputados-por-un-plan-de-prejubilaciones\/","title":{"rendered":"Seis exdirectivos de Caja Segovia imputados por un plan de prejubilaciones"},"content":{"rendered":"<header>\n<h1 class=\"pg-headline\">\u00a0\u00bfquereis planes privados de pensiones?<\/h1>\n<div class=\"inset cf\">\n<figure class=\"media-holder\"><img loading=\"lazy\" decoding=\"async\" src=\"http:\/\/images.eldiario.es\/economia\/exdirectivos-Caja-Segovia-imputados-prejubilaciones_EDIIMA20170307_0839_4.jpg\" alt=\"Seis exdirectivos de Caja Segovia imputados por un plan de prejubilaciones\" width=\"643\" height=\"362\" \/><figcaption class=\"caption-inside\">Seis exdirectivos de Caja Segovia imputados por un plan de prejubilaciones<\/figcaption><\/figure>\n<\/div>\n<\/header>\n<div class=\"pg-body\">\n<div id=\"edi-body\" class=\"mce-body mce no-sticky-adv-socios\">\n<p class=\"mce\">El Juzgado de Primera Instancia e Instrucci\u00f3n n\u00famero 2 y de lo Mercantil de Segovia ha encausado -lo que antes se conoc\u00eda como imputado- a seis exdirectivos de la antigua Caja Segovia como supuestos responsables del dise\u00f1o de un plan de prejubilaciones que pudo causar un perjuicio de 17 millones.<\/p>\n<p class=\"mce\">Con esta resoluci\u00f3n, a la que ha tenido acceso Efe, el juzgado ha encausado a estos exdirectivos, entre ellos el entonces presidente Atilano Soto, al vincularlos con la posible comisi\u00f3n de los delitos de administraci\u00f3n desleal y apropiaci\u00f3n indebida.<\/p>\n<section id=\"edi-ad-slot-intext\" class=\"md-advertisement md hspace no-adv-socios\"><\/section>\n<p class=\"mce\">La resoluci\u00f3n plantea que los seis encausados pudieron dise\u00f1ar \u00aben su exclusivo beneficio\u00bb un plan de prejubilaciones con \u00ababuso de las funciones sociales\u00bb que ten\u00edan encomendadas y con cargo al ejercicio de 2010, garantizado mediante la suscripci\u00f3n de p\u00f3lizas de seguros con la compa\u00f1\u00eda \u00abCaser\u00bb.<\/p>\n<p class=\"mce\">Adem\u00e1s de Soto -presidente entre 2006 y 2010-, figuran como encausados el entonces vicepresidente primero en el mismo periodo, Mariano Manuel Agud\u00edez; la vicepresidenta segunda, Elena Garc\u00eda; el director general, Manuel Escribano; el secretario general, Antonio Tapia; y el director de Recursos Humanos, Enrique Quintanilla.<\/p>\n<p class=\"mce\">Por otra parte, el auto ha denegado las diligencias de investigaci\u00f3n solicitadas por la representaci\u00f3n procesal de Fundaci\u00f3n Caja Segovia.<\/p>\n<p class=\"mce\">En este sentido, la Audiencia Provincial de Segovia ha ordenado que s\u00f3lo se practiquen aquellas diligencias de investigaci\u00f3n que sean \u00abrigurosamente imprescindibles\u00bb para determinar los hechos punibles, y la determinaci\u00f3n de sus autores.<\/p>\n<p class=\"mce\">Este auto llega despu\u00e9s de que la Audiencia Provincial de Segovia revoc\u00f3 el pasado 27 de enero el sobreseimiento libre acordado por el Juzgado de Primera Instancia e Instrucci\u00f3n 2 en verano de 2016.<\/p>\n<p class=\"mce\">Dicho archivo, apoyado por la Fiscal\u00eda Provincial, fue dictado antes de que la Sala de lo Penal del Tribunal Supremo emitiera el 9 de septiembre la sentencia que enjuiciaba las prejubilaciones de los directivos de \u00abNovacaixa Galicia\u00bb, resoluci\u00f3n que ha sido tomada en consideraci\u00f3n por la Audiencia de Segovia para revocar el sobreseimiento.<\/p>\n<p class=\"mce\">Contra este auto cabe interponer recurso de reforma ante el mismo Juzgado en el plazo de tres d\u00edas h\u00e1biles, adem\u00e1s de recurso de apelaci\u00f3n tanto directa como subsidiaria ante la Audiencia Provincial de Segovia en el plazo de cinco d\u00edas h\u00e1biles.<\/p>\n<\/div>\n<\/div>","protected":false},"excerpt":{"rendered":"<p>\u00a0\u00bfquereis planes privados de pensiones? Seis exdirectivos de Caja Segovia imputados por un plan de prejubilaciones El Juzgado de Primera Instancia e Instrucci\u00f3n n\u00famero 2 y de lo Mercantil de Segovia ha encausado -lo que antes se conoc\u00eda como imputado- a seis exdirectivos de la antigua Caja Segovia como supuestos responsables del dise\u00f1o de un&hellip;&nbsp;<a href=\"https:\/\/mareapensionista.org\/ca\/2021\/03\/07\/seis-exdirectivos-de-caja-segovia-imputados-por-un-plan-de-prejubilaciones\/\" class=\"\" rel=\"bookmark\">Read More &raquo;<span class=\"screen-reader-text\">Seis exdirectivos de Caja Segovia imputados por un plan de prejubilaciones<\/span><\/a><\/p>","protected":false},"author":1,"featured_media":0,"comment_status":"open","ping_status":"open","sticky":false,"template":"","format":"standard","meta":{"neve_meta_sidebar":"","neve_meta_container":"","neve_meta_enable_content_width":"","neve_meta_content_width":0,"neve_meta_title_alignment":"","neve_meta_author_avatar":"","neve_post_elements_order":"","neve_meta_disable_header":"","neve_meta_disable_footer":"","neve_meta_disable_title":"","_ti_tpc_template_sync":false,"_ti_tpc_template_id":"","footnotes":""},"categories":[],"tags":[],"class_list":["post-851","post","type-post","status-publish","format-standard","hentry"],"_links":{"self":[{"href":"https:\/\/mareapensionista.org\/ca\/wp-json\/wp\/v2\/posts\/851","targetHints":{"allow":["GET"]}}],"collection":[{"href":"https:\/\/mareapensionista.org\/ca\/wp-json\/wp\/v2\/posts"}],"about":[{"href":"https:\/\/mareapensionista.org\/ca\/wp-json\/wp\/v2\/types\/post"}],"author":[{"embeddable":true,"href":"https:\/\/mareapensionista.org\/ca\/wp-json\/wp\/v2\/users\/1"}],"replies":[{"embeddable":true,"href":"https:\/\/mareapensionista.org\/ca\/wp-json\/wp\/v2\/comments?post=851"}],"version-history":[{"count":0,"href":"https:\/\/mareapensionista.org\/ca\/wp-json\/wp\/v2\/posts\/851\/revisions"}],"wp:attachment":[{"href":"https:\/\/mareapensionista.org\/ca\/wp-json\/wp\/v2\/media?parent=851"}],"wp:term":[{"taxonomy":"category","embeddable":true,"href":"https:\/\/mareapensionista.org\/ca\/wp-json\/wp\/v2\/categories?post=851"},{"taxonomy":"post_tag","embeddable":true,"href":"https:\/\/mareapensionista.org\/ca\/wp-json\/wp\/v2\/tags?post=851"}],"curies":[{"name":"wp","href":"https:\/\/api.w.org\/{rel}","templated":true}]}}