{"id":862,"date":"2021-03-07T07:50:14","date_gmt":"2021-03-07T07:50:14","guid":{"rendered":"https:\/\/mareapensionista.org\/2021\/03\/07\/marea-pensionista-en-la-radio-municipal-de-terrassa\/"},"modified":"2021-03-07T07:50:14","modified_gmt":"2021-03-07T07:50:14","slug":"marea-pensionista-en-la-radio-municipal-de-terrassa","status":"publish","type":"post","link":"https:\/\/mareapensionista.org\/ca\/2021\/03\/07\/marea-pensionista-en-la-radio-municipal-de-terrassa\/","title":{"rendered":"MAREA PENSIONISTA EN LA RADIO MUNICIPAL DE TERRASSA"},"content":{"rendered":"<p>MAREA PENSIONISTA EN LA RADIO MUNICIPAL DE TERRASSA en el programa de SISCU BAIGES:<br \/>\nEl pasado d\u00eda 22 de Marzo, un d\u00eda antes de nuestra presentaci\u00f3n oficial, estubimos en la Radio Municipal de Terrassa invitados al programa de nuestro amigo Siscu Baiges.<\/p>\n<p>http:\/\/www.ivoox.com\/manuel-tortola-anna-maria-guimera-i-francisco-canete-audios-mp3_rf_17722810_1.html<\/p>","protected":false},"excerpt":{"rendered":"<p>MAREA PENSIONISTA EN LA RADIO MUNICIPAL DE TERRASSA en el programa de SISCU BAIGES: El pasado d\u00eda 22 de Marzo, un d\u00eda antes de nuestra presentaci\u00f3n oficial, estubimos en la Radio Municipal de Terrassa invitados al programa de nuestro amigo Siscu Baiges. http:\/\/www.ivoox.com\/manuel-tortola-anna-maria-guimera-i-francisco-canete-audios-mp3_rf_17722810_1.html<\/p>","protected":false},"author":1,"featured_media":0,"comment_status":"open","ping_status":"open","sticky":false,"template":"","format":"standard","meta":{"neve_meta_sidebar":"","neve_meta_container":"","neve_meta_enable_content_width":"","neve_meta_content_width":0,"neve_meta_title_alignment":"","neve_meta_author_avatar":"","neve_post_elements_order":"","neve_meta_disable_header":"","neve_meta_disable_footer":"","neve_meta_disable_title":"","_ti_tpc_template_sync":false,"_ti_tpc_template_id":"","footnotes":""},"categories":[],"tags":[],"class_list":["post-862","post","type-post","status-publish","format-standard","hentry"],"_links":{"self":[{"href":"https:\/\/mareapensionista.org\/ca\/wp-json\/wp\/v2\/posts\/862","targetHints":{"allow":["GET"]}}],"collection":[{"href":"https:\/\/mareapensionista.org\/ca\/wp-json\/wp\/v2\/posts"}],"about":[{"href":"https:\/\/mareapensionista.org\/ca\/wp-json\/wp\/v2\/types\/post"}],"author":[{"embeddable":true,"href":"https:\/\/mareapensionista.org\/ca\/wp-json\/wp\/v2\/users\/1"}],"replies":[{"embeddable":true,"href":"https:\/\/mareapensionista.org\/ca\/wp-json\/wp\/v2\/comments?post=862"}],"version-history":[{"count":0,"href":"https:\/\/mareapensionista.org\/ca\/wp-json\/wp\/v2\/posts\/862\/revisions"}],"wp:attachment":[{"href":"https:\/\/mareapensionista.org\/ca\/wp-json\/wp\/v2\/media?parent=862"}],"wp:term":[{"taxonomy":"category","embeddable":true,"href":"https:\/\/mareapensionista.org\/ca\/wp-json\/wp\/v2\/categories?post=862"},{"taxonomy":"post_tag","embeddable":true,"href":"https:\/\/mareapensionista.org\/ca\/wp-json\/wp\/v2\/tags?post=862"}],"curies":[{"name":"wp","href":"https:\/\/api.w.org\/{rel}","templated":true}]}}