{"id":898,"date":"2021-03-07T07:50:17","date_gmt":"2021-03-07T07:50:17","guid":{"rendered":"https:\/\/mareapensionista.org\/2021\/03\/07\/documento-a-presentar-al-consell-plenari-municipal-declaracio-institucional-de-defensa-del-sistema-public-de-pensions\/"},"modified":"2021-03-07T07:50:17","modified_gmt":"2021-03-07T07:50:17","slug":"documento-a-presentar-al-consell-plenari-municipal-declaracio-institucional-de-defensa-del-sistema-public-de-pensions","status":"publish","type":"post","link":"https:\/\/mareapensionista.org\/ca\/2021\/03\/07\/documento-a-presentar-al-consell-plenari-municipal-declaracio-institucional-de-defensa-del-sistema-public-de-pensions\/","title":{"rendered":"DOCUMENTO A PRESENTAR AL CONSELL PLENARI MUNICIPAL DECLARACI\u00d3 INSTITUCIONAL DE DEFENSA DEL SISTEMA P\u00daBLIC DE PENSIONS"},"content":{"rendered":"<p>AL CONSELL PLENARI MUNICIPAL<\/p>\n<p>DECLARACI\u00d3 INSTITUCIONAL DE DEFENSA DEL SISTEMA P\u00daBLIC DE PENSIONS<\/p>\n<p>La presentaci\u00f3 d\u2019aquesta moci\u00f3 respon a la certesa que estem vivint una situaci\u00f3 de p\u00e8rdua de drets socials i individuals en l\u2019\u00e0mbit de les pensions. No es tracta d\u2019una apreciaci\u00f3 sin\u00f3 d\u2019una certesa, d\u2019una constataci\u00f3 avalada per les dades de diferents organismes. La crisi econ\u00f2mica actual ha tingut com a conseq\u00fc\u00e8ncia l\u2019augment de l\u2019atur, l\u2019exist\u00e8ncia d\u2019uns salaris m\u00e9s baixos i la disminuci\u00f3 demogr\u00e0fica. D\u2019altra banda, la guardiola creada amb el Pacte de Toledo est\u00e0 a punt d\u2019esgotar-se per l\u2019\u00fas no previst i inadequat que n\u2019ha fet el govern espanyol. El Sistema P\u00fablic de Pensions ha tingut ja dues reformes durant els \u00faltims cinc anys, la qual cosa no ha fet sin\u00f3 rebaixar el poder adquisitiu de les pensions i abocar-les a una situaci\u00f3 de gran precarietat per a molts pensionistes. Mentrestant, l\u2019economia va cr\u00e9ixer el primer i el segon trimestres del 2016 un 3,4%, i el tercer un 3,2. L\u2019atur ha baixat a Catalunya, entre 2015 i 2016, del 17,7% al 14,9%; a Espanya, en el mateix per\u00edode, ha passat del 20,9% al 18,6%. Si hi ha creixement econ\u00f2mic i baixa l\u2019atur, les pensions s\u2019haurien de poder recuperar, ni que fos lentament. Per\u00f2 els salaris han baixat de mitjana un 0,3% entre setembre de 2015 i 2016. I, pel que fa a les c\u00e0rregues socials, els empresaris han de pagar a la Seguretat Social un 0,9% menys, gr\u00e0cies a les bonificacions que s\u2019apliquen a les cotitzacions. Les conseq\u00fc\u00e8ncies de la reforma laboral, conjuntament amb la darrera reforma de les pensions, t\u00e9 i tindr\u00e0 un impacte nefast en la situaci\u00f3 econ\u00f2mica dels pensionistes i, encara m\u00e9s, en la dels futurs pensionistes. Creix l\u2019economia i hi ha menys atur, per\u00f2 la precarietat laboral i la devaluaci\u00f3 salarial, promoguda per la reforma que va aprovar el PP, ha elevat la proporci\u00f3 de treballadors pobres (els que, fins i tot amb feina, no arriben a uns ingressos suficients per a cobrir les necessitats b\u00e0siques) fins al 13,2%, el tercer nivell m\u00e9s alt de la UE, despr\u00e9s de Romania i Gr\u00e8cia. Espanya \u00e9s un dels estats de la UE que t\u00e9 unes pensions m\u00e9s baixes. L\u2019actualitzaci\u00f3 de les pensions amb un 0,25% d\u2019augment, independentment de l\u2019IPC, no far\u00e0 altra cosa que agreujar la situaci\u00f3. L\u2019any 2011, la pensi\u00f3 representava el 72,4% del sou que cobrava el pensionista, i es preveu que l\u2019any 2060 representi \u00fanicament el 56%, segons l\u2019OIT. Aix\u00f2 es veu agreujat per 2 l\u2019aplicaci\u00f3 d\u2019una f\u00f3rmula de c\u00e0lcul de la pensi\u00f3 que discrimina els pensionistes de m\u00e9s edat, amb una reducci\u00f3 major de la pensi\u00f3. L\u2019aplicaci\u00f3 d\u2019aquesta f\u00f3rmula suposar\u00e0 un problema encara m\u00e9s greu per a les dones, que tenen una major esperan\u00e7a de vida. La reforma suposa, aix\u00ed mateix, un augment de la dificultat per a poder aspirar a una pensi\u00f3 plena: la jubilaci\u00f3 ser\u00e0 als 67 anys, i es far\u00e0 el c\u00e0lcul basant-se en els darrers 25 anys cotitzats i demanant 37 anys de cotitzaci\u00f3 per retirar-se amb el 100% de la base reguladora. Aix\u00f2, en un moment d\u2019atur important, es pot convertir en una llosa per a aquelles persones que han estat anys a l\u2019atur o que han tingut la desgr\u00e0cia de perdre la feina en els darrers anys de la seva vida laboral. Resulta sorprenent la manca de debat social sobre aquest tema. La major part dels mitjans de comunicaci\u00f3 vehiculen l\u2019opini\u00f3 dels economistes, que \u00fanicament veuen la possibilitat d\u2019accentuar les mesures restrictives de la despesa, sense plantejar-se altres alternatives que siguin permeables a les necessitats socials. Considerem imprescindible que els ciutadans siguin conscients del risc que representa que es tanqui l\u2019actual revisi\u00f3 dels Pactes de Toledo en els termes en qu\u00e8 est\u00e0 plantejada actualment. Cal una resposta clara, unida i p\u00fablica davant l\u2019amena\u00e7a de convertir les pensions en una aportaci\u00f3 residual. Com a alternativa a aquesta reforma que, segons FUNCAS, ens pot portar a veure retallat el poder adquisitiu de les pensions un 35%. \u00c9s per aix\u00f2 que proposem al conjunt de les forces pol\u00edtiques representades al Consell Plenari de l\u2019Ajuntament que acordin la seg\u00fcent<\/p>\n<p>DECLARACI\u00d3 INSTITUCIONAL &#8211;<\/p>\n<p>L\u2019Ajuntament de Barcelona considera indispensable que l\u2019Estat garanteixi per llei a tots els ciutadans i ciutadanes el cobrament d\u2019unes pensions dignes i que es recuperin els Fons de Reserva de la Seguretat Social, que el govern del PP ha gastat per a altres finalitats de manera irresponsable. &#8211; Cal recuperar un model de revaloritzaci\u00f3 autom\u00e0tica de les pensions en relaci\u00f3 amb l\u2019IPC real, per assegurar el manteniment del poder adquisitiu, comen\u00e7ant per l\u20191,9 que es va perdre ja l\u2019any 2012. &#8211; Igualment, defensem treballar per la millora de l\u2019actual model de pensions p\u00fabliques, amb la finalitat d\u2019avan\u00e7ar cap a un model de pensi\u00f3 i de salari m\u00ednim 3 per damunt dels 1.000 euros. Aix\u00ed com incorporar al R\u00e8gim General de la Seguretat Social les persones empleades de la Llar, amb tots els drets, inclosa la prestaci\u00f3 per atur i la cobertura de les llacunes de cotitzaci\u00f3. -Cal tornar a la situaci\u00f3 anterior al 2 d\u2019agost de 2011, en el sistema de cobertura de llacunes de cotitzaci\u00f3 durant el per\u00edode de c\u00e0lcul de les pensions i derogar les reformes dels anys 2011 i 2013. Tamb\u00e9 \u00e9s necessari anar m\u00e9s enll\u00e0 del Pacte de Toledo i promoure una reforma fiscal que permeti avan\u00e7ar cap a un sistema que es basi en unes cotitzacions socials i empresarials m\u00e9s equitatives. Els PGE han de sostenir per llei la manca d\u2019ingressos, quan les cotitzacions no cobreixin les despeses. I, com a premissa innegociable, ens proposem lluitar per preservar els serveis p\u00fablics, com a patrimoni de totes aquelles persones que no gaudeixen de cap altre patrimoni, contra la tend\u00e8ncia de privatitzaci\u00f3 que els va deteriorant i desvirtuant. Reconeixem, un cop m\u00e9s, el dret a uns subministraments b\u00e0sics garantits (aigua, llum, gas).<\/p>\n<p>Barcelona, 20 de juliol de 2017<\/p>\n<p>ESTE DOCUMENTO SE LE DAR\u00c1 A FIRMAR A LOS SIGUIENTES GRUPOS Y VEREMOS QUIEN LO SUBSCRIBE<\/p>\n<p>Laia Ortiz Grup Municipal de Barcelona en com\u00fa<\/p>\n<p>Joaquim Forn Grup Municipal Dem\u00f2crata<\/p>\n<p>Francisco Sierra\u00a0Grup Municipal de Ciutadans<\/p>\n<p>Jordi Coronas Grup Municipal d\u2019Esquerra Republicana<\/p>\n<p>Carmen Andr\u00e9s\u00a0Grup Municipal del Partit dels Socialistes<\/p>\n<p>\u00c1ngeles Esteller \u00a0Grup Municipal del Partit Popular<\/p>\n<p>Maria Rovira Grup Municipal de la CUP-Capgirem<\/p>\n<p>Gerard Ardanuy Regidor no adscrit<\/p>","protected":false},"excerpt":{"rendered":"<p>AL CONSELL PLENARI MUNICIPAL DECLARACI\u00d3 INSTITUCIONAL DE DEFENSA DEL SISTEMA P\u00daBLIC DE PENSIONS La presentaci\u00f3 d\u2019aquesta moci\u00f3 respon a la certesa que estem vivint una situaci\u00f3 de p\u00e8rdua de drets socials i individuals en l\u2019\u00e0mbit de les pensions. No es tracta d\u2019una apreciaci\u00f3 sin\u00f3 d\u2019una certesa, d\u2019una constataci\u00f3 avalada per les dades de diferents organismes.&hellip;&nbsp;<a href=\"https:\/\/mareapensionista.org\/ca\/2021\/03\/07\/documento-a-presentar-al-consell-plenari-municipal-declaracio-institucional-de-defensa-del-sistema-public-de-pensions\/\" class=\"\" rel=\"bookmark\">Read More &raquo;<span class=\"screen-reader-text\">DOCUMENTO A PRESENTAR AL CONSELL PLENARI MUNICIPAL DECLARACI\u00d3 INSTITUCIONAL DE DEFENSA DEL SISTEMA P\u00daBLIC DE PENSIONS<\/span><\/a><\/p>","protected":false},"author":1,"featured_media":0,"comment_status":"open","ping_status":"open","sticky":false,"template":"","format":"standard","meta":{"neve_meta_sidebar":"","neve_meta_container":"","neve_meta_enable_content_width":"","neve_meta_content_width":0,"neve_meta_title_alignment":"","neve_meta_author_avatar":"","neve_post_elements_order":"","neve_meta_disable_header":"","neve_meta_disable_footer":"","neve_meta_disable_title":"","_ti_tpc_template_sync":false,"_ti_tpc_template_id":"","footnotes":""},"categories":[],"tags":[],"class_list":["post-898","post","type-post","status-publish","format-standard","hentry"],"_links":{"self":[{"href":"https:\/\/mareapensionista.org\/ca\/wp-json\/wp\/v2\/posts\/898","targetHints":{"allow":["GET"]}}],"collection":[{"href":"https:\/\/mareapensionista.org\/ca\/wp-json\/wp\/v2\/posts"}],"about":[{"href":"https:\/\/mareapensionista.org\/ca\/wp-json\/wp\/v2\/types\/post"}],"author":[{"embeddable":true,"href":"https:\/\/mareapensionista.org\/ca\/wp-json\/wp\/v2\/users\/1"}],"replies":[{"embeddable":true,"href":"https:\/\/mareapensionista.org\/ca\/wp-json\/wp\/v2\/comments?post=898"}],"version-history":[{"count":0,"href":"https:\/\/mareapensionista.org\/ca\/wp-json\/wp\/v2\/posts\/898\/revisions"}],"wp:attachment":[{"href":"https:\/\/mareapensionista.org\/ca\/wp-json\/wp\/v2\/media?parent=898"}],"wp:term":[{"taxonomy":"category","embeddable":true,"href":"https:\/\/mareapensionista.org\/ca\/wp-json\/wp\/v2\/categories?post=898"},{"taxonomy":"post_tag","embeddable":true,"href":"https:\/\/mareapensionista.org\/ca\/wp-json\/wp\/v2\/tags?post=898"}],"curies":[{"name":"wp","href":"https:\/\/api.w.org\/{rel}","templated":true}]}}