{"id":903,"date":"2021-03-07T07:50:17","date_gmt":"2021-03-07T07:50:17","guid":{"rendered":"https:\/\/mareapensionista.org\/2021\/03\/07\/el-gobierno-hunde-mas-el-sistema-de-pensiones-ahora-endeudandolo\/"},"modified":"2021-03-07T07:50:17","modified_gmt":"2021-03-07T07:50:17","slug":"el-gobierno-hunde-mas-el-sistema-de-pensiones-ahora-endeudandolo","status":"publish","type":"post","link":"https:\/\/mareapensionista.org\/ca\/2021\/03\/07\/el-gobierno-hunde-mas-el-sistema-de-pensiones-ahora-endeudandolo\/","title":{"rendered":"El Gobierno hunde m\u00e1s el Sistema de Pensiones, ahora endeud\u00e1ndolo"},"content":{"rendered":"<div>\n<h3 class=\"subtitle site-color text-economia\">APROBACI\u00d3N DE PR\u00c9STAMO DE 10.192 MILLONES QUE IR\u00c1 AL D\u00c9FICIT<\/h3>\n<h1 class=\"title\">El Gobierno hunde m\u00e1s el Sistema de Pensiones, ahora endeud\u00e1ndolo<\/h1>\n<div class=\"summary\">\n<p>El Gobierno sigue sin buscar una soluci\u00f3n al d\u00e9ficit de la Seguridad Social y realiza siempre una pol\u00edtica de hechos consumados.<\/p>\n<\/div>\n<div class=\"content-info\">\n<div><span class=\"agency\">nuevatribuna.es<\/span><span class=\"content-time\">29 de Junio de 2017 (17:39 h.)<\/span><\/div>\n<\/div>\n<\/div>\n<div class=\"content-data row\">\n<div class=\"col-md-3 col-sm-12 col-ms-3 col-xs-12\">\n<div class=\"hidden-sm hidden-xs\"><\/div>\n<div class=\"hidden-sm hidden-xs\">\n<div class=\"related-content clearfix\">\n<ul class=\"site-color\">\n<li class=\"site-color\"><a title=\"Las pensiones y las verg\u00fcenzas de los economistas neoliberales\" href=\"http:\/\/www.nuevatribuna.es\/opinion\/edmundo-fayanas-escuer\/pensiones-verguenzas-economistas-neoliberales\/20170620092552141011.html\">Las pensiones y las verg\u00fcenzas de los economistas neoliberales<\/a><\/li>\n<li class=\"site-color\"><a title=\"\u00bfSon las pensiones el problema de la econom\u00eda?\" href=\"http:\/\/www.nuevatribuna.es\/opinion\/ernesto-ruiz-ureta\/son-pensiones-problema-economia\/20170224165019137110.html\">\u00bfSon las pensiones el problema de la econom\u00eda?<\/a><\/li>\n<li class=\"site-color\"><a title=\"Nunca un Gobierno ha maltratado tanto a los pensionistas como \u00e9ste\" href=\"http:\/\/www.nuevatribuna.es\/articulo\/espana\/%E2%80%8Bnunca-gobierno-ha-maltratado-tanto-pensionistas\/20170520113531140012.html\">\u201cNunca un Gobierno ha maltratado tanto a los pensionistas como \u00e9ste\u00bb<\/a><\/li>\n<li class=\"site-color\"><a title=\"El misterio de F\u00e1tima y las pensiones\" href=\"http:\/\/www.nuevatribuna.es\/opinion\/ramon-hdez-de-avila\/misterio-fatima-pensiones\/20170209140117136540.html\">El misterio de F\u00e1tima y las pensiones<\/a><\/li>\n<li class=\"site-color\"><a title=\"\u00bfQu\u00e9 hacemos con las pensiones?\" href=\"http:\/\/www.nuevatribuna.es\/opinion\/voces-canarias\/hacemos-pensiones\/20170209134334136533.html\">\u00bfQu\u00e9 hacemos con las pensiones?<\/a><\/li>\n<li class=\"site-color\"><a title=\"Casi un mill\u00f3n y medio de mujeres subsisten con pensiones inferiores a 700 euros\" href=\"http:\/\/www.nuevatribuna.es\/articulo\/economia-social\/casi-millon-medio-mujeres-subsisten-pensiones-inferiores-700-euros\/20170123182111135943.html\">Casi un mill\u00f3n y medio de mujeres subsisten con pensiones inferiores a 700 euros<\/a><\/li>\n<li class=\"site-color\"><a title=\"El Fondo de Reserva de las Pensiones, la desverg\u00fcenza del PP\" href=\"http:\/\/www.nuevatribuna.es\/articulo\/economia\/fondo-reserva-pensiones-desverguenza-pp\/20170116123724135708.html\">El Fondo de Reserva de las Pensiones, la desverg\u00fcenza del PP<\/a><\/li>\n<li class=\"site-color\"><a title=\"\u00bfC\u00f3mo sacar partido a un plan de pensiones para ahorrar en la Declaraci\u00f3n de la Renta?\" href=\"http:\/\/www.nuevatribuna.es\/articulo\/economia\/sacar-partido-plan-pensiones-ahorrar-declaracion-renta\/20161211143333134666.html\">\u00bfC\u00f3mo sacar partido a un plan de pensiones para ahorrar en la Declaraci\u00f3n de la Renta?<\/a><\/li>\n<\/ul>\n<\/div>\n<\/div>\n<div class=\"ad-skyscraper-body hidden-sm hidden-xs\"><\/div>\n<\/div>\n<div class=\"content-body inner-article-data col-md-9 col-sm-12 col-ms-9 col-xs-12\">\n<div class=\"article-media\">\n<figure><img decoding=\"async\" title=\"\" src=\"http:\/\/www.nuevatribuna.es\/media\/nuevatribuna\/images\/2017\/06\/29\/2017062917075527663.jpg\" alt=\"\" data-beon-tag-id=\"0\" \/><\/figure>\n<\/div>\n<div class=\"body economia\">\n<blockquote><p>El Ejecutivo debe salir del inmovilismo y buscar la forma de aumentar los recursos de la Seguridad Social<\/p><\/blockquote>\n<p>La aprobaci\u00f3n por el Consejo de Ministros de un\u00a0<a href=\"http:\/\/www.nuevatribuna.es\/articulo\/economia\/fondo-reserva-pensiones-desverguenza-pp\/20170116123724135708.html\" target=\"_blank\" rel=\"noopener noreferrer\">pr\u00e9stamo de 10.192 millones de euros<\/a>, para que el Sistema P\u00fablico de Pensiones pueda hacer frente al pago de las pensiones ordinarias y extraordinarias del mes de julio, contribuye a hundir un poco m\u00e1s el Sistema P\u00fablico por la v\u00eda del endeudamiento. La Uni\u00f3n General de Trabajadores considera \u00abnecesario salir del inmovilismo en que se ha instalado el Gobierno, y afrontar medidas para reducir el d\u00e9ficit de la Seguridad Social incrementando sus recursos\u00bb.<\/p>\n<p>El Gobierno sigue sin buscar una soluci\u00f3n al d\u00e9ficit de la Seguridad Social y realiza siempre una pol\u00edtica de hechos consumados. El\u00a0<strong>di\u00e1logo social est\u00e1 congelado<\/strong>\u00a0desde febrero, y los Presupuestos Generales del Estado para 2017 incluyen\u00a0<strong>medidas adoptadas de forma unilateral<\/strong>, que tan s\u00f3lo plantean una rebaja del 2% del d\u00e9ficit del Sistema. Los 10.192 millones de pr\u00e9stamo aprobados\u00a0volver\u00e1n a computar como d\u00e9ficit, en lugar de hacer una transferencia del Estado que no genere endeudamiento. Hay soluciones para reducir el d\u00e9ficit,\u00a0que se resumen en que\u00a0<u>el sistema no tiene que pagar lo que no debe y que ingrese lo que le corresponde, en concreto m\u00e1s de 16.000 millones en pol\u00edticas de subvenci\u00f3n que deber\u00edan financiarse con cargo a los PGE<\/u>. As\u00ed el sistema no tendr\u00eda d\u00e9ficit. Y tampoco se tiene que endeudar.<\/p>\n<p>El Gobierno tiene que convocar ya la\u00a0<strong>comisi\u00f3n de seguimiento del Fondo de Reserva de la Seguridad Social\u00a0<\/strong>puesto que\u00a0<a href=\"http:\/\/www.nuevatribuna.es\/opinion\/edmundo-fayanas-escuer\/pensiones-verguenzas-economistas-neoliberales\/20170620092552141011.html\" target=\"_blank\" rel=\"noopener noreferrer\">vuelve a\u00a0tirar de \u00e9l para abonar la paga extraordinaria<\/a>\u00a0de verano (5.986 del pr\u00e9stamo del Estado aprobado hoy y 3.514 del Fondo de Reserva).<\/p>\n<p>El 50% de los pensionistas tiene ingresos inferiores al Salario M\u00ednimo Interprofesional (SMI) y el 38% est\u00e1 bajo el umbral de la pobreza. El 0,25% de aumento de las pensiones para este a\u00f1o no satisface las posibilidades de vivir dignamente para este colectivo. Hemos perdido un 2,6% de poder adquisitivo en dos a\u00f1os. Esto, unido a los copagos y los recortes en Dependencia suponen un serio varapalo para la calidad de vida de los jubilados y pensionistas de este pa\u00eds.<\/p>\n<p>Desde UGT seguir\u00e1n \u00abpromoviendo acciones de defensa de los derechos de los pensionistas\u00bb y para exigir al Gobierno la \u00abderogaci\u00f3n de la reforma de pensiones de\u00a02013\u00bb y la puesta en marcha de pol\u00edticas que mejoren la calidad de vida de los pensionistas de este pa\u00eds. Realizaremos marchas en defensa de las pensiones presentes y futuras que confluir\u00e1n con una gran concentraci\u00f3n en Madrid, en el mes de\u00a0septiembre, para evitar que otros Presupuestos Generales del Estado, los de 2018, sigan condenando a los pensionistas a la pobreza. Estas marchas, en un principio estaban previstas para junio, pero han sido aplazadas a septiembre para\u00a0<strong>desarrollarlas conjuntamente con CCOO<\/strong>\u00a0y para dar cabida a m\u00e1s colectivos y organizaciones sociales que manifestaron al sindicato su inter\u00e9s en participar en estas marchas.<\/p>\n<div id=\"Anteread\">\n<div id=\"sas_31218\"><iframe id=\"sas_5935821_iframe\" width=\"1\" height=\"1\" frameborder=\"0\" scrolling=\"no\" data-mce-fragment=\"1\"><\/iframe><\/div>\n<\/div>\n<\/div>\n<\/div>\n<\/div>","protected":false},"excerpt":{"rendered":"<p>APROBACI\u00d3N DE PR\u00c9STAMO DE 10.192 MILLONES QUE IR\u00c1 AL D\u00c9FICIT El Gobierno hunde m\u00e1s el Sistema de Pensiones, ahora endeud\u00e1ndolo El Gobierno sigue sin buscar una soluci\u00f3n al d\u00e9ficit de la Seguridad Social y realiza siempre una pol\u00edtica de hechos consumados. nuevatribuna.es29 de Junio de 2017 (17:39 h.) Las pensiones y las verg\u00fcenzas de los&hellip;&nbsp;<a href=\"https:\/\/mareapensionista.org\/ca\/2021\/03\/07\/el-gobierno-hunde-mas-el-sistema-de-pensiones-ahora-endeudandolo\/\" class=\"\" rel=\"bookmark\">Read More &raquo;<span class=\"screen-reader-text\">El Gobierno hunde m\u00e1s el Sistema de Pensiones, ahora endeud\u00e1ndolo<\/span><\/a><\/p>","protected":false},"author":1,"featured_media":0,"comment_status":"open","ping_status":"open","sticky":false,"template":"","format":"standard","meta":{"neve_meta_sidebar":"","neve_meta_container":"","neve_meta_enable_content_width":"","neve_meta_content_width":0,"neve_meta_title_alignment":"","neve_meta_author_avatar":"","neve_post_elements_order":"","neve_meta_disable_header":"","neve_meta_disable_footer":"","neve_meta_disable_title":"","_ti_tpc_template_sync":false,"_ti_tpc_template_id":"","footnotes":""},"categories":[],"tags":[],"class_list":["post-903","post","type-post","status-publish","format-standard","hentry"],"_links":{"self":[{"href":"https:\/\/mareapensionista.org\/ca\/wp-json\/wp\/v2\/posts\/903","targetHints":{"allow":["GET"]}}],"collection":[{"href":"https:\/\/mareapensionista.org\/ca\/wp-json\/wp\/v2\/posts"}],"about":[{"href":"https:\/\/mareapensionista.org\/ca\/wp-json\/wp\/v2\/types\/post"}],"author":[{"embeddable":true,"href":"https:\/\/mareapensionista.org\/ca\/wp-json\/wp\/v2\/users\/1"}],"replies":[{"embeddable":true,"href":"https:\/\/mareapensionista.org\/ca\/wp-json\/wp\/v2\/comments?post=903"}],"version-history":[{"count":0,"href":"https:\/\/mareapensionista.org\/ca\/wp-json\/wp\/v2\/posts\/903\/revisions"}],"wp:attachment":[{"href":"https:\/\/mareapensionista.org\/ca\/wp-json\/wp\/v2\/media?parent=903"}],"wp:term":[{"taxonomy":"category","embeddable":true,"href":"https:\/\/mareapensionista.org\/ca\/wp-json\/wp\/v2\/categories?post=903"},{"taxonomy":"post_tag","embeddable":true,"href":"https:\/\/mareapensionista.org\/ca\/wp-json\/wp\/v2\/tags?post=903"}],"curies":[{"name":"wp","href":"https:\/\/api.w.org\/{rel}","templated":true}]}}