{"id":919,"date":"2021-03-07T07:50:18","date_gmt":"2021-03-07T07:50:18","guid":{"rendered":"https:\/\/mareapensionista.org\/2021\/03\/07\/pension-de-jubilacion-recopilacion-de-articulos-por-miguel-arenas\/"},"modified":"2021-03-07T07:50:18","modified_gmt":"2021-03-07T07:50:18","slug":"pension-de-jubilacion-recopilacion-de-articulos-por-miguel-arenas","status":"publish","type":"post","link":"https:\/\/mareapensionista.org\/ca\/2021\/03\/07\/pension-de-jubilacion-recopilacion-de-articulos-por-miguel-arenas\/","title":{"rendered":"PENSI\u00d3N DE JUBILACI\u00d3N (recopilaci\u00f3n de art\u00edculos) POR MIGUEL ARENAS"},"content":{"rendered":"<h3 class=\"post-title entry-title\">PENSI\u00d3N DE JUBILACI\u00d3N (recopilaci\u00f3n de art\u00edculos)<\/h3>\n<div class=\"post-header\">\u00a0https:\/\/miguelonarenas.blogspot.com.es\/p\/jubilacion.html<\/div>\n<div id=\"post-body-4568147549320258566\" class=\"post-body entry-content\">\n<div><b><u>ADVERTENCIA<\/u><\/b>: ESTA P\u00c1GINA TIENE UN PROBLEMA QUE NO ME PERMITE CONTESTAR LOS COMENTARIOS QUE AQU\u00cd SE CUELGAN. SI TIENES UNA CUESTI\u00d3N DE JUBILACI\u00d3N DEBES PUBLICARLA EN OTRA ENTRADA DEL BLOG.<\/p>\n<p>Ante la reforma de las pensiones, especialmente la de jubilaci\u00f3n, la dispersi\u00f3n normativa,las diferentes casu\u00edsticas en funci\u00f3n de la fecha de extinci\u00f3n de la relaci\u00f3n laboral, la aplicaci\u00f3n transitoria de la normativa, etc&#8230;, intentamos poner un poco de orden, por lo que recopilamos todos los art\u00edculos del blog relativos a la pensi\u00f3n de jubilaci\u00f3n.<\/p>\n<\/div>\n<div><a href=\"http:\/\/miguelonarenas.blogspot.com.es\/2016\/12\/tributar-durante-la-jubilacion-un.html\">\u00bfTRIBUTAR DURANTE LA JUBILACI\u00d3N?. UN DEBATE CADA VEZ M\u00c1S AMPLIO<\/a><\/p>\n<p><a href=\"http:\/\/miguelonarenas.blogspot.com.es\/2017\/01\/jubilacion-en-el-2017-diez-aspectos.html\">JUBILACI\u00d3N EN EL 2017. 10 ASPECTOS A TENER EN CUENTA.<\/a><\/p>\n<p><a href=\"http:\/\/miguelonarenas.blogspot.com.es\/2016\/09\/y-entonces-con-que-edad-podre-jubilarme.html\">Y, ENTONCES, \u00bfCON QU\u00c9 EDAD PODR\u00c9 JUBILARME?<\/a><\/p>\n<p><a href=\"http:\/\/miguelonarenas.blogspot.com.es\/2016\/08\/el-actual-articulado-de-la-pension-de.html\">ACTUAL ARTICULADO DE LA PENSI\u00d3N DE JUBILACI\u00d3N EN EL RDL 8\/2015.<\/a><\/p>\n<p><a href=\"http:\/\/miguelonarenas.blogspot.com.es\/2016\/02\/las-pensiones-debate-preguntas-y.html\">LAS PENSIONES A DEBATE. PREGUNTAS Y RESPUESTAS.<\/a><\/p>\n<p><a href=\"http:\/\/miguelonarenas.blogspot.com.es\/2016\/01\/jubilacion-en-el-2016-aspectos-tener-en.html\">JUBILACI\u00d3N EN EL 2016. ASPECTOS A TENER EN CUENTA.<\/a><\/p>\n<p><a href=\"http:\/\/miguelonarenas.blogspot.com.es\/2015\/12\/revalorizacion-pensiones-para-el-2016.html\">REVALORIZACI\u00d3N DE PENSIONES EN EL 2016.<\/a><\/p>\n<p><a href=\"http:\/\/miguelonarenas.blogspot.com.es\/2014\/12\/jubilacion-en-el-2015-aspectos-tener-en.html\" target=\"_blank\" rel=\"noopener noreferrer\">JUBILACI\u00d3N EN EL 2015. ASPECTOS A TENER EN CUENTA<\/a><br \/>\n<span class=\"Apple-style-span\"><br \/>\n<a href=\"http:\/\/miguelonarenas.blogspot.com.es\/2015\/01\/revalorizacion-de-pensiones-para-el.html\" target=\"_blank\" rel=\"noopener noreferrer\">REVALORIZACI\u00d3N DE PENSONES PARA EL EJERCICIO 2015<\/a><\/span><\/p>\n<p><span class=\"Apple-style-span\"><a href=\"http:\/\/miguelonarenas.blogspot.com.es\/2014\/02\/jubilacion-en-el-ano-2014-cuestiones.html\" target=\"_blank\" rel=\"noopener noreferrer\">JUBILACI\u00d3N EN EL 2014. ASPECTOS A TENER EN CUENTA<\/a><\/span><br \/>\n<span class=\"Apple-style-span\"><br \/>\n<\/span><\/div>\n<div><a href=\"http:\/\/miguelonarenas.blogspot.com.es\/2012\/12\/comentarios-en-una-primera-lectura-del.html\" target=\"_blank\" rel=\"noopener noreferrer\"><span class=\"Apple-style-span\">COMENTARIOS, EN UNA PRIMERA LECTURA, DEL R.D. LEY 29\/2012, EN RELACI\u00d3N A LA LEY 27\/2011 Y LA REFORMA DEL SISTEMA DE PENSIONES.<\/span><\/a><br \/>\n<span class=\"Apple-style-span\"><br \/>\n<a href=\"http:\/\/miguelonarenas.blogspot.com.es\/2013\/10\/cual-es-mi-edad-de-jubilacion-ordinaria.html\" target=\"_blank\" rel=\"noopener noreferrer\">\u00bfCUAL ES MI EDAD ORDINARIA DE JUBILACI\u00d3N?<\/a><\/span><br \/>\n<span class=\"Apple-style-span\"><br \/>\n<a href=\"http:\/\/miguelonarenas.blogspot.com.es\/2013\/09\/consultorio-practico-sobre-pension-de.html\" target=\"_blank\" rel=\"noopener noreferrer\">CONSULTORIO PR\u00c1CTICO SOBRE PENSI\u00d3N DE JUBILACI\u00d3N.<\/a><\/span><br \/>\n<span class=\"Apple-style-span\"><br \/>\n<a href=\"http:\/\/miguelonarenas.blogspot.com.es\/2013\/09\/el-club-de-la-comedia-fatima-ibanez-y.html\" target=\"_blank\" rel=\"noopener noreferrer\">EL CLUB DE LA COMEDIA: FATIMA IB\u00c1\u00d1EZ Y EL FACTOR DE SOSTENIBILIDAD<\/a><\/span><br \/>\n<span class=\"Apple-style-span\"><br \/>\n<a href=\"http:\/\/miguelonarenas.blogspot.com.es\/2013\/08\/voy-jubilarme-consejos-practicos-para.html\" target=\"_blank\" rel=\"noopener noreferrer\">VOY A JUBILARME, CONSEJOS PR\u00c1CTICOS<\/a><\/span><br \/>\n<span class=\"Apple-style-span\"><br \/>\n<a href=\"http:\/\/miguelonarenas.blogspot.com.es\/2013\/08\/y-ahora-como-se-computa-mi-cotizacion.html\" target=\"_blank\" rel=\"noopener noreferrer\">\u00bfY AHORA COMO SE COMPUTA MI COTIZACI\u00d3N A TIEMPO PARCIAL? CR\u00cdTICA AL RDLEY 11\/2013<\/a><\/span><br \/>\n<span class=\"Apple-style-span\"><br \/>\n<a href=\"http:\/\/miguelonarenas.blogspot.com.es\/2013\/07\/la-no-revalorizacion-de-las-pensiones_4.html\" target=\"_blank\" rel=\"noopener noreferrer\">LA (NO) REVALORIZACI\u00d3N DE LAS PENSIONES.<\/a><\/span><br \/>\n<span class=\"Apple-style-span\"><br \/>\n<a href=\"http:\/\/miguelonarenas.blogspot.com.es\/2013\/06\/por-fin-el-programa-para-calcular-la.html\" target=\"_blank\" rel=\"noopener noreferrer\">POR FIN: EL PROGRAMA PARA CALCULAR LA PENSI\u00d3N DE JUBILACI\u00d3N.<\/a><\/span><br \/>\n<span class=\"Apple-style-span\"><br \/>\n<a href=\"http:\/\/miguelonarenas.blogspot.com.es\/2013\/06\/otra-mentira-mas-el-informe-sobre-el.html\" target=\"_blank\" rel=\"noopener noreferrer\">OTRA MENTIRA M\u00c1S: EL INFORME SOBRE EL FACTOR DE SOSTENIBILIDAD DE LASPENSIONES.<\/a><\/span><br \/>\n<span class=\"Apple-style-span\"><br \/>\n<a href=\"http:\/\/miguelonarenas.blogspot.com.es\/2013\/05\/cuadros-comparativos-segun-las.html\" target=\"_blank\" rel=\"noopener noreferrer\">CUADROS COMPARATIVOS SEG\u00daN LAS DISTINTAS MODALIDADES DE JUBILACI\u00d3N<\/a><\/span><br \/>\n<span class=\"Apple-style-span\"><br \/>\n<a href=\"http:\/\/miguelonarenas.blogspot.com.es\/2013\/05\/el-actual-sistema-de-pensiones-entre-la.html\" target=\"_blank\" rel=\"noopener noreferrer\">EL ACTUAL SISTEMA DE PENSIONES: ENTRE LA POBREZA Y LA PRIVATIZACI\u00d3N<\/a><\/span><br \/>\n<span class=\"Apple-style-span\"><br \/>\n<a href=\"http:\/\/miguelonarenas.blogspot.com.es\/2013\/05\/criterios-del-inss-en-aplicacion-de-la.html\" target=\"_blank\" rel=\"noopener noreferrer\">CRITERIOS DEL INSS EN APLICACI\u00d3N DE LA REFORMA DE LA PENSI\u00d3N DE JUBILACI\u00d3N<\/a><\/span><br \/>\n<span class=\"Apple-style-span\"><br \/>\n<a href=\"http:\/\/miguelonarenas.blogspot.com.es\/2013\/03\/nuevo-ataque-las-pensiones-resumen-de.html\" target=\"_blank\" rel=\"noopener noreferrer\">NUEVO ATAQUE A LAS PENSIONES. RESUMEN DE LAS REFORMAS EFECTUADAS POR EL RD LEY 5\/2013.<\/a><\/span><br \/>\n<span class=\"Apple-style-span\"><br \/>\n<a href=\"http:\/\/miguelonarenas.blogspot.com.es\/2013\/03\/nuevas-modalidades-de-jubilacion.html\" target=\"_blank\" rel=\"noopener noreferrer\">NUEVAS MODALIDADES DE JUBILACI\u00d3N EN EL RDLEY 5\/2013<\/a><\/span><br \/>\n<span class=\"Apple-style-span\"><br \/>\n<a href=\"http:\/\/miguelonarenas.blogspot.com.es\/2013\/03\/critica-al-real-decreto-ley-52013-que.html\" target=\"_blank\" rel=\"noopener noreferrer\">CR\u00cdTICA AL RDLEY 5\/2013<\/a><\/span><br \/>\n<span class=\"Apple-style-span\"><br \/>\n<a href=\"http:\/\/miguelonarenas.blogspot.com.es\/2013\/03\/derecho-del-jubilado-parcial-percibir.html\" target=\"_blank\" rel=\"noopener noreferrer\">DERECHO DEL JUBILADO PARCIAL A PERCIBIR LA PENSI\u00d3N HASTA SU JUBILACI\u00d3N ORDINARIA EN CASO DE DESPIDOS COLECTIVOS<\/a><\/span><br \/>\n<span class=\"Apple-style-span\"><br \/>\n<a href=\"http:\/\/miguelonarenas.blogspot.com.es\/2013\/02\/revalorizacion-de-las-pensiones-2012-y.html\" target=\"_blank\" rel=\"noopener noreferrer\">REVALORIZACI\u00d3N DE LAS PENSIONES 2012. Y AHORA, LA DEMANDA<\/a><\/span><br \/>\n<span class=\"Apple-style-span\"><br \/>\n<a href=\"http:\/\/miguelonarenas.blogspot.com.es\/2013\/01\/y-entonces-con-que-edad-me-puedo-jubilar.html\" target=\"_blank\" rel=\"noopener noreferrer\">Y, ENTONCES, \u00bfCON QUE EDAD ME PUEDO JUBILAR?<\/a><\/span><br \/>\n<span class=\"Apple-style-span\"><br \/>\n<a href=\"http:\/\/miguelonarenas.blogspot.com.es\/2013\/01\/existe-vida-laboral-mas-alla-de-la.html\" target=\"_blank\" rel=\"noopener noreferrer\">\u00bfEXISTE VIDA -LABORAL- M\u00c1S ALL\u00c1 DE LA JUBILACI\u00d3N? PROLONGACI\u00d3N DE LA EDAD DE JUBILACI\u00d3N, JUBILACI\u00d3N FLEXIBLE Y COMPATIBILIDAD ENTRE JUBILACI\u00d3N Y TRABAJO.<\/a><\/span><br \/>\n<span class=\"Apple-style-span\"><br \/>\n<a href=\"http:\/\/miguelonarenas.blogspot.com.es\/2012\/12\/comentarios-en-una-primera-lectura-del.html\" target=\"_blank\" rel=\"noopener noreferrer\">COMENTARIOS, EN UNA PRIMERA LECTURA, DEL R.D. LEY 29\/2012, EN RELACI\u00d3N A LA LEY 27\/2011 Y LA REFORMA DEL SISTEMA DE PENSIONES.<\/a><\/span><br \/>\n<span class=\"Apple-style-span\"><br \/>\n<a href=\"http:\/\/miguelonarenas.blogspot.com.es\/2012\/12\/nuevo-pensionazo-el-gobierno-elimina.html\" target=\"_blank\" rel=\"noopener noreferrer\">NUEVO PENSIONAZO, EL GOBIERNO ELIMINA POR DECRETO LA REVALORIZACI\u00d3N Y ACTUALIZACI\u00d3N DE LAS PENSIONES.<\/a><\/span><br \/>\n<span class=\"Apple-style-span\"><br \/>\n<a href=\"http:\/\/miguelonarenas.blogspot.com.es\/2012\/09\/pension-de-jubilacion-cuestion-de.html\" target=\"_blank\" rel=\"noopener noreferrer\">PENSI\u00d3N DE JUBILACI\u00d3N, \u00bfCUESTI\u00d3N DE CLASES SOCIALES?<\/a><\/span><br \/>\n<span class=\"Apple-style-span\"><br \/>\n<a href=\"http:\/\/miguelonarenas.blogspot.com.es\/2012\/09\/la-reforma-de-las-pensiones.html\" target=\"_blank\" rel=\"noopener noreferrer\">LA REFORMA DE LAS PENSIONES<\/a><\/span><\/div>\n<\/div>","protected":false},"excerpt":{"rendered":"<p>PENSI\u00d3N DE JUBILACI\u00d3N (recopilaci\u00f3n de art\u00edculos) \u00a0https:\/\/miguelonarenas.blogspot.com.es\/p\/jubilacion.html ADVERTENCIA: ESTA P\u00c1GINA TIENE UN PROBLEMA QUE NO ME PERMITE CONTESTAR LOS COMENTARIOS QUE AQU\u00cd SE CUELGAN. SI TIENES UNA CUESTI\u00d3N DE JUBILACI\u00d3N DEBES PUBLICARLA EN OTRA ENTRADA DEL BLOG. Ante la reforma de las pensiones, especialmente la de jubilaci\u00f3n, la dispersi\u00f3n normativa,las diferentes casu\u00edsticas en funci\u00f3n de&hellip;&nbsp;<a href=\"https:\/\/mareapensionista.org\/ca\/2021\/03\/07\/pension-de-jubilacion-recopilacion-de-articulos-por-miguel-arenas\/\" class=\"\" rel=\"bookmark\">Read More &raquo;<span class=\"screen-reader-text\">PENSI\u00d3N DE JUBILACI\u00d3N (recopilaci\u00f3n de art\u00edculos) POR MIGUEL ARENAS<\/span><\/a><\/p>","protected":false},"author":1,"featured_media":0,"comment_status":"open","ping_status":"open","sticky":false,"template":"","format":"standard","meta":{"neve_meta_sidebar":"","neve_meta_container":"","neve_meta_enable_content_width":"","neve_meta_content_width":0,"neve_meta_title_alignment":"","neve_meta_author_avatar":"","neve_post_elements_order":"","neve_meta_disable_header":"","neve_meta_disable_footer":"","neve_meta_disable_title":"","_ti_tpc_template_sync":false,"_ti_tpc_template_id":"","footnotes":""},"categories":[],"tags":[],"class_list":["post-919","post","type-post","status-publish","format-standard","hentry"],"_links":{"self":[{"href":"https:\/\/mareapensionista.org\/ca\/wp-json\/wp\/v2\/posts\/919","targetHints":{"allow":["GET"]}}],"collection":[{"href":"https:\/\/mareapensionista.org\/ca\/wp-json\/wp\/v2\/posts"}],"about":[{"href":"https:\/\/mareapensionista.org\/ca\/wp-json\/wp\/v2\/types\/post"}],"author":[{"embeddable":true,"href":"https:\/\/mareapensionista.org\/ca\/wp-json\/wp\/v2\/users\/1"}],"replies":[{"embeddable":true,"href":"https:\/\/mareapensionista.org\/ca\/wp-json\/wp\/v2\/comments?post=919"}],"version-history":[{"count":0,"href":"https:\/\/mareapensionista.org\/ca\/wp-json\/wp\/v2\/posts\/919\/revisions"}],"wp:attachment":[{"href":"https:\/\/mareapensionista.org\/ca\/wp-json\/wp\/v2\/media?parent=919"}],"wp:term":[{"taxonomy":"category","embeddable":true,"href":"https:\/\/mareapensionista.org\/ca\/wp-json\/wp\/v2\/categories?post=919"},{"taxonomy":"post_tag","embeddable":true,"href":"https:\/\/mareapensionista.org\/ca\/wp-json\/wp\/v2\/tags?post=919"}],"curies":[{"name":"wp","href":"https:\/\/api.w.org\/{rel}","templated":true}]}}