{"id":923,"date":"2021-03-07T07:50:18","date_gmt":"2021-03-07T07:50:18","guid":{"rendered":"https:\/\/mareapensionista.org\/2021\/03\/07\/los-pensionistas-de-jerez-se-organizan-nos-lo-estan-quitando-todo\/"},"modified":"2021-03-07T07:50:18","modified_gmt":"2021-03-07T07:50:18","slug":"los-pensionistas-de-jerez-se-organizan-nos-lo-estan-quitando-todo","status":"publish","type":"post","link":"https:\/\/mareapensionista.org\/ca\/2021\/03\/07\/los-pensionistas-de-jerez-se-organizan-nos-lo-estan-quitando-todo\/","title":{"rendered":"Los pensionistas de Jerez se organizan: \u00abNos lo est\u00e1n quitando todo\u00bb"},"content":{"rendered":"<div class=\"panel-pane pane-node-title\">\n<div class=\"pane-content\">\n<h2 class=\"page-title\">Los pensionistas de Jerez se organizan: \u00abNos lo est\u00e1n quitando todo\u00bb<\/h2>\n<\/div>\n<\/div>\n<div class=\"panel-separator\"><\/div>\n<div class=\"panel-pane pane-entity-field pane-node-field-article-subtitles\">\n<div class=\"pane-content\">\n<div class=\"field field-name-field-article-subtitles field-type-text-long field-label-hidden\">\n<div class=\"field-items\">\n<div class=\"field-item even\">\n<p>La Marea de Pensionistas y Jubilados da sus primeros pasos en la ciudad para intentar impedir la p\u00e9rdida de poder adquisitivo de un colectivo que aglutina a m\u00e1s de 9,5 millones de personas en todo el pa\u00eds.<\/p>\n<\/div>\n<\/div>\n<\/div>\n<\/div>\n<\/div>\n<div class=\"panel-separator\"><\/div>\n<div class=\"panel-pane pane-views-panes pane-lvds-ads-nodes-ads-separator-node-pane\">\n<div class=\"pane-content\">\n<div class=\"view view-lvds-ads-nodes view-id-lvds_ads_nodes view-display-id-ads_separator_node_pane view-ads view-dom-id-ebf4f3b349e5c59ae99c8b7125dc10c3\">\n<div class=\"view-content\">\n<div class=\"views-row views-row-1 views-row-odd views-row-first views-row-last\">\n<div class=\"ds-1col node node-ads label-publicidad view-mode-ads_no_button  clearfix\" data-id=\"20219\">\n<div class=\"field field-name-field-ads-label field-type-text field-label-hidden\"><\/div>\n<div class=\"field field-name-field-ads-media field-type-field-collection field-label-hidden\">\n<div class=\"field-items\">\n<div class=\"field-item even\">\n<div class=\"entity entity-field-collection-item field-collection-item-field-ads-media clearfix\">\n<div class=\"content\">\n<div class=\"field field-name-field-ads-image field-type-image field-label-hidden\">\n<div class=\"field-items\">\n<div class=\"field-item even\"><\/div>\n<\/div>\n<\/div>\n<\/div>\n<\/div>\n<\/div>\n<\/div>\n<\/div>\n<\/div>\n<\/div>\n<\/div>\n<\/div>\n<\/div>\n<\/div>\n<div class=\"panel-separator\"><\/div>\n<div class=\"panel-pane pane-entity-field pane-node-field-featured-image\">\n<div class=\"pane-content\">\n<div class=\"field field-name-field-featured-image field-type-image field-label-hidden\">\n<div class=\"field-items\">\n<div class=\"field-item even\">\n<div class=\"ds-1col file file-image file-image-jpeg view-mode-news_page_image  clearfix\"><a class=\"colorbox init-colorbox-processed cboxElement\" title=\" \/ \" href=\"https:\/\/www.lavozdelsur.es\/sites\/default\/files\/marea-pensionistas.jpg\" rel=\"gallery-file-40445\"><img decoding=\"async\" class=\"bs-9-cols\" title=\"\" src=\"https:\/\/www.lavozdelsur.es\/sites\/default\/files\/styles\/bs_9_cols\/public\/marea-pensionistas.jpg?itok=LVula0e8\" alt=\"\" \/><\/a><\/p>\n<div class=\"field field-name-field-image-description field-type-text-long field-label-hidden\">\n<div class=\"field-items\">\n<div class=\"field-item even\">Integrantes de la Marea\u00a0 Pensionista de Catalunya<\/div>\n<\/div>\n<\/div>\n<\/div>\n<\/div>\n<\/div>\n<\/div>\n<\/div>\n<\/div>\n<div class=\"panel-separator\"><\/div>\n<div class=\"panel-pane pane-views-panes pane-news-more-info-pane news-more-info-pane col-xs-12 col-sm-6 pull-right\"><\/div>\n<div class=\"panel-pane pane-entity-field pane-node-body\">\n<div class=\"pane-content\">\n<div class=\"field field-name-body field-type-text-with-summary field-label-hidden\">\n<div class=\"field-items\">\n<div class=\"field-item even\">\n<p>\u201cHemos trabajado durante much\u00edsimos a\u00f1os y nos lo est\u00e1n quitando todo, dentro de poco no vamos a poder vivir\u201d, relata Juan Miguel Morodo, uno de los integrantes y portavoces de la reci\u00e9n constituida Marea de Pensionistas y Jubilados de Jerez. Este movimiento comenz\u00f3 a gestarse en torno al mes de febrero, cuando Juan Miguel y su amigo Juan Pedro estaban conversando tranquilamente y se les ocurri\u00f3, hartos de quejarse \u201csentados en un banco\u201d de la merma que estaban teniendo en sus pensiones y de los recortes y copagos sufridos en los \u00faltimos a\u00f1os, que deb\u00edan pasar a la acci\u00f3n. \u201cVamos a perder casi 200 euros anuales\u201d, relata Juan Miguel, quien considera que, despu\u00e9s de toda una vida trabajando, tienen ante s\u00ed un \u201cfuturo incierto\u201d.<\/p>\n<p>El Gobierno central prev\u00e9 una subida residual del 0,25% para este a\u00f1o \u2014la inflaci\u00f3n anual estimada del IPC es del 1,5% interanual\u2014, en el que es uno de los caballos de batalla de la Marea de Pensionistas y Jubilados, que aspira a luchar, no solo por ellos, sino \u201cpor las generaciones que vengan\u201d, para que \u201ctengan una claridad y un futuro\u201d, insiste Juan Miguel Morodo en declaraciones a\u00a0<a href=\"https:\/\/www.lavozdelsur.es\/\">lavozdelsur.es<\/a>. El movimiento tiene entre sus reivindicaciones la eliminaci\u00f3n del copago sanitario, el aumento de las ayudas a la dependencia, la equiparaci\u00f3n de las pensiones de viudedad a las del fallecido, y que se asegure el pago de las pensiones mediante los Presupuestos Generales del Estado.<\/p>\n<p>El Gobierno central estima que, en los pr\u00f3ximos a\u00f1os, seg\u00fan el \u00faltimo informe enviado a Bruselas en el marco del Programa de Estabilidad, las pensiones se reducir\u00e1n un 4% cada diez a\u00f1os desde 2019, ejercicio desde el que decrecer\u00e1n un 0,45% cada ejercicio, o lo que es lo mismo: los jubilados que ahora cobran 1.000 euros no pasar\u00e1n de 960 dentro de una d\u00e9cada. \u201cEl futuro es peor de lo que nos han dicho hasta ahora\u201d, sostiene Morodo, impulsor de la Marea jerezana, aunque anuncia que tambi\u00e9n est\u00e1 habiendo movimiento en localidades cercanas como Arcos, Espera y otras de la Sierra de C\u00e1diz. \u201cHablamos con todo el mundo para hacerlo de la mejor forma posible y que hubiera uni\u00f3n, pero en Jerez es complicado\u201d, confiesa Juan Miguel.<\/p>\n<p>La Marea de Pensionistas y Jubilados se volver\u00e1 a reunir a mediados de agosto, el d\u00eda 16, para realizar una asamblea abierta en una plaza del centro. \u201cNo vamos a tener vacaciones, hay que preparar una detr\u00e1s de otra\u201d, sostiene Morodo, quien asegura que con la constituci\u00f3n de esta organizaci\u00f3n \u201cse ha iniciado un camino\u201d de lucha que esperan mantener en el tiempo hasta conseguir sus objetivos. \u201cHay personas que solo cobran 400 euros de pensi\u00f3n, por lo que no hemos visto m\u00e1s remedio que reclamar lo nuestro, en vez de estar sentados en los bancos o de viaje con el Imserso\u201d.<\/p>\n<p>La pensi\u00f3n media en Andaluc\u00eda est\u00e1, seg\u00fan datos de julio, en 826,90 euros, una cifra que es un 1,6% superior al mismo mes de 2016, aunque un 10,3% inferior a la media nacional, que est\u00e1 en 921,10 euros. El n\u00famero de pensiones que hay en la comunidad andaluza es de 1.527.753, un 1,4% m\u00e1s que en julio del ejercicio anterior, seg\u00fan datos del Instituto Nacional de la Seguridad Social del Ministerio de Empleo y Seguridad Social. En todo el pa\u00eds, el n\u00famero de pensiones asciende hasta 9.521.991, un 1,1% superior al mismo mes de 2016. As\u00ed, la Seguridad Social destin\u00f3 en julio un total de 8.770,7 millones de euros al pago de las pensiones, una cifra r\u00e9cord \u2014un 3% superior a la de hace doce meses\u2014.<\/p>\n<\/div>\n<\/div>\n<\/div>\n<\/div>\n<\/div>","protected":false},"excerpt":{"rendered":"<p>Los pensionistas de Jerez se organizan: \u00abNos lo est\u00e1n quitando todo\u00bb La Marea de Pensionistas y Jubilados da sus primeros pasos en la ciudad para intentar impedir la p\u00e9rdida de poder adquisitivo de un colectivo que aglutina a m\u00e1s de 9,5 millones de personas en todo el pa\u00eds. Integrantes de la Marea\u00a0 Pensionista de Catalunya&hellip;&nbsp;<a href=\"https:\/\/mareapensionista.org\/ca\/2021\/03\/07\/los-pensionistas-de-jerez-se-organizan-nos-lo-estan-quitando-todo\/\" class=\"\" rel=\"bookmark\">Read More &raquo;<span class=\"screen-reader-text\">Los pensionistas de Jerez se organizan: \u00abNos lo est\u00e1n quitando todo\u00bb<\/span><\/a><\/p>","protected":false},"author":1,"featured_media":0,"comment_status":"open","ping_status":"open","sticky":false,"template":"","format":"standard","meta":{"neve_meta_sidebar":"","neve_meta_container":"","neve_meta_enable_content_width":"","neve_meta_content_width":0,"neve_meta_title_alignment":"","neve_meta_author_avatar":"","neve_post_elements_order":"","neve_meta_disable_header":"","neve_meta_disable_footer":"","neve_meta_disable_title":"","_ti_tpc_template_sync":false,"_ti_tpc_template_id":"","footnotes":""},"categories":[],"tags":[],"class_list":["post-923","post","type-post","status-publish","format-standard","hentry"],"_links":{"self":[{"href":"https:\/\/mareapensionista.org\/ca\/wp-json\/wp\/v2\/posts\/923","targetHints":{"allow":["GET"]}}],"collection":[{"href":"https:\/\/mareapensionista.org\/ca\/wp-json\/wp\/v2\/posts"}],"about":[{"href":"https:\/\/mareapensionista.org\/ca\/wp-json\/wp\/v2\/types\/post"}],"author":[{"embeddable":true,"href":"https:\/\/mareapensionista.org\/ca\/wp-json\/wp\/v2\/users\/1"}],"replies":[{"embeddable":true,"href":"https:\/\/mareapensionista.org\/ca\/wp-json\/wp\/v2\/comments?post=923"}],"version-history":[{"count":0,"href":"https:\/\/mareapensionista.org\/ca\/wp-json\/wp\/v2\/posts\/923\/revisions"}],"wp:attachment":[{"href":"https:\/\/mareapensionista.org\/ca\/wp-json\/wp\/v2\/media?parent=923"}],"wp:term":[{"taxonomy":"category","embeddable":true,"href":"https:\/\/mareapensionista.org\/ca\/wp-json\/wp\/v2\/categories?post=923"},{"taxonomy":"post_tag","embeddable":true,"href":"https:\/\/mareapensionista.org\/ca\/wp-json\/wp\/v2\/tags?post=923"}],"curies":[{"name":"wp","href":"https:\/\/api.w.org\/{rel}","templated":true}]}}