{"id":924,"date":"2021-03-07T07:50:18","date_gmt":"2021-03-07T07:50:18","guid":{"rendered":"https:\/\/mareapensionista.org\/2021\/03\/07\/pensiones-publicas-si-privadas-no\/"},"modified":"2021-03-07T07:50:18","modified_gmt":"2021-03-07T07:50:18","slug":"pensiones-publicas-si-privadas-no","status":"publish","type":"post","link":"https:\/\/mareapensionista.org\/ca\/2021\/03\/07\/pensiones-publicas-si-privadas-no\/","title":{"rendered":"PENSIONES P\u00daBLICAS S\u00cd, PRIVADAS NO"},"content":{"rendered":"<p>1. PENSIONES P\u00daBLICAS S\u00cd, PRIVADAS NO 2. LAS PENSIONES SON UN DERECHO PAGADO Y GANADO 3. VOSOTROS LADRONES NOS ROB\u00c1IS LAS PENSIONES 4. DINERO PARA LOS BANCOS, PAGADOS NUESTRAS PENSIONES 5. IGUALDAD DE GENERO EN MATERIA DE PENSIONES 6. PENSIONISTAS NO VOT\u00c9IS A QUIEN NO DEFIENDA LAS PENSIONES 6. SI TODOS LUCHAMOS, DEFENDEMOS LAS PENSIONES DE HOY Y MA\u00d1ANA 7. PENSIONES GARANTIZADAS POR LOS PRESUPUESTOS DEL ESTADO 8. SUBIDA ANUAL CON EL IPC REAL. 9. TODOS LOS POL\u00cdTICOS AL SISTEMA GENERAL DE LA SEGURIDAD SOCIAL&#8230;&#8230;&#8230;. AL FINAL DE LAS FRASES SE PUEDE HACER UNA PETICI\u00d3N GENERAL. Hombres, mujeres, j\u00f3venes y mayores un\u00edos a la Marea Pensionista para salvar las pensiones. D\u00eda 26 de octubre 10,30 horas INSS, Sant Antoni Maria Claret 5-11 acude a nuestra movilizaci\u00f3n estatal. Lucha para salvar las pensiones de hoy y de ma\u00f1ana. Por favor haz llegar esto a todos, junto con el orden del d\u00eda de la reuni\u00f3n y la petici\u00f3n de que lleven la camiseta. Gracias por el trabajo inestimable que realizas.<\/p>","protected":false},"excerpt":{"rendered":"<p>1. PENSIONES P\u00daBLICAS S\u00cd, PRIVADAS NO 2. LAS PENSIONES SON UN DERECHO PAGADO Y GANADO 3. VOSOTROS LADRONES NOS ROB\u00c1IS LAS PENSIONES 4. DINERO PARA LOS BANCOS, PAGADOS NUESTRAS PENSIONES 5. IGUALDAD DE GENERO EN MATERIA DE PENSIONES 6. PENSIONISTAS NO VOT\u00c9IS A QUIEN NO DEFIENDA LAS PENSIONES 6. SI TODOS LUCHAMOS, DEFENDEMOS LAS PENSIONES&hellip;&nbsp;<a href=\"https:\/\/mareapensionista.org\/ca\/2021\/03\/07\/pensiones-publicas-si-privadas-no\/\" class=\"\" rel=\"bookmark\">Read More &raquo;<span class=\"screen-reader-text\">PENSIONES P\u00daBLICAS S\u00cd, PRIVADAS NO<\/span><\/a><\/p>","protected":false},"author":1,"featured_media":0,"comment_status":"open","ping_status":"open","sticky":false,"template":"","format":"standard","meta":{"neve_meta_sidebar":"","neve_meta_container":"","neve_meta_enable_content_width":"","neve_meta_content_width":0,"neve_meta_title_alignment":"","neve_meta_author_avatar":"","neve_post_elements_order":"","neve_meta_disable_header":"","neve_meta_disable_footer":"","neve_meta_disable_title":"","_ti_tpc_template_sync":false,"_ti_tpc_template_id":"","footnotes":""},"categories":[],"tags":[],"class_list":["post-924","post","type-post","status-publish","format-standard","hentry"],"_links":{"self":[{"href":"https:\/\/mareapensionista.org\/ca\/wp-json\/wp\/v2\/posts\/924","targetHints":{"allow":["GET"]}}],"collection":[{"href":"https:\/\/mareapensionista.org\/ca\/wp-json\/wp\/v2\/posts"}],"about":[{"href":"https:\/\/mareapensionista.org\/ca\/wp-json\/wp\/v2\/types\/post"}],"author":[{"embeddable":true,"href":"https:\/\/mareapensionista.org\/ca\/wp-json\/wp\/v2\/users\/1"}],"replies":[{"embeddable":true,"href":"https:\/\/mareapensionista.org\/ca\/wp-json\/wp\/v2\/comments?post=924"}],"version-history":[{"count":0,"href":"https:\/\/mareapensionista.org\/ca\/wp-json\/wp\/v2\/posts\/924\/revisions"}],"wp:attachment":[{"href":"https:\/\/mareapensionista.org\/ca\/wp-json\/wp\/v2\/media?parent=924"}],"wp:term":[{"taxonomy":"category","embeddable":true,"href":"https:\/\/mareapensionista.org\/ca\/wp-json\/wp\/v2\/categories?post=924"},{"taxonomy":"post_tag","embeddable":true,"href":"https:\/\/mareapensionista.org\/ca\/wp-json\/wp\/v2\/tags?post=924"}],"curies":[{"name":"wp","href":"https:\/\/api.w.org\/{rel}","templated":true}]}}