{"id":926,"date":"2021-03-07T07:50:18","date_gmt":"2021-03-07T07:50:18","guid":{"rendered":"https:\/\/mareapensionista.org\/2021\/03\/07\/926\/"},"modified":"2021-03-07T07:50:18","modified_gmt":"2021-03-07T07:50:18","slug":"926","status":"publish","type":"post","link":"https:\/\/mareapensionista.org\/ca\/2021\/03\/07\/926\/","title":{"rendered":""},"content":{"rendered":"<p>http:\/\/www.rendagarantidaciutadana.net\/index.php\/es https:\/\/mareapensionista.org\/<\/p>\n<p>LA RGC es una prestaci\u00f3n econ\u00f3mica de car\u00e1cter subjetivo, destinada a personas y\/o unidades familiares sin ingresos o con ingresos inferiores a las cuant\u00edas que indica la tabla de prestaciones de la RGC. El requisito de carencia de rentas debe acreditarse durante los 6 meses anteriores al momento de hacer la solicitud. Computanel conjunto deingresos de todoslosmiembros delaunidad familiar.Nocomputa el valor econ\u00f3mico dela vivienda en propiedad donde se vive.Tampococomputan yportanto se pueden cobraradem\u00e1sdela RGC: Prestacionesecon\u00f3micasp\u00fablicasoprivadasdedependencia;becasescolaresdecomedorytransporte;ayudas de urgencia para evitar desahucios; becas p\u00fablicas para estudiar (bachillerato o universidad); ayudas que tengan la finalidad expl\u00edcita de complementarla RGC por parte del Ayuntamiento. La RGC no es embargable. Esta prestaci\u00f3n se implementar\u00e1 progresivamente entre el 15 de septiembre 2017 y 1 de abril 2020. 2017,<\/p>\n<p>N\u00ba persones import\u00a0 \u00a0 \u00a0 \u00a0 \u00a0 \u00a0 \u00a0 \u00a0 \u00a0 import\u00a0 \u00a0 \u00a0 \u00a0 \u00a0 \u00a0 \u00a0 \u00a0 \u00a0 \u00a0import\u00a0 \u00a0 \u00a0 \u00a0 \u00a0 \u00a0 \u00a0 \u00a0 \u00a0 \u00a0 \u00a0 \u00a0 \u00a0 \u00a0 \u00a0 \u00a0 \u00a0 \u00a0import<\/p>\n<p>15 setembre 2018,\u00a0 \u00a0 \u00a0 \u00a0 \u00a0 \u00a0 \u00a0 \u00a0 \u00a015 setembre 2019, 15 setembre 2020, 1\u00ba d\u2019abril<\/p>\n<p>1\u00a0 \u00a0 \u00a0 \u00a0 \u00a0 \u00a0 \u00a0 \u00a0 \u00a0 \u00a0 \u00a0 \u00a0 \u00a0 \u00a0 \u00a0 564\u00a0 \u00a0 \u00a0 \u00a0604\u00a0 \u00a0 \u00a0644\u00a0 \u00a0 \u00a0 \u00a0 \u00a0664<\/p>\n<p>2\u00a0 \u00a0 \u00a0 \u00a0 \u00a0 \u00a0 \u00a0 \u00a0 \u00a0 \u00a0 \u00a0 \u00a0 \u00a0 \u00a0 \u00a0846\u00a0 \u00a0 \u00a0 \u00a0906\u00a0 \u00a0 \u00a0966\u00a0 \u00a0 \u00a0 \u00a0 \u00a0 996<\/p>\n<p>3\u00a0 \u00a0 \u00a0 \u00a0 \u00a0 \u00a0 \u00a0 \u00a0 \u00a0 \u00a0 \u00a0 \u00a0 \u00a0 \u00a0 \u00a0921\u00a0 \u00a0 \u00a0 \u00a0 981\u00a0 \u00a01.041\u00a0 \u00a0 \u00a0 \u00a0 1.096<\/p>\n<p>4\u00a0 \u00a0 \u00a0 \u00a0 \u00a0 \u00a0 \u00a0 \u00a0 \u00a0 \u00a0 \u00a0 \u00a0 \u00a0 \u00a0 \u00a0996\u00a0 \u00a0 \u00a01.056\u00a0 1.116\u00a0 \u00a0 \u00a0 \u00a0 \u00a01.196<\/p>\n<p>5\u00a0 \u00a0 \u00a0 \u00a0 \u00a0 \u00a0 \u00a0 \u00a0 \u00a0 \u00a0 \u00a0 \u00a0 \u00a01.071\u00a0 \u00a0 \u00a0 \u00a01.131\u00a0 \u00a01.191\u00a0 \u00a0 \u00a0 \u00a0 \u00a0 1.208<\/p>\n<p>LA RGC SE PUEDE SOLICITAR A PARTIR DEL D\u00cdA 15 DE SEPTIEMBRE DEL 2017 Llamando al tel\u00e9fono 900400012o entrando en laweb www.rendagarantida.gencat.catparaobtener citaprevia Si la solicitud de la RGC se presenta entre el 15\/09\/2017 i el 14\/11\/2017 y se tiene derecho a cobrarla, se cobrar\u00e1 con efectos retroactivos desde el d\u00eda 15\/09\/2017 Si la solicitud se presenta despu\u00e9s del d\u00eda 14\/11\/2017 y se tiene derecho a cobrarla,se cobrar\u00e1 a partir del d\u00eda en que se haga lasolicitud Las personas o familias que perciben el PIRMI pasar\u00e1n autom\u00e1ticamente a cobrar la prestaci\u00f3n de la RGC. Quienes cobran pensiones no contributivas con complemento de la Generalitat pasar\u00e1n a cobrarla diferencia hasta alcanzar la cuant\u00eda de la RGC. Ambos colectivos no necesitar\u00e1n hacerla solicitud. Las oficinas del Servici\u00f3 de Ocupaci\u00f3n de Catalunya (SOC) tramitar\u00e1n las solicitudes de las personas que pueden ocupar un puesto de trabajo. Para el resto de personas hay que dirigirse a las Oficinas de Atenci\u00f3n al Ciudadano, oa las ofocinas deAsuntos Sociales y Familia de la Generalitat. REQUISITOS PARA SOLICITAR LA RGC Ser mayor de 23 a\u00f1os. Mayores de 18 a\u00f1os con menores o personas discapacitadas a cargo, hu\u00e9rfanos, v\u00edctimas de violencia machista en el hogar, otros casos cuando as\u00ed lo establezca el Reglamento. Estar empadronado en Catalu\u00f1a y residir legalmente de manera continuada y efectiva los 24 meses anteriores a la solicitud No ser beneficiario de una prestaci\u00f3n p\u00fablica o privada de servicio residencial permanente de tipo social, sanitario o sociosanitario.<\/p>","protected":false},"excerpt":{"rendered":"<p>http:\/\/www.rendagarantidaciutadana.net\/index.php\/es https:\/\/mareapensionista.org\/ LA RGC es una prestaci\u00f3n econ\u00f3mica de car\u00e1cter subjetivo, destinada a personas y\/o unidades familiares sin ingresos o con ingresos inferiores a las cuant\u00edas que indica la tabla de prestaciones de la RGC. El requisito de carencia de rentas debe acreditarse durante los 6 meses anteriores al momento de hacer la solicitud. Computanel&hellip;&nbsp;<a href=\"https:\/\/mareapensionista.org\/ca\/2021\/03\/07\/926\/\" class=\"\" rel=\"bookmark\">Read More &raquo;<span class=\"screen-reader-text\"><\/span><\/a><\/p>","protected":false},"author":1,"featured_media":0,"comment_status":"open","ping_status":"open","sticky":false,"template":"","format":"standard","meta":{"neve_meta_sidebar":"","neve_meta_container":"","neve_meta_enable_content_width":"","neve_meta_content_width":0,"neve_meta_title_alignment":"","neve_meta_author_avatar":"","neve_post_elements_order":"","neve_meta_disable_header":"","neve_meta_disable_footer":"","neve_meta_disable_title":"","_ti_tpc_template_sync":false,"_ti_tpc_template_id":"","footnotes":""},"categories":[],"tags":[],"class_list":["post-926","post","type-post","status-publish","format-standard","hentry"],"_links":{"self":[{"href":"https:\/\/mareapensionista.org\/ca\/wp-json\/wp\/v2\/posts\/926","targetHints":{"allow":["GET"]}}],"collection":[{"href":"https:\/\/mareapensionista.org\/ca\/wp-json\/wp\/v2\/posts"}],"about":[{"href":"https:\/\/mareapensionista.org\/ca\/wp-json\/wp\/v2\/types\/post"}],"author":[{"embeddable":true,"href":"https:\/\/mareapensionista.org\/ca\/wp-json\/wp\/v2\/users\/1"}],"replies":[{"embeddable":true,"href":"https:\/\/mareapensionista.org\/ca\/wp-json\/wp\/v2\/comments?post=926"}],"version-history":[{"count":0,"href":"https:\/\/mareapensionista.org\/ca\/wp-json\/wp\/v2\/posts\/926\/revisions"}],"wp:attachment":[{"href":"https:\/\/mareapensionista.org\/ca\/wp-json\/wp\/v2\/media?parent=926"}],"wp:term":[{"taxonomy":"category","embeddable":true,"href":"https:\/\/mareapensionista.org\/ca\/wp-json\/wp\/v2\/categories?post=926"},{"taxonomy":"post_tag","embeddable":true,"href":"https:\/\/mareapensionista.org\/ca\/wp-json\/wp\/v2\/tags?post=926"}],"curies":[{"name":"wp","href":"https:\/\/api.w.org\/{rel}","templated":true}]}}