{"id":948,"date":"2021-03-07T07:50:19","date_gmt":"2021-03-07T07:50:19","guid":{"rendered":"https:\/\/mareapensionista.org\/2021\/03\/07\/historia-del-colectivo-ronda\/"},"modified":"2021-03-07T07:50:19","modified_gmt":"2021-03-07T07:50:19","slug":"historia-del-colectivo-ronda","status":"publish","type":"post","link":"https:\/\/mareapensionista.org\/ca\/2021\/03\/07\/historia-del-colectivo-ronda\/","title":{"rendered":"HISTORIA DEL COLECTIVO RONDA"},"content":{"rendered":"<p>Doy las gracias al colectivo Ronda por la labor que ha hecho a lo largo de los a\u00f1os. Yo se la doy en especial a Francesc Galliss\u00e0 Roig\u00e8 que nos ayudo a los trabajadores de Tardiu, S.A. Gracias.<br \/>\n<a href=\"https:\/\/www.youtube.com\/watch?v=zlkuGSGX9kk&amp;feature=youtu.be\" target=\"_blank\" rel=\"nofollow noopener noreferrer\" data-ft=\"{&quot;tn&quot;:&quot;-U&quot;}\" data-lynx-mode=\"async\" data-lynx-uri=\"https:\/\/l.facebook.com\/l.php?u=https%3A%2F%2Fwww.youtube.com%2Fwatch%3Fv%3DzlkuGSGX9kk%26feature%3Dyoutu.be&amp;h=ATPWrr01p6hkhtqwwW1JWKS_fIqKNxeVmlKo_8sslpNDVImyPXkEWNxfvNPz08CU-PMVnUOyNeQZ_zNUuFh6CDD3Bxmu0w9-JhMNWNMTzxxcUwuKVpnMeOTGj9mmyMc83PKhVW-XonecQgR1PPW50cSiZ2Ye9OK-WaPSOYmPW05PtKAl6VibktwQBIklG_XiyAT1VSrcEgFNRzePelQmgqp1ztmLzB1EXsA-Xy3693qZ9iz9CT7ShqrMv8tcr5M6XUbGPQoyCMe-xIShtV78vkVADFCs3L50ZAPh714IYbD4\">https:\/\/www.youtube.com\/watch?v=zlkuGSGX9kk&amp;feature=youtu.be<\/a><\/p>","protected":false},"excerpt":{"rendered":"<p>Doy las gracias al colectivo Ronda por la labor que ha hecho a lo largo de los a\u00f1os. Yo se la doy en especial a Francesc Galliss\u00e0 Roig\u00e8 que nos ayudo a los trabajadores de Tardiu, S.A. Gracias. https:\/\/www.youtube.com\/watch?v=zlkuGSGX9kk&amp;feature=youtu.be<\/p>","protected":false},"author":1,"featured_media":0,"comment_status":"open","ping_status":"open","sticky":false,"template":"","format":"standard","meta":{"neve_meta_sidebar":"","neve_meta_container":"","neve_meta_enable_content_width":"","neve_meta_content_width":0,"neve_meta_title_alignment":"","neve_meta_author_avatar":"","neve_post_elements_order":"","neve_meta_disable_header":"","neve_meta_disable_footer":"","neve_meta_disable_title":"","_ti_tpc_template_sync":false,"_ti_tpc_template_id":"","footnotes":""},"categories":[],"tags":[],"class_list":["post-948","post","type-post","status-publish","format-standard","hentry"],"_links":{"self":[{"href":"https:\/\/mareapensionista.org\/ca\/wp-json\/wp\/v2\/posts\/948","targetHints":{"allow":["GET"]}}],"collection":[{"href":"https:\/\/mareapensionista.org\/ca\/wp-json\/wp\/v2\/posts"}],"about":[{"href":"https:\/\/mareapensionista.org\/ca\/wp-json\/wp\/v2\/types\/post"}],"author":[{"embeddable":true,"href":"https:\/\/mareapensionista.org\/ca\/wp-json\/wp\/v2\/users\/1"}],"replies":[{"embeddable":true,"href":"https:\/\/mareapensionista.org\/ca\/wp-json\/wp\/v2\/comments?post=948"}],"version-history":[{"count":0,"href":"https:\/\/mareapensionista.org\/ca\/wp-json\/wp\/v2\/posts\/948\/revisions"}],"wp:attachment":[{"href":"https:\/\/mareapensionista.org\/ca\/wp-json\/wp\/v2\/media?parent=948"}],"wp:term":[{"taxonomy":"category","embeddable":true,"href":"https:\/\/mareapensionista.org\/ca\/wp-json\/wp\/v2\/categories?post=948"},{"taxonomy":"post_tag","embeddable":true,"href":"https:\/\/mareapensionista.org\/ca\/wp-json\/wp\/v2\/tags?post=948"}],"curies":[{"name":"wp","href":"https:\/\/api.w.org\/{rel}","templated":true}]}}