{"id":949,"date":"2021-03-07T07:50:19","date_gmt":"2021-03-07T07:50:19","guid":{"rendered":"https:\/\/mareapensionista.org\/2021\/03\/07\/ofensiva-del-sector-financiero-para-hacer-obligatorio-abrirse-un-plan-de-pensiones\/"},"modified":"2021-03-07T07:50:19","modified_gmt":"2021-03-07T07:50:19","slug":"ofensiva-del-sector-financiero-para-hacer-obligatorio-abrirse-un-plan-de-pensiones","status":"publish","type":"post","link":"https:\/\/mareapensionista.org\/ca\/2021\/03\/07\/ofensiva-del-sector-financiero-para-hacer-obligatorio-abrirse-un-plan-de-pensiones\/","title":{"rendered":"Ofensiva del sector financiero para hacer obligatorio abrirse un plan de pensiones"},"content":{"rendered":"<div class=\"top-content\">\n<div class=\"supratitle-container\"><span id=\"p6337098-m494-493-495\" class=\"supratitle\">La reforma de las pensiones<\/span><\/div>\n<div class=\"title-container\">\n<h1 id=\"p6337098-m442-441-443\" class=\"title\">Ofensiva del sector financiero para hacer obligatorio abrirse un plan de pensiones<\/h1>\n<\/div>\n<div class=\"epigraph-container\">\n<p id=\"p6337098-m489-488-490\" class=\"epigraph\">Bancos, aseguradoras y gestoras redoblan su campa\u00f1a a favor del impulso de los planes de empresa ante las nuevas recomendaciones del Pacto de Toledo<\/p>\n<\/div>\n<\/div>\n<div class=\"main-media-container\"><\/div>\n<div class=\"article-content\">\n<div class=\"content-media-container\">\n<div id=\"p6337098-m452-451-453\" class=\"content-media\">\n<div class=\"article-info-container\">\n<div id=\"m456-455-457\" class=\"article-info\">\n<div class=\"publish-info\">\n<div class=\"author-location\">\n<div class=\"author\">BRUNO P\u00c9REZ<\/div>\n<\/div>\n<div class=\"published-date\">S\u00e1bado, 18 Noviembre 2017, 05:00<\/div>\n<\/div>\n<div id=\"shareBarGigya_gig_containerParent\" class=\"share-options\">\n<div id=\"shareBarGigya\" class=\"shareBarGigya\"><\/div>\n<\/div>\n<\/div>\n<\/div>\n<div class=\"media-modules\">\n<div id=\"m471-1-472\" class=\"composite-captioned-image   wf_module gradient-on\">\n<div class=\"image-container\">\n<figure id=\"m475-474-476\" class=\"image\"><img decoding=\"async\" src=\"https:\/\/www.lainformacion.com\/files\/article_default_content\/uploads\/2017\/09\/25\/59c8d43a99f41.jpeg\" srcset=\"\" alt=\"Los planes de pensiones son m\u00e1s rentables que los fondos en Espa\u00f1a\" \/><\/figure>\n<p>El sector financiero quiere impulsar los planes de pensiones privados.<\/p><\/div>\n<\/div>\n<\/div>\n<\/div>\n<\/div>\n<div class=\"content-modules\">\n<p id=\"p6337098-m447-446-448\" class=\"paragraph\">\u00abO lo conseguimos ahora o no lo vamos a conseguir nunca\u00bb. Esta frase de un directivo de una de las principales entidades financieras del pa\u00eds resume el sentir del sector financiero, asegurador y de la inversi\u00f3n colectiva respecto a lo que perciben como una\u00a0<b>oportunidad hist\u00f3rica para concretar una reforma de las pensiones\u00a0<\/b>que impulse de una vez por todas la llamada parte complementaria del sistema, la que conforman los planes de pensiones de empresa (segundo pilar) y los planes individuales (tercer pilar).<\/p>\n<p id=\"p6337098-m499-1-500\" class=\"paragraph\">En las \u00faltimas semanas se han sucedido las jornadas, conferencias y an\u00e1lisis impulsados desde el sector que han servido para\u00a0<b>acu\u00f1ar una l\u00ednea argumental com\u00fan<\/b>: el sistema de pensiones no es sostenible en su configuraci\u00f3n anual, hacerlo sostenible en sus actuales par\u00e1metros ser\u00eda demasiado costoso para las arcas p\u00fablicas, debemos asumir que en el futuro las pensiones ser\u00e1n m\u00e1s bajas y solo el complemento del ahorro privado permitir\u00e1 mantener su poder adquisitivo. A partir de ah\u00ed, el mejor veh\u00edculo para fomentarlo son los planes de pensiones de empresa y, finalmente, impulsar ese ahorro privado\u00a0<b>s\u00f3lo ser\u00e1 posible si la ley hace obligatorio<\/b>\u00a0o semiobligatorio realizar aportaciones a un plan de pensiones privado.<\/p>\n<div id=\"p6337098-m504-2-505\" class=\"composite-label-title related-page-see-also\">\n<div class=\"module-label\">MIRA TAMBI\u00c9N<\/div>\n<p><a id=\"m508-507-509\" class=\"related-link page-item-link content-title content-title-labeled\" href=\"https:\/\/www.lainformacion.com\/economia-negocios-y-finanzas\/asi-funcionan-los-sistemas-de-pensiones-mas-solventes-del-mundo-y-no-esta-esp\/6337244\">De Suecia a Australia: as\u00ed son los sistemas de pensiones m\u00e1s solventes del mundo<\/a><\/div>\n<p id=\"p6337098-m515-3-516\" class=\"paragraph divisor_3\">La presidenta de la patronal aseguradora, Unespa,\u00a0<b>Pilar Gonz\u00e1lez de Frutos,\u00a0<\/b>ha hablado de una\u00a0Ley de Previsi\u00f3n Colectiva que establezca un sistema de adscripci\u00f3n casi obligatorio;\u00a0<b>\u00c1ngel Mart\u00ednez Aldama<\/b>, presidente de la patronal de instituciones de inversi\u00f3n colectiva (Inverco), ha abogado por el\u00a0fomento de modelos de capitalizaci\u00f3n, mediante las aportaciones de empresas y trabajadores a planes de pensiones; y las fuentes bancarias consultadas sobre el particular -amparadas en la prudencia del anonimato- se expresan en un sentido similar. \u00abCon la peculiar cultura del ahorro que hay en Espa\u00f1a esto solo se puede hacer de dos formas: o haci\u00e9ndolo obligatorio o estableciendo importantes ayudas fiscales\u00bb.<\/p>\n<div data-glade=\"\" data-ad-unit-path=\"\/34616581\/lainformacion.com\/noticia_Intext\" data-json=\"{&quot;targeting&quot;:{&quot;passback&quot;:[&quot;teads&quot;]}}\" data-fetch=\"false\">\n<div><iframe loading=\"lazy\" src=\"https:\/\/securepubads.g.doubleclick.net\/gampad\/ads?gdfp_req=1&amp;glade_req=1&amp;glv=26&amp;dt=1511348228924&amp;output=html&amp;iu=%2F34616581%2Flainformacion.com%2Fnoticia_Intext&amp;sz=1x1&amp;sfv=1-0-10&amp;correlator=3534441846725268&amp;adk=407203365&amp;biw=1349&amp;bih=662&amp;adx=204.5&amp;ady=1963&amp;oid=3&amp;u_sd=1&amp;ifi=1&amp;scp=passback%3Dteads&amp;url=https%3A%2F%2Fwww.lainformacion.com%2Feconomia-negocios-y-finanzas%2Fofensiva-del-sector-financiero-para-hacer-obligatorio-abrirse-un-plan-de-pensiones%2F6337098&amp;ref=https%3A%2F%2Fwww.facebook.com%2F\" width=\"300\" height=\"150\" marginwidth=\"0\" marginheight=\"0\" scrolling=\"no\" data-mce-fragment=\"1\"><\/iframe><\/div>\n<\/div>\n<p id=\"p6337098-m520-4-521\" class=\"paragraph\">Y por ah\u00ed va precisamente el modelo que esta semana ha planteado el principal lobby financiero del &#8216;mundo senior&#8217;, la\u00a0<b>Fundaci\u00f3n Edad&amp;Vida<\/b>, una organizaci\u00f3n orientada a la mejora de la calidad de vida de las personas mayores y en cuya n\u00f3mina de patronos figuran entre otros Vida Caixa, SegurCaixa Adeslas, Sabadell Pensiones, Allianz, Caser o DKV.<\/p>\n<p id=\"p6337098-m525-5-526\" class=\"paragraph\">\u00bfPor qu\u00e9 ahora? Por la oportunidad del momento, con\u00a0<a href=\"https:\/\/www.lainformacion.com\/mano-de-obra\/salarios-y-pensiones\/Gobierno-prestamo-Seguridad-Social-pensiones_0_1039996961.html\" target=\"_blank\" rel=\"noopener noreferrer\">el Estado saliendo al rescate del sistema de pensiones con pr\u00e9stamos millonarios<\/a>, la hucha de las pensiones en las \u00faltimas y el Pacto de Toledo a punto de emitir las recomendaciones que deben guiar los movimientos del sistema para los pr\u00f3ximos diez-quince a\u00f1os.<\/p>\n<div id=\"p6337098-m530-6-531\" class=\"composite-label-title related-page-see-also\">\n<div class=\"module-label\">MIRA TAMBI\u00c9N<\/div>\n<p><a id=\"m534-533-535\" class=\"related-link page-item-link content-title content-title-labeled\" href=\"https:\/\/www.lainformacion.com\/economia-negocios-y-finanzas\/macroeconomia\/los-ahorradores-podran-rescatar-su-plan-de-pensiones-a-los-diez-anos-sin-costes\/6336779\">Guindos desliga planes de pensiones y jubilaci\u00f3n: podr\u00e1n rescatarse tras 10 a\u00f1os<\/a><\/div>\n<p id=\"p6337098-m541-7-542\" class=\"paragraph\"><b>Planes de empresa e incentivos fiscales<\/b><\/p>\n<p id=\"p6337098-m546-8-547\" class=\"paragraph\">Su propuesta aboga abiertamente por un\u00a0<b>sistema mixto de reparto y capitalizaci\u00f3n<\/b>, que mantendr\u00eda como base el actual sistema de pensiones p\u00fablico, pero que impulsar\u00eda la previsi\u00f3n privada ante la presunta certeza de que la pensi\u00f3n inicial media del sistema caer\u00e1 en los pr\u00f3ximos a\u00f1os desde el entorno de los 1.000 euros en los que se encuentra ahora hasta los 600 euros como consecuencia de la presi\u00f3n demogr\u00e1fica y de la falta de recursos presupuestarios para atender los compromisos a los que llevar\u00eda el modelo actual.<\/p>\n<p id=\"p6337098-m551-9-552\" class=\"paragraph\">El modelo parte, asimismo, de la\u00a0<b>obligatoriedad de dotar un plan de pensiones privado<\/b>\u00a0de empresa, al que aportar\u00edan empresa y trabajador y en el que tanto unas como otros dispondr\u00edan de incentivos fiscales. Las aportaciones tendr\u00edan dos tramos, un tramo obligatorio y otro incentivado fiscalmente. En el caso de los trabajadores el asunto fiscal se resolver\u00eda con una desgravaci\u00f3n decreciente en el tiempo, de modo que fuera m\u00e1s importante para las aportaciones que se realizan en los primeros a\u00f1os de carrera laboral y m\u00e1s modesta seg\u00fan se acercara la jubilaci\u00f3n.<\/p>\n<p id=\"p6337098-m556-10-557\" class=\"paragraph\"><b>El Banco de Espa\u00f1a pone cara al abismo<\/b><\/p>\n<p id=\"p6337098-m561-11-562\" class=\"paragraph\">El informe glosa, l\u00f3gicamente, las tremendas ventajas que tendr\u00eda este semana desde las perspectivas del ahorro de recursos p\u00fablicos, el crecimiento de la econom\u00eda, el empleo &#8211; por la v\u00eda de la reducci\u00f3n de cotizaciones sociales que supondr\u00eda para la empresa- y el bienestar futuro de los jubilados, que de otro modo estar\u00edan condenados a percibir unas pensiones baj\u00edsimas en el momento de su jubilaci\u00f3n.<\/p>\n<p id=\"p6337098-m566-12-567\" class=\"paragraph\">Si el informe de Edad&amp;Vida incide en las ventajas econ\u00f3micas de la implantaci\u00f3n de este sistema, la contribuci\u00f3n del\u00a0<b>Banco de Espa\u00f1a<\/b>\u00a0al debate ha sido la de glosar la especie de apocalipsis que sobrevendr\u00eda sobre el sistema de pensiones de no haber mediado las reformas adoptadas en los \u00faltimos a\u00f1os y de eludir alguna otra que habr\u00eda que afrontar en el futuro.<\/p>\n<p id=\"p6337098-m571-13-572\" class=\"paragraph\">La conclusi\u00f3n de la entidad es demoledora: \u00abO se aumentan los ingresos subiendo los tipos efectivos de cotizaci\u00f3n o se reduce la generosidad del sistema\u00bb. Porque seg\u00fan el director del Servicio de Estudios del Banco de Espa\u00f1a, Pablo Hern\u00e1ndez de Cos, el\u00a0<b>sistema de pensiones espa\u00f1ol es comparativamente m\u00e1s generoso<\/b>\u00a0que el del resto de pa\u00edses desarrollados y si se cayera en la tentaci\u00f3n de replantearse el \u00edndice de revalorizaci\u00f3n &#8211;\u00a0<a href=\"https:\/\/www.lainformacion.com\/economia\/AIReF-apunta-subidas-pensiones-minimo_0_1044196026.html\" target=\"_blank\" rel=\"noopener noreferrer\">que seg\u00fan la Airef establecer\u00e1 una subida casi perpetua del 0,25% en el sistema<\/a>-, como exigen algunas fuerzas pol\u00edticas, ni siquiera una tasa de ocupaci\u00f3n del 80% (actualmente es del 57%) y una tasa de paro del 6%, librar\u00edan a Espa\u00f1a de gastarse decenas de miles de millones de euros m\u00e1s en el futuro para pagar las pensiones cuando la demograf\u00eda apriete.<\/p>\n<\/div>\n<\/div>","protected":false},"excerpt":{"rendered":"<p>La reforma de las pensiones Ofensiva del sector financiero para hacer obligatorio abrirse un plan de pensiones Bancos, aseguradoras y gestoras redoblan su campa\u00f1a a favor del impulso de los planes de empresa ante las nuevas recomendaciones del Pacto de Toledo BRUNO P\u00c9REZ S\u00e1bado, 18 Noviembre 2017, 05:00 El sector financiero quiere impulsar los planes&hellip;&nbsp;<a href=\"https:\/\/mareapensionista.org\/ca\/2021\/03\/07\/ofensiva-del-sector-financiero-para-hacer-obligatorio-abrirse-un-plan-de-pensiones\/\" class=\"\" rel=\"bookmark\">Read More &raquo;<span class=\"screen-reader-text\">Ofensiva del sector financiero para hacer obligatorio abrirse un plan de pensiones<\/span><\/a><\/p>","protected":false},"author":1,"featured_media":0,"comment_status":"open","ping_status":"open","sticky":false,"template":"","format":"standard","meta":{"neve_meta_sidebar":"","neve_meta_container":"","neve_meta_enable_content_width":"","neve_meta_content_width":0,"neve_meta_title_alignment":"","neve_meta_author_avatar":"","neve_post_elements_order":"","neve_meta_disable_header":"","neve_meta_disable_footer":"","neve_meta_disable_title":"","_ti_tpc_template_sync":false,"_ti_tpc_template_id":"","footnotes":""},"categories":[],"tags":[],"class_list":["post-949","post","type-post","status-publish","format-standard","hentry"],"_links":{"self":[{"href":"https:\/\/mareapensionista.org\/ca\/wp-json\/wp\/v2\/posts\/949","targetHints":{"allow":["GET"]}}],"collection":[{"href":"https:\/\/mareapensionista.org\/ca\/wp-json\/wp\/v2\/posts"}],"about":[{"href":"https:\/\/mareapensionista.org\/ca\/wp-json\/wp\/v2\/types\/post"}],"author":[{"embeddable":true,"href":"https:\/\/mareapensionista.org\/ca\/wp-json\/wp\/v2\/users\/1"}],"replies":[{"embeddable":true,"href":"https:\/\/mareapensionista.org\/ca\/wp-json\/wp\/v2\/comments?post=949"}],"version-history":[{"count":0,"href":"https:\/\/mareapensionista.org\/ca\/wp-json\/wp\/v2\/posts\/949\/revisions"}],"wp:attachment":[{"href":"https:\/\/mareapensionista.org\/ca\/wp-json\/wp\/v2\/media?parent=949"}],"wp:term":[{"taxonomy":"category","embeddable":true,"href":"https:\/\/mareapensionista.org\/ca\/wp-json\/wp\/v2\/categories?post=949"},{"taxonomy":"post_tag","embeddable":true,"href":"https:\/\/mareapensionista.org\/ca\/wp-json\/wp\/v2\/tags?post=949"}],"curies":[{"name":"wp","href":"https:\/\/api.w.org\/{rel}","templated":true}]}}