{"id":950,"date":"2021-03-07T07:50:19","date_gmt":"2021-03-07T07:50:19","guid":{"rendered":"https:\/\/mareapensionista.org\/2021\/03\/07\/pp-y-ciudadanos-bloquean-la-tramitacion-de-la-subida-de-las-pensiones\/"},"modified":"2021-03-07T07:50:19","modified_gmt":"2021-03-07T07:50:19","slug":"pp-y-ciudadanos-bloquean-la-tramitacion-de-la-subida-de-las-pensiones","status":"publish","type":"post","link":"https:\/\/mareapensionista.org\/ca\/2021\/03\/07\/pp-y-ciudadanos-bloquean-la-tramitacion-de-la-subida-de-las-pensiones\/","title":{"rendered":"PP y Ciudadanos bloquean la tramitaci\u00f3n de la subida de las pensiones"},"content":{"rendered":"<header class=\"nav-up\">\n<h1 class=\"pg-headline\">PP y Ciudadanos bloquean la tramitaci\u00f3n de la subida de las pensiones<\/h1>\n<div class=\"subtitle bkn mce sk2\">\n<p>El PSOE asegura que seguir\u00e1 insistiendo en que el Congreso pueda debatir el incremento del 1,2% de las pensiones y amenaza con llegar al Constitucional<\/p>\n<\/div>\n<section class=\"cp-tools md cf\">\n<address class=\"bkn dateline fl\"><small class=\"byline\"><a class=\"lnk\" title=\"Irene Castro\" href=\"http:\/\/www.eldiario.es\/autores\/irene_castro\/\">Irene Castro<\/a>\u00a0<\/small><\/address>\n<p class=\"cmt-info fr\">\n<\/section>\n<section id=\"edi-ad-slot-ED-bajo-titular\" class=\"md-advertisement md hspace ad-article no-adv-socios\"><\/section>\n<div class=\"inset cf\">\n<figure class=\"media-holder\"><img loading=\"lazy\" decoding=\"async\" src=\"http:\/\/images.eldiario.es\/politica\/Rajoy-Rivera-documento-objetivos-propuestas_EDIIMA20160712_0353_5.jpg\" alt=\"Rajoy enviar\u00e1 ma\u00f1ana a Rivera un documento de objetivos y propuestas de reforma\" width=\"643\" height=\"373\" \/><figcaption class=\"caption-inside\">Rajoy y Rivera en una imagen de archivo.\u00a0<span class=\"font\">EFE<\/span><\/p>\n<\/figcaption><\/figure>\n<\/div>\n<\/header>\n<div class=\"pg-body\">\n<aside class=\"slidebar\">\n<section class=\"md-masInfo md md-sk1\">\n<div class=\"hd\">\n<h2 class=\"headline-aux\">M\u00c1S INFO<\/h2>\n<\/div>\n<div class=\"bd\">\n<ul class=\"lst\">\n<li class=\"lst-item first\"><a class=\"lnk\" title=\"Partido Popular y Ciudadanos impiden que las pensiones suban un 1,2% en 2017\" href=\"http:\/\/www.eldiario.es\/politica\/Partido-Popular-Ciudadanos-impiden-pensiones_0_590391271.html\">Partido Popular y Ciudadanos impiden que las pensiones suban un 1,2% en 2017<\/a><\/li>\n<li class=\"lst-item\"><a class=\"lnk\" title=\"El PP busca el apoyo de Ciudadanos para impedir la subida de las pensiones que pide la oposici\u00f3n\" href=\"http:\/\/www.eldiario.es\/politica\/PP-Ciudadanos-impedir-pensiones-oposicion_0_590041888.html\">El PP busca el apoyo de Ciudadanos para impedir la subida de las pensiones que pide la oposici\u00f3n<\/a><\/li>\n<li class=\"lst-item last tags\"><strong>ETIQUETAS:<\/strong>\u00a0<a class=\"lnk\" title=\"PP\" href=\"http:\/\/www.eldiario.es\/temas\/pp\/\">PP<\/a>,\u00a0<a class=\"lnk\" title=\"Ciudadanos\" href=\"http:\/\/www.eldiario.es\/temas\/ciudadanos\/\">Ciudadanos<\/a>,<a class=\"lnk\" title=\"pensiones\" href=\"http:\/\/www.eldiario.es\/temas\/pensiones\/\">pensiones<\/a><\/li>\n<\/ul>\n<\/div>\n<\/section>\n<\/aside>\n<div id=\"edi-body\" class=\"mce-body mce no-sticky-adv-socios\">\n<p class=\"mce\">PP y Ciudadanos rechazan que el Congreso pueda debatir la subida de las pensiones en un 1,2% que plantean todos los dem\u00e1s grupos. Las formaciones de Mariano Rajoy y Albert Rivera se han opuesto en la Mesa del Congreso a la reconsideraci\u00f3n del veto impuesto por el Gobierno a esa medida. Su mayor\u00eda en ese \u00f3rgano bloquea que la iniciativa se tramite.<\/p>\n<p class=\"mce\">Todos los grupos de la oposici\u00f3n, excepto Ciudadanos, presentaron una proposici\u00f3n de ley para que las pensiones se incrementaran a partir del 1 de enero en un 1,2% y no el 0,25% previsto. El Gobierno remiti\u00f3 un escrito al Congreso en el que\u00a0<a class=\"mce\" href=\"http:\/\/www.eldiario.es\/politica\/Gobierno-puntos-pensiones-reclama-oposicion_0_585491853.html\">vetaba la tramitaci\u00f3n de la iniciativa<\/a>\u00a0porque supone un incremento no previsto del gasto de unos 1.150 millones de euros.<\/p>\n<section id=\"edi-ad-slot-intext\" class=\"md-advertisement md hspace no-adv-socios\"><\/section>\n<p class=\"mce\">La Constituci\u00f3n otorga al Ejecutivo la capacidad de oponerse a la tramitaci\u00f3n de las proposiciones que afectan a los ingresos o gastos presupuestarios. Seg\u00fan Moncloa, esa ley supondr\u00eda un coste adicional de 1.150 millones de euros por lo que la deja \u00abcongelada\u00bb.<\/p>\n<p class=\"mce\">La Junta de Portavoces plante\u00f3 la semana pasada que la Mesa del Congreso reconsiderara ese veto. Apoyaron la iniciativa\u00a0 PSOE, Unidos Podemos, ERC, PNV y el Grupo Mixto. Pero la proposici\u00f3n de ley se ha\u00a0encontrado con el rechazo de PP y Ciudadanos. Los conservadores tambi\u00e9n tuvieron\u00a0<a class=\"mce\" href=\"http:\/\/www.eldiario.es\/politica\/Partido-Popular-Ciudadanos-impiden-pensiones_0_590391271.html\">la complicidad de los de Rivera para dilatar la tramitaci\u00f3n parlamentaria<\/a>.<\/p>\n<p class=\"mce\">\u00abHan decidido mantener el veto y lo lamentamos\u00bb, ha expresado el portavoz socialista, Antonio Hernando, que ha asegurado que el PSOE seguir\u00e1 \u00abinsistiendo\u00bb para que la subida de las pensiones sea del 1,2% y ha amenazado con llegar incluso al Tribunal Constitucional a trav\u00e9s de un recurso de amparo. Hernando ha lamentado que la derecha se oponga a la tramitaci\u00f3n de esa iniciativa y que los pensionistas \u00abpierdan poder adquisitivo\u00bb. Ha recordado que el incremento del IPC ser\u00e1 del 3%, seg\u00fan el dato adelantado, mientras que las pensiones solo subir\u00e1n el 0,25%.<\/p>\n<\/div>\n<\/div>","protected":false},"excerpt":{"rendered":"<p>PP y Ciudadanos bloquean la tramitaci\u00f3n de la subida de las pensiones El PSOE asegura que seguir\u00e1 insistiendo en que el Congreso pueda debatir el incremento del 1,2% de las pensiones y amenaza con llegar al Constitucional Irene Castro\u00a0 Rajoy y Rivera en una imagen de archivo.\u00a0EFE M\u00c1S INFO Partido Popular y Ciudadanos impiden que&hellip;&nbsp;<a href=\"https:\/\/mareapensionista.org\/ca\/2021\/03\/07\/pp-y-ciudadanos-bloquean-la-tramitacion-de-la-subida-de-las-pensiones\/\" class=\"\" rel=\"bookmark\">Read More &raquo;<span class=\"screen-reader-text\">PP y Ciudadanos bloquean la tramitaci\u00f3n de la subida de las pensiones<\/span><\/a><\/p>","protected":false},"author":1,"featured_media":0,"comment_status":"open","ping_status":"open","sticky":false,"template":"","format":"standard","meta":{"neve_meta_sidebar":"","neve_meta_container":"","neve_meta_enable_content_width":"","neve_meta_content_width":0,"neve_meta_title_alignment":"","neve_meta_author_avatar":"","neve_post_elements_order":"","neve_meta_disable_header":"","neve_meta_disable_footer":"","neve_meta_disable_title":"","_ti_tpc_template_sync":false,"_ti_tpc_template_id":"","footnotes":""},"categories":[],"tags":[],"class_list":["post-950","post","type-post","status-publish","format-standard","hentry"],"_links":{"self":[{"href":"https:\/\/mareapensionista.org\/ca\/wp-json\/wp\/v2\/posts\/950","targetHints":{"allow":["GET"]}}],"collection":[{"href":"https:\/\/mareapensionista.org\/ca\/wp-json\/wp\/v2\/posts"}],"about":[{"href":"https:\/\/mareapensionista.org\/ca\/wp-json\/wp\/v2\/types\/post"}],"author":[{"embeddable":true,"href":"https:\/\/mareapensionista.org\/ca\/wp-json\/wp\/v2\/users\/1"}],"replies":[{"embeddable":true,"href":"https:\/\/mareapensionista.org\/ca\/wp-json\/wp\/v2\/comments?post=950"}],"version-history":[{"count":0,"href":"https:\/\/mareapensionista.org\/ca\/wp-json\/wp\/v2\/posts\/950\/revisions"}],"wp:attachment":[{"href":"https:\/\/mareapensionista.org\/ca\/wp-json\/wp\/v2\/media?parent=950"}],"wp:term":[{"taxonomy":"category","embeddable":true,"href":"https:\/\/mareapensionista.org\/ca\/wp-json\/wp\/v2\/categories?post=950"},{"taxonomy":"post_tag","embeddable":true,"href":"https:\/\/mareapensionista.org\/ca\/wp-json\/wp\/v2\/tags?post=950"}],"curies":[{"name":"wp","href":"https:\/\/api.w.org\/{rel}","templated":true}]}}