{"id":951,"date":"2021-03-07T07:50:19","date_gmt":"2021-03-07T07:50:19","guid":{"rendered":"https:\/\/mareapensionista.org\/2021\/03\/07\/zubiri-es-mentira-que-haya-que-pagar-las-pensiones-con-las-cotizaciones\/"},"modified":"2021-03-07T07:50:19","modified_gmt":"2021-03-07T07:50:19","slug":"zubiri-es-mentira-que-haya-que-pagar-las-pensiones-con-las-cotizaciones","status":"publish","type":"post","link":"https:\/\/mareapensionista.org\/ca\/2021\/03\/07\/zubiri-es-mentira-que-haya-que-pagar-las-pensiones-con-las-cotizaciones\/","title":{"rendered":"Zubiri: \u00abEs mentira que haya que pagar las pensiones con las cotizaciones\u00bb"},"content":{"rendered":"<p class=\"x_MsoNormal\"><b>Zubiri: \u00abEs mentira que haya que pagar las pensiones con las cotizaciones\u00bb<\/b><\/p>\n<p class=\"x_MsoNormal\"><b>El catedr\u00e1tico de Hacienda P\u00fablica del Pa\u00eds Vasco apuesta en Nore\u00f1a por implicar a la empresa privada en el subsidio<\/b><\/p>\n<p class=\"x_MsoNormal\">nore\u00f1a, f. torre\u00a018.10.2016 | 03:46<\/p>\n<p class=\"x_MsoNormal\" align=\"right\"><img loading=\"lazy\" decoding=\"async\" src=\"data:image\/png;base64,iVBORw0KGgoAAAANSUhEUgAAAT4AAADcCAYAAADpw80NAAAGYElEQVR4Xu3UAREAAAgCMelf2iA\/GzA8do4AAQIxgcXyikuAAIEzfJ6AAIGcgOHLVS4wAQKGzw8QIJATMHy5ygUmQMDw+QECBHIChi9XucAECBg+P0CAQE7A8OUqF5gAAcPnBwgQyAkYvlzlAhMgYPj8AAECOQHDl6tcYAIEDJ8fIEAgJ2D4cpULTICA4fMDBAjkBAxfrnKBCRAwfH6AAIGcgOHLVS4wAQKGzw8QIJATMHy5ygUmQMDw+QECBHIChi9XucAECBg+P0CAQE7A8OUqF5gAAcPnBwgQyAkYvlzlAhMgYPj8AAECOQHDl6tcYAIEDJ8fIEAgJ2D4cpULTICA4fMDBAjkBAxfrnKBCRAwfH6AAIGcgOHLVS4wAQKGzw8QIJATMHy5ygUmQMDw+QECBHIChi9XucAECBg+P0CAQE7A8OUqF5gAAcPnBwgQyAkYvlzlAhMgYPj8AAECOQHDl6tcYAIEDJ8fIEAgJ2D4cpULTICA4fMDBAjkBAxfrnKBCRAwfH6AAIGcgOHLVS4wAQKGzw8QIJATMHy5ygUmQMDw+QECBHIChi9XucAECBg+P0CAQE7A8OUqF5gAAcPnBwgQyAkYvlzlAhMgYPj8AAECOQHDl6tcYAIEDJ8fIEAgJ2D4cpULTICA4fMDBAjkBAxfrnKBCRAwfH6AAIGcgOHLVS4wAQKGzw8QIJATMHy5ygUmQMDw+QECBHIChi9XucAECBg+P0CAQE7A8OUqF5gAAcPnBwgQyAkYvlzlAhMgYPj8AAECOQHDl6tcYAIEDJ8fIEAgJ2D4cpULTICA4fMDBAjkBAxfrnKBCRAwfH6AAIGcgOHLVS4wAQKGzw8QIJATMHy5ygUmQMDw+QECBHIChi9XucAECBg+P0CAQE7A8OUqF5gAAcPnBwgQyAkYvlzlAhMgYPj8AAECOQHDl6tcYAIEDJ8fIEAgJ2D4cpULTICA4fMDBAjkBAxfrnKBCRAwfH6AAIGcgOHLVS4wAQKGzw8QIJATMHy5ygUmQMDw+QECBHIChi9XucAECBg+P0CAQE7A8OUqF5gAAcPnBwgQyAkYvlzlAhMgYPj8AAECOQHDl6tcYAIEDJ8fIEAgJ2D4cpULTICA4fMDBAjkBAxfrnKBCRAwfH6AAIGcgOHLVS4wAQKGzw8QIJATMHy5ygUmQMDw+QECBHIChi9XucAECBg+P0CAQE7A8OUqF5gAAcPnBwgQyAkYvlzlAhMgYPj8AAECOQHDl6tcYAIEDJ8fIEAgJ2D4cpULTICA4fMDBAjkBAxfrnKBCRAwfH6AAIGcgOHLVS4wAQKGzw8QIJATMHy5ygUmQMDw+QECBHIChi9XucAECBg+P0CAQE7A8OUqF5gAAcPnBwgQyAkYvlzlAhMgYPj8AAECOQHDl6tcYAIEDJ8fIEAgJ2D4cpULTICA4fMDBAjkBAxfrnKBCRAwfH6AAIGcgOHLVS4wAQKGzw8QIJATMHy5ygUmQMDw+QECBHIChi9XucAECBg+P0CAQE7A8OUqF5gAAcPnBwgQyAkYvlzlAhMgYPj8AAECOQHDl6tcYAIEDJ8fIEAgJ2D4cpULTICA4fMDBAjkBAxfrnKBCRAwfH6AAIGcgOHLVS4wAQKGzw8QIJATMHy5ygUmQMDw+QECBHIChi9XucAECBg+P0CAQE7A8OUqF5gAAcPnBwgQyAkYvlzlAhMgYPj8AAECOQHDl6tcYAIEDJ8fIEAgJ2D4cpULTICA4fMDBAjkBAxfrnKBCRAwfH6AAIGcgOHLVS4wAQKGzw8QIJATMHy5ygUmQMDw+QECBHIChi9XucAECBg+P0CAQE7A8OUqF5gAAcPnBwgQyAkYvlzlAhMgYPj8AAECOQHDl6tcYAIEDJ8fIEAgJ2D4cpULTICA4fMDBAjkBAxfrnKBCRAwfH6AAIGcgOHLVS4wAQKGzw8QIJATMHy5ygUmQMDw+QECBHIChi9XucAECBg+P0CAQE7A8OUqF5gAAcPnBwgQyAkYvlzlAhMgYPj8AAECOQHDl6tcYAIEDJ8fIEAgJ2D4cpULTICA4fMDBAjkBAxfrnKBCRAwfH6AAIGcgOHLVS4wAQKGzw8QIJATMHy5ygUmQMDw+QECBHIChi9XucAECBg+P0CAQE7A8OUqF5gAAcPnBwgQyAkYvlzlAhMg8JcmAN0LYN9jAAAAAElFTkSuQmCC\" alt=\"Diego \u00c1lvarez, a la izquierda, e Ignacio Zubiri, ayer, durante el debate en torno al sistema de pensiones.\" width=\"318\" height=\"221\" align=\"right\" crossorigin=\"anonymous\" data-imagetype=\"Attachment\" data-custom=\"AQMkADAwATY0MDABLTkzZjUtNDUyOC0wMAItMDAKAEYAAAPdTyD6%2FrshSpyGgzV6w6p0BwDu0nHk%2BDztTqVOrYcc%2BV19AAACAQwAAACelMuuvGjDTq6o%2B1Vqph2UAAAAoj1mfgAAAAESABAAZiq43cAf1UGCamVdlOP7WQ%3D%3D\" \/><\/p>\n<p class=\"x_MsoNormal\">El sistema de pensiones espa\u00f1ol es sostenible en tanto en cuanto aplica un reparto en funci\u00f3n de la recaudaci\u00f3n, pero si no se toman medidas las futuras generaciones cobrar\u00e1n subsidios paup\u00e9rrimos y los \u00edndices de pobreza entre los mayores de 65 a\u00f1os se disparar\u00e1n. Esta es una de las conclusiones que se puede extraer del intenso debate que mantuvieron ayer en Nore\u00f1a, invitados por la asociaci\u00f3n cultura Contigo, Ignacio Zubiri Oria, catedr\u00e1tico de Hacienda P\u00fablica de la Universidad del Pa\u00eds Vasco, y Diego \u00c1lvarez Alonso, profesor del Trabajo y la Seguridad Social de la Universidad de Oviedo. Dos expertos que trazaron una preocupante radiograf\u00eda del sistema en el que no escatimaron cr\u00edticas a la gesti\u00f3n de los sucesivos gobiernos de la naci\u00f3n.<\/p>\n<p class=\"x_MsoNormal\">Al inicio del debate, moderado por la periodista Olalla Pena, Zubiri apunt\u00f3 cu\u00e1l es, a su juicio, uno de los problemas del sistema: \u00abEn el Pacto de Toledo se acord\u00f3 pagar las prestaciones con las cotizaciones, algo que a largo plazo ha sido perjudicial\u00bb. En este sentido, el catedr\u00e1tico precis\u00f3 que \u00abes mentira que haya alguna raz\u00f3n para pagar las pensiones con las cotizaciones\u00bb, y adelant\u00f3 una posible soluci\u00f3n, an\u00e1loga a la que se aplica en pa\u00edses como Dinamarca u Holanda: articular un sistema mixto en el que una parte de las pensiones, la misma cantidad para todos, salga de las arcas p\u00fablicas, y otra parte lo paguen las empresas mediante su contribuci\u00f3n a un sistema de pensiones privado.<\/p>\n<p class=\"x_MsoNormal\">Frente a esta posible soluci\u00f3n, Diego \u00c1lvarez incidi\u00f3 en la perspectiva de la solidaridad entre clases sociales y generaciones, que a su juicio es, y debe seguir siendo, la base del sistema: \u00abEst\u00e1 claro que el sistema, ahora mismo, tiene problemas. Se puede actuar por la v\u00eda del gasto o por los ingresos, pero hay que tener presente que el sistema funciona sobre la base de la solidaridad, y esta tiene que ser equilibrada\u00bb, afirm\u00f3 el profesor, que plante\u00f3 la posibilidad de que las rentas m\u00e1s elevadas carguen con una mayor parte del subsidio.<\/p>\n<p class=\"x_MsoNormal\">Ambos expertos coincidieron en criticar las reformas de los \u00faltimos gobiernos, principalmente un factor de revalorizaci\u00f3n que tildaron de \u00abarbitrario\u00bb y \u00ababsurdo\u00bb, y descartaron que los planes de pensiones privados puedan ser una soluci\u00f3n. \u00abLos planes de pensiones son muy mal negocio para quien lo suscribe y muy bueno para las entidades\u00bb, afirm\u00f3 Diego \u00c1lvarez, al tiempo que denunciaba c\u00f3mo se hab\u00edan formado grupos de presi\u00f3n en torno a esta v\u00eda de negocio.<\/p>\n<p class=\"x_MsoNormal\">Cara al futuro, Zubiri y \u00c1lvarez anticiparon que, de no cambiar el sistema, los subsidios no garantizar\u00e1n una vejez digna para los trabajadores actuales. \u00abSi se empe\u00f1an en pagar las pensiones con cotizaciones, para 2050, cuando se prev\u00e9 una poblaci\u00f3n de 45 millones, tendr\u00e1n que trabajar 30 millones para mantener unas pensiones dignas. Y no los va a haber\u00bb, concluy\u00f3 Zubiri.<\/p>\n<p class=\"x_MsoNormal\">","protected":false},"excerpt":{"rendered":"<p>Zubiri: \u00abEs mentira que haya que pagar las pensiones con las cotizaciones\u00bb El catedr\u00e1tico de Hacienda P\u00fablica del Pa\u00eds Vasco apuesta en Nore\u00f1a por implicar a la empresa privada en el subsidio nore\u00f1a, f. torre\u00a018.10.2016 | 03:46 El sistema de pensiones espa\u00f1ol es sostenible en tanto en cuanto aplica un reparto en funci\u00f3n de la&hellip;&nbsp;<a href=\"https:\/\/mareapensionista.org\/ca\/2021\/03\/07\/zubiri-es-mentira-que-haya-que-pagar-las-pensiones-con-las-cotizaciones\/\" class=\"\" rel=\"bookmark\">Read More &raquo;<span class=\"screen-reader-text\">Zubiri: \u00abEs mentira que haya que pagar las pensiones con las cotizaciones\u00bb<\/span><\/a><\/p>","protected":false},"author":1,"featured_media":0,"comment_status":"open","ping_status":"open","sticky":false,"template":"","format":"standard","meta":{"neve_meta_sidebar":"","neve_meta_container":"","neve_meta_enable_content_width":"","neve_meta_content_width":0,"neve_meta_title_alignment":"","neve_meta_author_avatar":"","neve_post_elements_order":"","neve_meta_disable_header":"","neve_meta_disable_footer":"","neve_meta_disable_title":"","_ti_tpc_template_sync":false,"_ti_tpc_template_id":"","footnotes":""},"categories":[],"tags":[],"class_list":["post-951","post","type-post","status-publish","format-standard","hentry"],"_links":{"self":[{"href":"https:\/\/mareapensionista.org\/ca\/wp-json\/wp\/v2\/posts\/951","targetHints":{"allow":["GET"]}}],"collection":[{"href":"https:\/\/mareapensionista.org\/ca\/wp-json\/wp\/v2\/posts"}],"about":[{"href":"https:\/\/mareapensionista.org\/ca\/wp-json\/wp\/v2\/types\/post"}],"author":[{"embeddable":true,"href":"https:\/\/mareapensionista.org\/ca\/wp-json\/wp\/v2\/users\/1"}],"replies":[{"embeddable":true,"href":"https:\/\/mareapensionista.org\/ca\/wp-json\/wp\/v2\/comments?post=951"}],"version-history":[{"count":0,"href":"https:\/\/mareapensionista.org\/ca\/wp-json\/wp\/v2\/posts\/951\/revisions"}],"wp:attachment":[{"href":"https:\/\/mareapensionista.org\/ca\/wp-json\/wp\/v2\/media?parent=951"}],"wp:term":[{"taxonomy":"category","embeddable":true,"href":"https:\/\/mareapensionista.org\/ca\/wp-json\/wp\/v2\/categories?post=951"},{"taxonomy":"post_tag","embeddable":true,"href":"https:\/\/mareapensionista.org\/ca\/wp-json\/wp\/v2\/tags?post=951"}],"curies":[{"name":"wp","href":"https:\/\/api.w.org\/{rel}","templated":true}]}}