{"id":970,"date":"2021-03-07T07:50:20","date_gmt":"2021-03-07T07:50:20","guid":{"rendered":"https:\/\/mareapensionista.org\/2021\/03\/07\/comunicado-de-prensa-llamamiento-de-la-coordinadora-estatal-por-la-defensa-del-sistema-publico-de-pensiones\/"},"modified":"2021-03-07T07:50:20","modified_gmt":"2021-03-07T07:50:20","slug":"comunicado-de-prensa-llamamiento-de-la-coordinadora-estatal-por-la-defensa-del-sistema-publico-de-pensiones","status":"publish","type":"post","link":"https:\/\/mareapensionista.org\/ca\/2021\/03\/07\/comunicado-de-prensa-llamamiento-de-la-coordinadora-estatal-por-la-defensa-del-sistema-publico-de-pensiones\/","title":{"rendered":"COMUNICADO DE PRENSA  LLAMAMIENTO DE LA COORDINADORA ESTATAL POR LA DEFENSA DEL SISTEMA P\u00daBLICO DE PENSIONES."},"content":{"rendered":"<p>COMUNICADO DE PRENSA<\/p>\n<p>LLAMAMIENTO DE LA COORDINADORA ESTATAL POR LA DEFENSA DEL SISTEMA P\u00daBLICO DE PENSIONES.<\/p>\n<p>Ante el ataque que est\u00e1 sufriendo nuestro Sistema P\u00fablico de Pensiones, con el PP y Ciudadanos decididos a ponerlo en manos de la especulaci\u00f3n y entreg\u00e1rselo a los bancos y compa\u00f1\u00edas de seguros y el PSOE preocupado por no perder sus puestos en los consejos de administraci\u00f3n de las empresas del Ibex 35. y contra un Gobierno que s\u00f3lo gobierna para los que m\u00e1s tienen, dejando al margen del crecimiento al 90% de la sociedad; un Gobierno que utiliza sistem\u00e1ticamente el veto parlamentario a las leyes que benefician a la poblaci\u00f3n, que prefiere dar dinero a la banca y autopistas quebradas para su rescate antes que subir pensiones y salarios, que ha saqueado sistem\u00e1ticamente el Fondo de Reserva de la Seguridad Social y que mantiene las pensiones pr\u00e1cticamente congeladas desde hace seis a\u00f1os, aplicando un porcentaje irrisorio para su actualizaci\u00f3n anual mientras el coste de la vida sube cada vez m\u00e1s,<\/p>\n<p>\u00a1LLAMAMOS A LA MOVILIZACI\u00d3N, LA LUCHA Y LA RESISTENCIA!<\/p>\n<p>Porque el Sistema P\u00fablico de Pensiones es hoy el mayor distribuidor de renta del pa\u00eds y, si lo privatizan, el da\u00f1o ser\u00e1 para todas las clases populares, pues la cuant\u00eda de las pensiones descender\u00e1 de forma alarmante y ya tenemos m\u00e1s de cuatro millones de pensionistas en el umbral de la pobreza.<\/p>\n<p>Nos dirigimos especialmente a los medios de comunicaci\u00f3n, para que nos apoyen en esta justa lucha y hagan un seguimiento de nuestras movilizaciones, cada vez m\u00e1s numerosas.<\/p>\n<p>Porque no podemos permanecer impasibles ante el desprop\u00f3sito de hundir a\u00fan m\u00e1s en la pobreza y la exclusi\u00f3n social a amplias capas de la poblaci\u00f3n: Una inmensa sociedad de pobres en medio de la mayor abundancia que hemos tenido nunca y que s\u00f3lo favorece a unos pocos.<\/p>\n<p>Por ello, La Coordinadora Estatal para la Defensa del Sistema P\u00fablico de Pensiones ha convocado el 13 de diciembre a concentrarse ante las oficinas<\/p>\n<p>de los Defensores del Pueblo en las capitales de cada CC.AA. o de las Delegaciones del Gobierno en el resto de las provincias, para hacerles llegar nuestra protesta y nuestras reivindicaciones, que consideramos justas y no pararemos hasta conseguirlas.<\/p>\n<p>Llamamos por \u00faltimo a las y los pensionistas actuales y futuros a que no voten a ning\u00fan partido que no se comprometa firmemente a defender el Sistema P\u00fablico de Pensiones y a garantizar su financiaci\u00f3n con los Presupuestos Generales del Estado en caso de ser necesario, independientemente de la recaudaci\u00f3n de las cotizaciones sociales.<\/p>\n<p>Un saludo cordial,<\/p>\n<p>COORDINADORA ESTATAL EN DEFENSA DEL SISTEMA P\u00daBLICO DE PENSIONES<\/p>\n<p>Contacto: Domiciano Sandoval<\/p>\n<p>Tlf: 670012782<\/p>\n<p>Prudenci Vidal:<\/p>\n<p>Tlf: 637151417<\/p>\n<p>BARCELONA D\u00cdA 12 \/ 12\/17<\/p>\n<p>C\/ CALABRIA, 66 (AUDITORIO) ACTO: PRESENTE Y FUTURO DE LAS PENSIONES P\u00daBLICAS.<\/p>\n<p>D\u00cdA 13\/12\/17 CONCENTRACI\u00d3N PLAZA URQUINAONA 11,00 HORAS.<\/p>\n<p>MANIFESTACI\u00d3N HACIA LA OFINA DEL SINDIC DE GREUGES.<\/p>\n<p>E mail: mareapensionista@gmail.com P\u00e1g. Web: www.mareapensionista.org<\/p>\n<p>Facebook: marea pensionista comunidad<\/p>","protected":false},"excerpt":{"rendered":"<p>COMUNICADO DE PRENSA LLAMAMIENTO DE LA COORDINADORA ESTATAL POR LA DEFENSA DEL SISTEMA P\u00daBLICO DE PENSIONES. Ante el ataque que est\u00e1 sufriendo nuestro Sistema P\u00fablico de Pensiones, con el PP y Ciudadanos decididos a ponerlo en manos de la especulaci\u00f3n y entreg\u00e1rselo a los bancos y compa\u00f1\u00edas de seguros y el PSOE preocupado por no&hellip;&nbsp;<a href=\"https:\/\/mareapensionista.org\/ca\/2021\/03\/07\/comunicado-de-prensa-llamamiento-de-la-coordinadora-estatal-por-la-defensa-del-sistema-publico-de-pensiones\/\" class=\"\" rel=\"bookmark\">Read More &raquo;<span class=\"screen-reader-text\">COMUNICADO DE PRENSA  LLAMAMIENTO DE LA COORDINADORA ESTATAL POR LA DEFENSA DEL SISTEMA P\u00daBLICO DE PENSIONES.<\/span><\/a><\/p>","protected":false},"author":1,"featured_media":0,"comment_status":"open","ping_status":"open","sticky":false,"template":"","format":"standard","meta":{"neve_meta_sidebar":"","neve_meta_container":"","neve_meta_enable_content_width":"","neve_meta_content_width":0,"neve_meta_title_alignment":"","neve_meta_author_avatar":"","neve_post_elements_order":"","neve_meta_disable_header":"","neve_meta_disable_footer":"","neve_meta_disable_title":"","_ti_tpc_template_sync":false,"_ti_tpc_template_id":"","footnotes":""},"categories":[],"tags":[],"class_list":["post-970","post","type-post","status-publish","format-standard","hentry"],"_links":{"self":[{"href":"https:\/\/mareapensionista.org\/ca\/wp-json\/wp\/v2\/posts\/970","targetHints":{"allow":["GET"]}}],"collection":[{"href":"https:\/\/mareapensionista.org\/ca\/wp-json\/wp\/v2\/posts"}],"about":[{"href":"https:\/\/mareapensionista.org\/ca\/wp-json\/wp\/v2\/types\/post"}],"author":[{"embeddable":true,"href":"https:\/\/mareapensionista.org\/ca\/wp-json\/wp\/v2\/users\/1"}],"replies":[{"embeddable":true,"href":"https:\/\/mareapensionista.org\/ca\/wp-json\/wp\/v2\/comments?post=970"}],"version-history":[{"count":0,"href":"https:\/\/mareapensionista.org\/ca\/wp-json\/wp\/v2\/posts\/970\/revisions"}],"wp:attachment":[{"href":"https:\/\/mareapensionista.org\/ca\/wp-json\/wp\/v2\/media?parent=970"}],"wp:term":[{"taxonomy":"category","embeddable":true,"href":"https:\/\/mareapensionista.org\/ca\/wp-json\/wp\/v2\/categories?post=970"},{"taxonomy":"post_tag","embeddable":true,"href":"https:\/\/mareapensionista.org\/ca\/wp-json\/wp\/v2\/tags?post=970"}],"curies":[{"name":"wp","href":"https:\/\/api.w.org\/{rel}","templated":true}]}}